{"id":32733,"date":"2014-06-16T00:00:00","date_gmt":"2014-06-16T00:00:00","guid":{"rendered":"http:\/\/194.35.43.170\/~aitamenninueva\/juan-carlos-irizar-dirige-coro-8262\/"},"modified":"2022-10-25T13:54:39","modified_gmt":"2022-10-25T13:54:39","slug":"juan-carlos-irizar-dirige-coro-8262","status":"publish","type":"post","link":"https:\/\/ospitalarioakfundazioaeuskadi.org\/es\/juan-carlos-irizar-dirige-coro-8262\/","title":{"rendered":"Juan Carlos Irizar dirige el coro de pacientes del Hospital Aita Menni"},"content":{"rendered":"<div class=\"texto wysiwyg\">\n<p>Convencido de que la m\u00fasica aporta beneficios a las personas, Juan Carlos Irizar contact\u00f3 con <strong>I\u00f1aki Madariaga<\/strong>, psiquiatra y director m\u00e9dico del hospital a mediados de los 90, y le plante\u00f3 la posibilidad de formar un coro de pacientes. Desde entonces, salvo algunos a\u00f1os ausente por distintas circunstancias, este m\u00fasico y compositor organiza <strong>actividades musicales<\/strong> que sirven a los pacientes como complemento al tratamiento que reciben en el centro.<\/p>\n<p>Ayudar con la m\u00fasica a los enfermos, a los m\u00e1s vulnerables, a las personas mayores; hacer que se sientan a gusto, es lo que Juan Carlos Irizar desde siempre ha tenido en mente. No conoc\u00eda ninguna experiencia similar pero su intuici\u00f3n le dec\u00eda que <strong>el canto es terap\u00e9utico y resulta beneficioso ps\u00edquica y f\u00edsicamente<\/strong>. Hoy, si se ve al coro actuar es f\u00e1cil comprender que son ciertos esos beneficios terap\u00e9uticos tan dif\u00edciles de medir y de explicar.<\/p>\n<p><strong>Disfrutar cantando<\/strong><\/p>\n<p>Guiado por esa intuici\u00f3n y atento a cada detalle, el m\u00fasico trabaja una vez por semana con el peque\u00f1o grupo de usuarios que compone el coro. A\u00a0 trav\u00e9s del canto, el ritmo y la m\u00fasica, presta <strong>atenci\u00f3n individual a cada persona<\/strong> y sus necesidades. Juan Carlos ve como mejora su autoestima aunque insiste en decir que recibe m\u00e1s de lo que da. Que el trabajo con los pacientes le llega muy adentro y est\u00e1 detr\u00e1s de muchas de sus composiciones. <strong>\u201cMe siento enriquecido, feliz y renovado despu\u00e9s de cada sesi\u00f3n. El d\u00eda que me vaya me ir\u00e9 llorando\u201d<\/strong>, exclama.<\/p>\n<p>\u2018Yo vendo unos ojos negros\u2019, \u2018M\u00e9xico lindo y querido\u2019, \u2018Ikusi mendizaleak\u2019\u2026 Ayudados por el director, son los propios pacientes quienes escogen el repertorio. \u201cDisfrutan cantando; hay una <strong>reciprocidad<\/strong>, se sienten importantes y protagonistas. Cada vez son m\u00e1s los que quieren ser solistas\u201d, dice orgulloso Juan Carlos mientras remarca que <strong>en los conciertos s\u00f3lo se interpreta un tema si sale bien<\/strong>. <\/p>\n<p>La elecci\u00f3n de Juan Carlos Irizar por parte de las Hermanas Hospitalarias como director responde a su calidad art\u00edstica y a su sensibilidad hacia las personas con enfermedad mental. Esta inquietud le ha llevado a trabajar tambi\u00e9n con otro grupo de pacientes en el vecino hospital de los Hermanos de San Juan de Dios. Su admiraci\u00f3n por la figura del fundador de ambas congregaciones le ha inspirado el <strong>himno a San Benito Menni<\/strong>, que se estrenar\u00e1 en el Acuarium de San Sebasti\u00e1n el <strong>12 de septiembre<\/strong>.<\/p>\n<h3 class=\"w_p_centrado\"><span>Los requisitos principales para participar son el inter\u00e9s y la motivaci\u00f3n<\/span><\/h3>\n<p><p class=\"titulo2\"><strong>Un gran m\u00fasico<\/strong><\/p>\n<p>El director del coro de pacientes del Hospital Aita Menni ha conseguido hacer cantar tambi\u00e9n a algunas de las religiosas de las Hermanas Hospitalarias. Es un profesional con una <strong>prestigiosa y extensa trayectoria musical<\/strong>. Actualmente dirige la banda de m\u00fasica de Galdakao (Bizkaia) y ha dirigido diversas orquestas, bandas de m\u00fasica y coros. Entre su producci\u00f3n art\u00edstica se encuentran numerosas composiciones musicales as\u00ed como m\u00e1s de treinta discos originales para piano y orquesta, y una docena de libros de partituras de m\u00fasica para piano con acompa\u00f1amiento, guitarra y voz.<\/p>\n<p><strong style=\"color: rgb(120, 204, 207); font-family: 'Droid Sans', Arial, sans-serif; font-size: 14px;\">Propiciar el bienestar<\/strong><\/p>\n<p>La actividad de coro que se lleva a cabo en el hospital propicia el bienestar de las personas que asisten. <strong>Se caracteriza por tener una estructura, intencionalidad, organizaci\u00f3n y regularidad en la que se emplea la m\u00fasica como elemento fundamental de trabajo<\/strong>. Los beneficios que obtienen los pacientes con la asistencia regular son:<\/p>\n<p>\u00b7\u00a0\u00a0\u00a0\u00a0\u00a0\u00a0\u00a0 fomento de las <strong>relaciones interpersonales<\/strong> entre los participantes y con el director<\/p>\n<p>\u00b7\u00a0\u00a0\u00a0\u00a0\u00a0\u00a0\u00a0 fomento del <strong>trabajo en equipo<\/strong><\/p>\n<p>\u00b7\u00a0\u00a0\u00a0\u00a0\u00a0\u00a0\u00a0 sentimiento de <strong>pertenencia a un grupo<\/strong><\/p>\n<p>\u00b7\u00a0\u00a0\u00a0\u00a0\u00a0\u00a0\u00a0 mejora de la <strong>escucha, atenci\u00f3n, concentraci\u00f3n<\/strong><\/p>\n<p>\u00b7\u00a0\u00a0\u00a0\u00a0\u00a0\u00a0\u00a0<strong> adaptaci\u00f3n<\/strong> a nuevos y diferentes <strong>ritmos<\/strong>, as\u00ed como tambi\u00e9n a nuevas y diferentes <strong>situaciones<\/strong><\/p>\n<p>\u00b7\u00a0\u00a0\u00a0\u00a0\u00a0\u00a0\u00a0 mejora del <strong>autoestima<\/strong><\/p>\n<p>\u00b7\u00a0\u00a0\u00a0\u00a0\u00a0\u00a0\u00a0 desarrollo de la <strong>creatividad<\/strong><\/p>\n<p>Uno de los aspectos m\u00e1s importantes en la puesta en marcha y la continuidad de la actividad de coro es <strong>que los pacientes se sientan motivados y que disfruten de la actividad<\/strong>. <span>Estos aspectos son de gran importancia, as\u00ed como el rol que adopta el profesor-director para poder <\/span><strong>convertir dicho inter\u00e9s y motivaci\u00f3n en satisfacci\u00f3n<\/strong><span>. Ambos aspectos pueden acentuar sensaciones y vivencias que dif\u00edcilmente se pueden dar en otras actividades.<\/span><\/p>\n<\/div>\n","protected":false},"excerpt":{"rendered":"<div class=\"entry-summary\">\nEl coro tiene una gran acogida por parte de los usuarios, ya que permite a los participantes realizar una actividad social divertida y creativa, que adem\u00e1s mejora su calidad de vida.\n<\/div>\n<div class=\"link-more\"><a href=\"https:\/\/ospitalarioakfundazioaeuskadi.org\/es\/juan-carlos-irizar-dirige-coro-8262\/\" class=\"more-link\">Seguir leyendo<span class=\"screen-reader-text\"> &ldquo;Juan Carlos Irizar dirige el coro de pacientes del Hospital Aita Menni&rdquo;<\/span>&hellip;<\/a><\/div>\n","protected":false},"author":1,"featured_media":27078,"comment_status":"closed","ping_status":"closed","sticky":false,"template":"","format":"standard","meta":{"footnotes":""},"categories":[1032],"tags":[],"linea-asistencial":[],"class_list":["post-32733","post","type-post","status-publish","format-standard","has-post-thumbnail","hentry","category-voluntariado","entry"],"_links":{"self":[{"href":"https:\/\/ospitalarioakfundazioaeuskadi.org\/es\/wp-json\/wp\/v2\/posts\/32733","targetHints":{"allow":["GET"]}}],"collection":[{"href":"https:\/\/ospitalarioakfundazioaeuskadi.org\/es\/wp-json\/wp\/v2\/posts"}],"about":[{"href":"https:\/\/ospitalarioakfundazioaeuskadi.org\/es\/wp-json\/wp\/v2\/types\/post"}],"author":[{"embeddable":true,"href":"https:\/\/ospitalarioakfundazioaeuskadi.org\/es\/wp-json\/wp\/v2\/users\/1"}],"replies":[{"embeddable":true,"href":"https:\/\/ospitalarioakfundazioaeuskadi.org\/es\/wp-json\/wp\/v2\/comments?post=32733"}],"version-history":[{"count":1,"href":"https:\/\/ospitalarioakfundazioaeuskadi.org\/es\/wp-json\/wp\/v2\/posts\/32733\/revisions"}],"predecessor-version":[{"id":41763,"href":"https:\/\/ospitalarioakfundazioaeuskadi.org\/es\/wp-json\/wp\/v2\/posts\/32733\/revisions\/41763"}],"wp:featuredmedia":[{"embeddable":true,"href":"https:\/\/ospitalarioakfundazioaeuskadi.org\/es\/wp-json\/wp\/v2\/media\/27078"}],"wp:attachment":[{"href":"https:\/\/ospitalarioakfundazioaeuskadi.org\/es\/wp-json\/wp\/v2\/media?parent=32733"}],"wp:term":[{"taxonomy":"category","embeddable":true,"href":"https:\/\/ospitalarioakfundazioaeuskadi.org\/es\/wp-json\/wp\/v2\/categories?post=32733"},{"taxonomy":"post_tag","embeddable":true,"href":"https:\/\/ospitalarioakfundazioaeuskadi.org\/es\/wp-json\/wp\/v2\/tags?post=32733"},{"taxonomy":"linea-asistencial","embeddable":true,"href":"https:\/\/ospitalarioakfundazioaeuskadi.org\/es\/wp-json\/wp\/v2\/linea-asistencial?post=32733"}],"curies":[{"name":"wp","href":"https:\/\/api.w.org\/{rel}","templated":true}]}}