{"id":32824,"date":"2019-01-30T00:00:00","date_gmt":"2019-01-30T00:00:00","guid":{"rendered":"http:\/\/194.35.43.170\/~aitamenninueva\/maldatxo-celebramos-blas-adelantado-12735\/"},"modified":"2022-12-09T10:52:50","modified_gmt":"2022-12-09T10:52:50","slug":"maldatxo-celebramos-blas-adelantado-12735","status":"publish","type":"post","link":"https:\/\/ospitalarioakfundazioaeuskadi.org\/es\/maldatxo-celebramos-blas-adelantado-12735\/","title":{"rendered":"En Maldatxo, celebramos San Blas por adelantado"},"content":{"rendered":"<div class=\"texto wysiwyg\">\n<p>Este a\u00f1o tambi\u00e9n, como viene siendo costumbre en el <a href=\"..\/psiquiatria\/centros-rehabilitacion-psicosocial\/index.html\" target=\"_blank\" rel=\"noopener\">CRPS Maldatxo<\/a>\u00a0(Donostia-San Sebasti\u00e1n), celebramos el d\u00eda de San Blas en nuestro centro.<\/p>\n<p>Teniendo en cuenta, que este a\u00f1o, el d\u00eda 3 de febrero cae en domingo, decidimos adelantar la celebraci\u00f3n de la festividad y hacerlo elaborando la tradicional torta de San Blas. Y lo hemos hecho esta semana.<\/p>\n<p>Todos pusimos nuestro granito de arena en la elaboraci\u00f3n de la torta, por lo que el resultado, como puede verse en la foto, fue \u00a1fant\u00e1stico! Nos llev\u00f3 toda la ma\u00f1ana su elaboraci\u00f3n. Tuvimos que pesar los ingredientes, mezclarlos, conseguir una masa con la textura adecuada para poderla hornear&#8230; El glaseado de encima tambi\u00e9n tiene su dificultad, ya que hay que mezclar sin descanso. Pero teniendo en cuenta lo que nos gusta la cocina, disfrutamos mucho con el trabajo en equipo y la participaci\u00f3n activa de todos. <\/p>\n<p>Aqu\u00ed abajo podr\u00e9is ver dos fotos m\u00e1s que demuestran lo bien que organizamos el trabajo y por qu\u00e9 el resultado fue excelente. Y si el aspecto es bueno, \u00a1el sabor es mucho mejor!<\/p>\n<p>ON EGIN! <\/p>\n<p><img decoding=\"async\" src=\"https:\/\/www.ospitalarioakfundazioaeuskadi.org\/wp-content\/uploads\/2021\/10\/elaboracion-tortas-san-blas-0-1.jpg\" alt=\"\" title=\"\"><\/p><\/div>\n","protected":false},"excerpt":{"rendered":"<div class=\"entry-summary\">\nAl caer el d\u00eda 3 de febrero en domingo, decidimos elaborar la semana anterior la tradicional torta de San Blas. Como nos gusta tanto la cocina, disfrutamos much\u00edsimo con el trabajo en equipo y la participaci\u00f3n activa de todas las personas usuarias.\n<\/div>\n<div class=\"link-more\"><a href=\"https:\/\/ospitalarioakfundazioaeuskadi.org\/es\/maldatxo-celebramos-blas-adelantado-12735\/\" class=\"more-link\">Seguir leyendo<span class=\"screen-reader-text\"> &ldquo;En Maldatxo, celebramos San Blas por adelantado&rdquo;<\/span>&hellip;<\/a><\/div>\n","protected":false},"author":1,"featured_media":26229,"comment_status":"closed","ping_status":"closed","sticky":false,"template":"","format":"standard","meta":{"footnotes":""},"categories":[646,1027],"tags":[],"linea-asistencial":[979],"class_list":["post-32824","post","type-post","status-publish","format-standard","has-post-thumbnail","hentry","category-aita-menni","category-crps-maldatxo","linea-asistencial-1-salud-mental","entry"],"_links":{"self":[{"href":"https:\/\/ospitalarioakfundazioaeuskadi.org\/es\/wp-json\/wp\/v2\/posts\/32824","targetHints":{"allow":["GET"]}}],"collection":[{"href":"https:\/\/ospitalarioakfundazioaeuskadi.org\/es\/wp-json\/wp\/v2\/posts"}],"about":[{"href":"https:\/\/ospitalarioakfundazioaeuskadi.org\/es\/wp-json\/wp\/v2\/types\/post"}],"author":[{"embeddable":true,"href":"https:\/\/ospitalarioakfundazioaeuskadi.org\/es\/wp-json\/wp\/v2\/users\/1"}],"replies":[{"embeddable":true,"href":"https:\/\/ospitalarioakfundazioaeuskadi.org\/es\/wp-json\/wp\/v2\/comments?post=32824"}],"version-history":[{"count":1,"href":"https:\/\/ospitalarioakfundazioaeuskadi.org\/es\/wp-json\/wp\/v2\/posts\/32824\/revisions"}],"predecessor-version":[{"id":53351,"href":"https:\/\/ospitalarioakfundazioaeuskadi.org\/es\/wp-json\/wp\/v2\/posts\/32824\/revisions\/53351"}],"wp:featuredmedia":[{"embeddable":true,"href":"https:\/\/ospitalarioakfundazioaeuskadi.org\/es\/wp-json\/wp\/v2\/media\/26229"}],"wp:attachment":[{"href":"https:\/\/ospitalarioakfundazioaeuskadi.org\/es\/wp-json\/wp\/v2\/media?parent=32824"}],"wp:term":[{"taxonomy":"category","embeddable":true,"href":"https:\/\/ospitalarioakfundazioaeuskadi.org\/es\/wp-json\/wp\/v2\/categories?post=32824"},{"taxonomy":"post_tag","embeddable":true,"href":"https:\/\/ospitalarioakfundazioaeuskadi.org\/es\/wp-json\/wp\/v2\/tags?post=32824"},{"taxonomy":"linea-asistencial","embeddable":true,"href":"https:\/\/ospitalarioakfundazioaeuskadi.org\/es\/wp-json\/wp\/v2\/linea-asistencial?post=32824"}],"curies":[{"name":"wp","href":"https:\/\/api.w.org\/{rel}","templated":true}]}}