{"id":32925,"date":"2015-10-15T00:00:00","date_gmt":"2015-10-15T00:00:00","guid":{"rendered":"http:\/\/194.35.43.170\/~aitamenninueva\/mundial-salud-mental-derechos-personas-9642\/"},"modified":"2023-01-19T22:58:02","modified_gmt":"2023-01-19T22:58:02","slug":"mundial-salud-mental-derechos-personas-9642","status":"publish","type":"post","link":"https:\/\/ospitalarioakfundazioaeuskadi.org\/es\/mundial-salud-mental-derechos-personas-9642\/","title":{"rendered":"D\u00eda Mundial de la Salud Mental, un d\u00eda por los derechos de las personas con trastornos mentales"},"content":{"rendered":"<div class=\"texto wysiwyg\">\n<p><span>El D\u00eda Mundial de la Salud Mental se conmemora todos los 10 de octubre,\u00a0con una campa\u00f1a que busca sensibilizar a la sociedad, concentrar su atenci\u00f3n y acrecentar la conciencia en torno a los problemas relacionados con la salud mental. Este a\u00f1o, el D\u00eda Mundial de la Salud Mental se centr\u00f3 en el lema \u201cDignidad y Salud Mental\u201d.\u00a0<\/span><\/p>\n<p><span>El Hospital Aita Menni trabaja cada d\u00eda en la <\/span><a href=\"..\/psiquiatria\/index.html\" title=\"Psiquiatr\u00eda\" target=\"_blank\" rel=\"noopener\">atenci\u00f3n en salud mental<\/a><span>,\u00a0<\/span><span>promoviendo un <\/span><strong style=\"line-height: 15pt; text-align: justify;\"><span>enfoque de respeto hacia las personas con enfermedad mental<\/span><\/strong><span>.<\/span><\/p>\n<p><span>Con motivo del <\/span>D\u00eda Mundial de la Salud Mental<span>, desde el HAM recordamos lo importante que es respetar la dignidad de las personas con trastornos mentales.<\/span><\/p>\n<p><span>Y como no pod\u00eda ser de otra manera, organizamos una divertida jornada de celebraci\u00f3n, que consisti\u00f3 en un jugar un<span>\u00a0<\/span><strong>partido de f\u00fatbol en el Polideportivo de Musakola contra el equipo del vecino Hospital San Juan de Dios<\/strong>, por la ma\u00f1ana, y en una<span>\u00a0<\/span><strong>fiesta para los pacientes de nuestro Hospital<\/strong>, por la tarde.\u00a0<\/span><\/p>\n<\/div>\n","protected":false},"excerpt":{"rendered":"<div class=\"entry-summary\">\nNos sumamos a la jornada de celebraci\u00f3n, centrada este a\u00f1o en el lema \u201cDignidad y Salud Mental\u201d\n<\/div>\n<div class=\"link-more\"><a href=\"https:\/\/ospitalarioakfundazioaeuskadi.org\/es\/mundial-salud-mental-derechos-personas-9642\/\" class=\"more-link\">Seguir leyendo<span class=\"screen-reader-text\"> &ldquo;D\u00eda Mundial de la Salud Mental, un d\u00eda por los derechos de las personas con trastornos mentales&rdquo;<\/span>&hellip;<\/a><\/div>\n","protected":false},"author":1,"featured_media":31914,"comment_status":"closed","ping_status":"closed","sticky":false,"template":"","format":"standard","meta":{"footnotes":""},"categories":[1],"tags":[],"linea-asistencial":[],"class_list":["post-32925","post","type-post","status-publish","format-standard","has-post-thumbnail","hentry","category-sin-categorizar","entry"],"_links":{"self":[{"href":"https:\/\/ospitalarioakfundazioaeuskadi.org\/es\/wp-json\/wp\/v2\/posts\/32925","targetHints":{"allow":["GET"]}}],"collection":[{"href":"https:\/\/ospitalarioakfundazioaeuskadi.org\/es\/wp-json\/wp\/v2\/posts"}],"about":[{"href":"https:\/\/ospitalarioakfundazioaeuskadi.org\/es\/wp-json\/wp\/v2\/types\/post"}],"author":[{"embeddable":true,"href":"https:\/\/ospitalarioakfundazioaeuskadi.org\/es\/wp-json\/wp\/v2\/users\/1"}],"replies":[{"embeddable":true,"href":"https:\/\/ospitalarioakfundazioaeuskadi.org\/es\/wp-json\/wp\/v2\/comments?post=32925"}],"version-history":[{"count":2,"href":"https:\/\/ospitalarioakfundazioaeuskadi.org\/es\/wp-json\/wp\/v2\/posts\/32925\/revisions"}],"predecessor-version":[{"id":57862,"href":"https:\/\/ospitalarioakfundazioaeuskadi.org\/es\/wp-json\/wp\/v2\/posts\/32925\/revisions\/57862"}],"wp:featuredmedia":[{"embeddable":true,"href":"https:\/\/ospitalarioakfundazioaeuskadi.org\/es\/wp-json\/wp\/v2\/media\/31914"}],"wp:attachment":[{"href":"https:\/\/ospitalarioakfundazioaeuskadi.org\/es\/wp-json\/wp\/v2\/media?parent=32925"}],"wp:term":[{"taxonomy":"category","embeddable":true,"href":"https:\/\/ospitalarioakfundazioaeuskadi.org\/es\/wp-json\/wp\/v2\/categories?post=32925"},{"taxonomy":"post_tag","embeddable":true,"href":"https:\/\/ospitalarioakfundazioaeuskadi.org\/es\/wp-json\/wp\/v2\/tags?post=32925"},{"taxonomy":"linea-asistencial","embeddable":true,"href":"https:\/\/ospitalarioakfundazioaeuskadi.org\/es\/wp-json\/wp\/v2\/linea-asistencial?post=32925"}],"curies":[{"name":"wp","href":"https:\/\/api.w.org\/{rel}","templated":true}]}}