{"id":32938,"date":"2014-04-17T00:00:00","date_gmt":"2014-04-17T00:00:00","guid":{"rendered":"http:\/\/194.35.43.170\/~aitamenninueva\/nati-regos-8220aita-menni-parte-8067\/"},"modified":"2022-10-25T13:54:42","modified_gmt":"2022-10-25T13:54:42","slug":"nati-regos-8220aita-menni-parte-8067","status":"publish","type":"post","link":"https:\/\/ospitalarioakfundazioaeuskadi.org\/es\/nati-regos-8220aita-menni-parte-8067\/","title":{"rendered":"Nati Regos: &#8216;Aita Menni es parte de mi familia&#8217;"},"content":{"rendered":"<div class=\"texto wysiwyg\">\n<p>&#8211;\u00a0\u00a0\u00a0\u00a0\u00a0\u00a0\u00a0\u00a0\u00a0 <strong>\u00bfCu\u00e1ndo comenzaste a trabajar en el Hospital? <\/strong><\/p>\n<p>En el a\u00f1o 1971, con 16 a\u00f1os reci\u00e9n cumplidos, entr\u00e9 de recepcionista. Ten\u00eda el bachiller y estudios de mecanograf\u00eda, porque mi idea era entrar a trabajar en alguna empresa. Pero el trabajo aqu\u00ed, que entonces se llamaba Sanatorio Psiqui\u00e1trico de Santa \u00c1gueda, me capt\u00f3.<\/p>\n<p>&#8211; \u00a0\u00a0<strong>\u00bfQu\u00e9 recuerdas de tu tiempo en la recepci\u00f3n?<\/strong><\/p>\n<p>Estuve siete a\u00f1os en ese puesto, hasta que tuve mi primer hijo. Llegu\u00e9 siendo una ni\u00f1a, la ni\u00f1a de todas, la \u00fanica trabajadora que era de la calle. Cinco a\u00f1os m\u00e1s tarde me cas\u00e9 en la iglesia de aqu\u00ed, trabajando aqu\u00ed fui madre, trabajando aqu\u00ed enviud\u00e9 y he tenido dos nietos. <\/p>\n<p>Recuerdo que la centralita era negra, las extensiones ten\u00edan una palanquita y para hacer la llamada hab\u00eda que darle a una manivela. Cuando se encend\u00eda una luz verde hab\u00eda que descolgar un auricular negro muy grande. Luego, al poco tiempo se cambi\u00f3.<\/p>\n<p>\u00a0 \u00a0 \u00a0 \u00a0<img decoding=\"async\" src=\"https:\/\/www.ospitalarioakfundazioaeuskadi.org\/wp-content\/uploads\/2021\/10\/nati_joven1w-0-1.jpg\" alt=\"Nati reci\u00e9n llegada a la recepci\u00f3n del Hospital aita Menni.\" title=\"\"><\/p>\n<p>&#8211;\u00a0\u00a0\u00a0\u00a0\u00a0\u00a0\u00a0\u00a0\u00a0 <strong>Han pasado m\u00e1s de cuatro d\u00e9cadas, \u00bfc\u00f3mo era la instituci\u00f3n?<\/strong><\/p>\n<p>La comunidad de Hermanas era muy numerosa y muy joven; hab\u00eda m\u00e1s de cien religiosas. Las pacientes rondaban las 1.200, todas mujeres, de Bizkaia, Gipuzkoa y, en aquel momento, tambi\u00e9n de Burgos, que pasados un par de a\u00f1os se llevaron a O\u00f1a. La mayor\u00eda eran tambi\u00e9n muy j\u00f3venes.<\/p>\n<p>&#8211;\u00a0\u00a0\u00a0\u00a0\u00a0\u00a0\u00a0\u00a0\u00a0 <strong>\u00bfQu\u00e9 ocurri\u00f3 despu\u00e9s?<\/strong><\/p>\n<p>En 1978 tuve mi primer hijo y ped\u00ed una excedencia. Mi vuelta coincidi\u00f3 con un cambio de superiora. La nueva direcci\u00f3n decidi\u00f3 enviarme a las unidades, que eran pabellones, con dormitorios de 24 o 30 camas corridas. Coincidi\u00f3 que unas cuantas religiosas se estaban sacando el t\u00edtulo de auxiliar de cl\u00ednica, aunque todav\u00eda no era obligatorio para ejercer, y me sugirieron que me sacara el t\u00edtulo con ellas. Nos prepararon los m\u00e9dicos y enfermeras que trabajaban aqu\u00ed, y nos examinamos en Donosti. Aprobamos todas.<\/p>\n<p>Durante dos a\u00f1os, hasta la llegada de mi segundo hijo trabaj\u00e9 en el Sagrado Coraz\u00f3n o el Pensionado, donde viv\u00edan los enfermos psiqui\u00e1tricos m\u00e1s pudientes. A la vuelta de mi segunda excedencia me incorpor\u00e9 a la unidad de retraso mental. Luego me destinaron al edificio San Rafael, que es donde estaban las enfermas de esquizofrenia m\u00e1s graves, las m\u00e1s \u201clocas\u201d. Y ah\u00ed encaj\u00e9 yo divinamente. Para m\u00ed la palabra loco no tiene ninguna connotaci\u00f3n negativa. Ellas son mis loquitas, mis enfermas. Lo digo siempre con todo el cari\u00f1o.<\/p>\n<p>El gran cambio fue en el a\u00f1o 1985, cuando todas las pacientes pasaron al edificio nuevo. Pasamos de dormitorios corridos tipo la pel\u00edcula \u2018Alguien vol\u00f3 sobre el nido del cuco\u2019 a habitaciones de dos camas con ba\u00f1o. Tal y como las conocemos ahora; cada paciente pod\u00eda personalizarlas y ten\u00eda su armario.<\/p>\n<p>&#8211;\u00a0\u00a0\u00a0\u00a0\u00a0\u00a0\u00a0\u00a0\u00a0 <strong>Eras auxiliar de cl\u00ednica pero en aquella \u00e9poca asumiste bastante responsabilidad.<\/strong><\/p>\n<p>S\u00ed. En el a\u00f1o 1989 la madre superiora y la hermana gerente me propusieron ser la encargada de la Unidad de San Juan de Dios, una especie de gobernanta. El \u2018experimento\u2019 sali\u00f3 bien. Era la primera vez que alguien de fuera de la comunidad religiosa se hac\u00eda responsable del mantenimiento del edificio, de compras, reposiciones, de administrar el dinero que los familiares de los pacientes depositaban para sus gastos corrientes: tomarse un caf\u00e9, comprar ropa, etc. <\/p>\n<p>Desempe\u00f1\u00e9 es<a name=\"_GoBack\" id=\"_GoBack\"><\/a>a tarea hasta 1992, cuando cog\u00ed mi tercera excedencia voluntaria. Estaba en una de esas fases en la que te encuentras saturada y tienes que elegir, y eleg\u00ed marcharme un a\u00f1o. <\/p>\n<p>Fue una \u00e9poca de muchos cambios. Cada vez hab\u00eda m\u00e1s seglares en el hospital y el centro se hab\u00eda abierto a pacientes varones. <\/p>\n<p><img decoding=\"async\" src=\"https:\/\/www.ospitalarioakfundazioaeuskadi.org\/wp-content\/uploads\/2021\/10\/nati-regos1-0-1.jpg\" alt=\"\" title=\"\"><\/p>\n<p>&#8211;\u00a0\u00a0\u00a0\u00a0\u00a0\u00a0\u00a0\u00a0\u00a0 <strong>Y a tu regreso nuevos retos.<\/strong><\/p>\n<p>La direcci\u00f3n consider\u00f3 que yo era la persona adecuada para gestionar la lavander\u00eda y all\u00ed me destinaron. Fui la responsable durante 10 a\u00f1os. Era un trabajo duro, en el que se me iba la vida. Contaba con cuatro personas del exterior y la ayuda de 23 pacientes. Luego el servicio se subcontrat\u00f3, y vuelta a cambiar de puesto.<\/p>\n<p>&#8211;\u00a0\u00a0\u00a0\u00a0\u00a0\u00a0\u00a0\u00a0\u00a0 <strong>Nuevas oportunidades, nuevas ilusiones\u2026<\/strong><\/p>\n<p>Cierto. Hay m\u00e9dicos que incluso dicen que no es conveniente estar m\u00e1s de tres a\u00f1os en el mismo puesto, que se cogen vicios y se pierde ilusi\u00f3n. <\/p>\n<p>Me incorpor\u00e9 como monitora al hospital de d\u00eda, hoy centro de d\u00eda. Yo organizaba un taller para 13 pacientes psiqui\u00e1tricos que ven\u00edan por la ma\u00f1ana. Ahora por las ma\u00f1ana trabajo en el RAM, Residencia Aita Menni, con abuelitos enfermos de alzh\u00e9imer. Por la tarde me ocupaba y me ocupo de los pisos donde viven pacientes de Aita Menni. Son tres viviendas y nosotros, un equipo compuesto por un trabajador social, un psic\u00f3logo, una enfermera, un psiquiatra y yo de monitora. <\/p>\n<p>En los pisos viven enfermas mentales de una media de 60 a\u00f1os que trabajan por las ma\u00f1anas en el taller del hospital. Son dos pisos de cuatro personas y uno de seis. Tienen mejor calidad de vida que en el hospital, no dan problemas en sociedad; en casa s\u00ed, entre ellas. Mi trabajo consiste en supervisar que est\u00e9n en buen estado, ellas y las casas: observar si cumplen las dietas, si rotan en los turnos de limpieza y cocina, el buen uso del dinero que les concede Trabajo Social\u2026 <\/p>\n<p>&#8211;\u00a0\u00a0\u00a0\u00a0\u00a0\u00a0\u00a0\u00a0\u00a0 <strong>La psiquiatr\u00eda es uno de las especialidades emblem\u00e1ticas de Aita Menni, \u00bfqu\u00e9 tal se convive con la enfermedad mental? <\/strong><\/p>\n<p>La locura es casi normalidad para m\u00ed. Muchas veces pienso que nuestros enfermos est\u00e1n mucho mejor que muchas personas que est\u00e1n fuera del hospital sin diagnosticar y no est\u00e1n controladas. Yo no llamo a ninguna de las pacientes por su nombre sino Angelines, Conchita, Felicitas\u2026 A todas por el diminutivo, con cari\u00f1o, porque hemos vivido y crecido as\u00ed. Actualmente hay mucho personal pero al principio, cuando no hab\u00eda animadores socioculturales, para las hermanas que trabajaban como trabajadores sociales yo era Nati para todo: hab\u00eda que organizar una t\u00f3mbola, Nati; hab\u00eda que elegir miss hospital, Nati\u2026<\/p>\n<h3 class=\"w_p_centrado titulo3\" style=\"background-image: url(\"><strong>\u201cLa locura es normalidad para m\u00ed\u201d<\/strong><\/h3>\n<p>&#8211;\u00a0\u00a0\u00a0\u00a0\u00a0\u00a0\u00a0\u00a0\u00a0 <strong>Durante todos estos a\u00f1os han pasado muchos pacientes por Aita Menni, habr\u00e1 habido an\u00e9cdotas, curiosidades, personajes famosos como el poeta Leopoldo Panero que ha fallecido recientemente. <\/strong><\/p>\n<p>Recuerdo noticias impactantes, como el ingreso del pol\u00edtico Juan Maria Bandr\u00e9s y el ciclista Javier\u00a0Otxoa en la <a href=\"https:\/\/ospitalarioakfundazioaeuskadi.org\/es\/que-hacemos\/neurorrehabilitacion-dano-cerebral\/\" title=\"La Red Menni en el Pa\u00eds Vasco\">Unidad de Da\u00f1o Cerebral<\/a>. O coincidir con Panero y su locura en la barra de nuestra cafeter\u00eda, decirle \u201cbuenas tardes\u201d y escuchar su discurso sobre la antipsiquiatr\u00eda. Con Panero era todo locura; imposible seguir una conversaci\u00f3n.<\/p>\n<p><img decoding=\"async\" src=\"https:\/\/www.ospitalarioakfundazioaeuskadi.org\/wp-content\/uploads\/2021\/10\/nati-regos2-0-1.jpg\" alt=\"\" title=\"\"><\/p>\n<p>&#8211;\u00a0\u00a0\u00a0\u00a0\u00a0\u00a0\u00a0\u00a0\u00a0 <strong>Y despu\u00e9s de tantos a\u00f1os, \u00bfcu\u00e1l es el balance que haces de tu vida laboral? <\/strong><\/p>\n<p>La primera \u00e9poca para m\u00ed fue especial porque era muy familiar. Hubo un tiempo en el que las distancias jer\u00e1rquicas entre los trabajadores se agrandaron, no s\u00e9 si por el tipo de direcci\u00f3n, y luego se volvieron a relajar. Para este tipo de trabajo se necesita paciencia y yo tengo facilidad para desconectar en cuanto cojo el coche y salgo del hospital. Pero dicen que pronto los pisos ser\u00e1n mixtos, de hombres y mujeres; \u00a0yo prefiero que aguanten un poco m\u00e1s as\u00ed. Si las cosas van bien, en 2016 me jubilo. <\/p>\n<p>El balance es en general positivo. Mis primeros miedos eran infundados. S\u00f3lo he visto una camisa de fuerza en el museo que hay aqu\u00ed. Para m\u00ed \u2013insisto-, la locura es normal. En esta casa \u201chemos crecido locos a la vez\u201d, como dec\u00eda un psiquiatra con el que trabaj\u00e9. Y si soy como soy es porque la congregaci\u00f3n me ha moldeado. He tratado a las personas enfermas siempre siguiendo el consejo que me dio sor Francisca Larrea: \u201cT\u00fa act\u00faa como te gustar\u00eda que te tratasen a ti y dir\u00edgete a ellas como te gustar\u00eda que se dirigiesen a ti\u201d. No tendr\u00eda palabras para especificar qu\u00e9 es el hospital para m\u00ed: es como mi familia, y mi familia es la mejor del mundo, aunque, como en todas, a veces nos tiremos de los pelos.\u00a0<\/p>\n<\/div>\n","protected":false},"excerpt":{"rendered":"<div class=\"entry-summary\">\nLa monitora Nati Regos es testigo de excepci\u00f3n de la historia del Hospital Aita Menni, es una de las profesionales m\u00e1s veteranas de la plantilla. Comenz\u00f3 a trabajar con las Hermanas Hospitalarias con tan solo 16 a\u00f1os. Cuarenta y tres a\u00f1os despu\u00e9s, para ella el centro es su casa, y pacientes y compa\u00f1eros forman parte de su familia. Y ya sabemos lo que pasa con la familia, cuenta orgullosa, &#8216;a veces te tiras de los pelos pero tu familia siempre es la mejor del mundo&#8217;.\n<\/div>\n<div class=\"link-more\"><a href=\"https:\/\/ospitalarioakfundazioaeuskadi.org\/es\/nati-regos-8220aita-menni-parte-8067\/\" class=\"more-link\">Seguir leyendo<span class=\"screen-reader-text\"> &ldquo;Nati Regos: &#8216;Aita Menni es parte de mi familia&#8217;&rdquo;<\/span>&hellip;<\/a><\/div>\n","protected":false},"author":1,"featured_media":27018,"comment_status":"closed","ping_status":"closed","sticky":false,"template":"","format":"standard","meta":{"footnotes":""},"categories":[1],"tags":[],"linea-asistencial":[],"class_list":["post-32938","post","type-post","status-publish","format-standard","has-post-thumbnail","hentry","category-sin-categorizar","entry"],"_links":{"self":[{"href":"https:\/\/ospitalarioakfundazioaeuskadi.org\/es\/wp-json\/wp\/v2\/posts\/32938","targetHints":{"allow":["GET"]}}],"collection":[{"href":"https:\/\/ospitalarioakfundazioaeuskadi.org\/es\/wp-json\/wp\/v2\/posts"}],"about":[{"href":"https:\/\/ospitalarioakfundazioaeuskadi.org\/es\/wp-json\/wp\/v2\/types\/post"}],"author":[{"embeddable":true,"href":"https:\/\/ospitalarioakfundazioaeuskadi.org\/es\/wp-json\/wp\/v2\/users\/1"}],"replies":[{"embeddable":true,"href":"https:\/\/ospitalarioakfundazioaeuskadi.org\/es\/wp-json\/wp\/v2\/comments?post=32938"}],"version-history":[{"count":1,"href":"https:\/\/ospitalarioakfundazioaeuskadi.org\/es\/wp-json\/wp\/v2\/posts\/32938\/revisions"}],"predecessor-version":[{"id":53674,"href":"https:\/\/ospitalarioakfundazioaeuskadi.org\/es\/wp-json\/wp\/v2\/posts\/32938\/revisions\/53674"}],"wp:featuredmedia":[{"embeddable":true,"href":"https:\/\/ospitalarioakfundazioaeuskadi.org\/es\/wp-json\/wp\/v2\/media\/27018"}],"wp:attachment":[{"href":"https:\/\/ospitalarioakfundazioaeuskadi.org\/es\/wp-json\/wp\/v2\/media?parent=32938"}],"wp:term":[{"taxonomy":"category","embeddable":true,"href":"https:\/\/ospitalarioakfundazioaeuskadi.org\/es\/wp-json\/wp\/v2\/categories?post=32938"},{"taxonomy":"post_tag","embeddable":true,"href":"https:\/\/ospitalarioakfundazioaeuskadi.org\/es\/wp-json\/wp\/v2\/tags?post=32938"},{"taxonomy":"linea-asistencial","embeddable":true,"href":"https:\/\/ospitalarioakfundazioaeuskadi.org\/es\/wp-json\/wp\/v2\/linea-asistencial?post=32938"}],"curies":[{"name":"wp","href":"https:\/\/api.w.org\/{rel}","templated":true}]}}