{"id":32988,"date":"2021-03-03T00:00:00","date_gmt":"2021-03-03T00:00:00","guid":{"rendered":"http:\/\/194.35.43.170\/~aitamenninueva\/nuestra-unidad-psiquiatria-legal-sigue-14227\/"},"modified":"2022-12-09T10:52:14","modified_gmt":"2022-12-09T10:52:14","slug":"nuestra-unidad-psiquiatria-legal-sigue-14227","status":"publish","type":"post","link":"https:\/\/ospitalarioakfundazioaeuskadi.org\/es\/nuestra-unidad-psiquiatria-legal-sigue-14227\/","title":{"rendered":"Nuestra Unidad de Psiquiatr\u00eda Legal sigue despertando inter\u00e9s en el \u00e1mbito jur\u00eddico"},"content":{"rendered":"<div class=\"texto wysiwyg\">\n<p>Ocho a\u00f1os despu\u00e9s de su <a href=\"..\/psiquiatria\/psiquiatria-legal\/unidad-psiquiatria-legal.html\" target=\"_blank\" rel=\"noopener\">inauguraci\u00f3n<\/a>,\u00a0<span style=\"color: rgb(85, 85, 85); font-family: \">la Unidad de Psiquiatr\u00eda Legal (UPL)\u00a0del Hospital Aita Menni sigue despertando inter\u00e9s entre el colectivo de juristas; quiz\u00e1 porque todav\u00eda somos el \u00fanico centro sanitario-psiqui\u00e1trico de Espa\u00f1a donde ingresan y reciben atenci\u00f3n personas con enfermedad mental grave con causas penales.<\/span><\/p>\n<p>Para hablar de esta realidad, <b>I\u00f1aki Madariaga<\/b>, psiquiatra-jefe cl\u00ednico de la Unidad Psiquiatr\u00eda Legal, y <b>Macarena Aspiunza<\/b>, psic\u00f3loga forense, intervinieron el <a href=\"http:\/\/www.actiweb.es\/inxurga\/\" target=\"_blank\" rel=\"noopener nofollow\">IV Congreso IN.XURGA<\/a> que,\u00a0<span>bajo el t\u00edtulo gen\u00e9rico \u2018<\/span><b style=\"color: rgb(85, 85, 85); font-family: \">Derecho a ejercer los derechos<\/b><span style=\"color: rgb(85, 85, 85); font-family: \">\u2019, organiz\u00f3 la asociaci\u00f3n de Xuristas (Juristas) de Galicia por la Inclusi\u00f3n.<\/span><\/p>\n<p><img decoding=\"async\" class=\"w_img_derecha\" src=\"https:\/\/www.ospitalarioakfundazioaeuskadi.org\/wp-content\/uploads\/2021\/10\/madariaga-y-aspiunza.jpg\" alt=\"\" title=\"\">Se estima que aproximadamente un 25% de la poblaci\u00f3n reclusa presenta alg\u00fan tipo de enfermedad psiqui\u00e1trica. Es decir, de las 60.000 personas internadas en instituciones penitenciarias en Espa\u00f1a, 15.000 tienen alguna enfermedad mental diagnosticada, de las cuales al menos un 7% alcanza un grado moderado-grave. De hecho, <b>entre el 40-60% de las demandas de atenci\u00f3n sanitaria en la c\u00e1rcel est\u00e1n relacionadas con la enfermedad psiqui\u00e1trica<\/b>.<\/p>\n<p>Nuestro proyecto asistencial<\/p>\n<p>Los doctores\u00a0<b>I\u00f1aki Madariaga<\/b> y <b>Macarena\u00a0Aispunza<\/b> explicaron en su exposici\u00f3n que nuestro proyecto asistencial se enmarca dentro del concepto de \u2018<a href=\"aita-menni-comparte-pionera-experiencia-10456.html\" target=\"_blank\" rel=\"noopener\">justicia terap\u00e9utica<\/a>\u2019, que conjuga la aplicaci\u00f3n de la ley y la asistencia a la salud mental. Mejorar la gesti\u00f3n de la atenci\u00f3n sanitaria para las personas m\u00e1s desfavorecidas forma parte tambi\u00e9n de nuestra misi\u00f3n hospitalaria. <\/p>\n<p><b><span style=\"font-size:10.0pt;font-family:\">La UPL (Hospital Psiqui\u00e1trico Aita Menni-Arrasate-Mondrag\u00f3n\/Guipuzkoa) fue creada por Hermanas Hospitalarias Aita Menni con el convencimiento de que las personas que han cometido un delito debido a su enfermedad mental no deber\u00edan estar en un entorno carcelario<\/span><\/b><span style=\"font-size:10.0pt;font-family:\">. Est\u00e1 amparada judicial, administrativa y financieramente por instituciones como la Audiencia Provincial de Gipuzkoa y la Direcci\u00f3n del \u00c1rea Sanitaria de Gipuzkoa del Gobierno Vasco. Por tanto est\u00e1 destinada a atender a pacientes mentales graves que a consecuencia de su enfermedad mental se han visto implicados en actos delictivos graves y con significativa repercusi\u00f3n legal.<\/span><\/p>\n<p><span>En estos momentos,\u00a0<\/span><b><span style=\"font-size:&#10;10.0pt;font-family:\">nuestra <a href=\"..\/psiquiatria\/psiquiatria-legal\/index.html\" target=\"_blank\" rel=\"noopener\">Unidad de Psiquiatr\u00eda Legal<\/a> proporciona asistencia a 20 pacientes, hombres y mujeres<\/span><\/b><span style=\"font-size:10.0pt;font-family:\">. Su modelo de funcionamiento se encuentra pr\u00f3ximo al marco asistencial propio de una unidad de media estancia psiqui\u00e1trica, si bien tanto instalaciones como protocolos de actuaci\u00f3n son los adecuados para ser todav\u00eda m\u00e1s garantes en \u00e1mbitos vinculados con la de seguridad.\u00a0<\/span><i><span style=\"font-size:10.0pt;font-family:\">\u201cSe diferencia fundamentalmente en la existencia de un elevado \u2018plus\u2019 de seguridad pero tambi\u00e9n en que funcionalmente, quien controla y manda en \u00faltimas instancia es el Juez\u201d<\/span><\/i><span style=\"font-size:10.0pt;font-family:\">, expusieron nuestros ponentes. En este sentido,\u00a0declararon que existe una buena interrelaci\u00f3n interinstitucional entre los niveles judicial, administrativo, policial y asistencial.<\/span><span><\/span><\/p>\n<p><span style=\"font-size:10.0pt;font-family:\">Para ingresar en la UPL de Aita Menni el juzgado correspondiente, ha tenido que considerar que esta persona no es responsable (en mayor o menor medida) de sus actos y que dictar el cumplimiento de una medida de seguridad en un medio adecuado sanitario-psiqui\u00e1trico acorde a sus necesidades asistenciales en vez del cumplimiento de una pena en una instituci\u00f3n penitenciaria. <b>Desde su apertura en 2013, la Unidad ha acogido el ingreso de 79 pacientes<\/b>, de los cuales 59 han finalizado el cumplimiento de una medida de seguridad en este tiempo.\u00a0<b>En el 70% de los casos la esquizofrenia paranoide ha sido la enfermedad mental diagnosticada<\/b>, hasta en el 90% asociada a consumo de t\u00f3xicos. M\u00e1s de la mitad (55%) de este colectivo hab\u00eda cometido delitos graves. Las medidas de seguridad decretadas van desde 1 a\u00f1o (10% de los casos) a m\u00e1s de 11 a\u00f1os (40%).\u00a0<\/span><\/p>\n<p><img decoding=\"async\" src=\"https:\/\/www.ospitalarioakfundazioaeuskadi.org\/wp-content\/uploads\/2021\/10\/dsc_7794-0-1.jpg\" alt=\"\" title=\"\"><\/p><\/div>\n","protected":false},"excerpt":{"rendered":"<div class=\"entry-summary\">\nContinuamos siendo el \u00fanico centro sanitario-psiqui\u00e1trico de Espa\u00f1a donde ingresan y reciben atenci\u00f3n personas con enfermedad mental grave con causas penales. Para hablar de este proyecto asistencial que da respuesta a una realidad, el doctor I\u00f1aki Madariaga, psiquiatra-jefe cl\u00ednico de la Unidad Psiquiatr\u00eda Legal, y la doctora Macarena Aspiunza, psic\u00f3loga forense, intervinieron el IV Congreso de la Asociaci\u00f3n de &#8216;Xuristas de Galicia por la Inclusi\u00f3n&#8217;.\n<\/div>\n<div class=\"link-more\"><a href=\"https:\/\/ospitalarioakfundazioaeuskadi.org\/es\/nuestra-unidad-psiquiatria-legal-sigue-14227\/\" class=\"more-link\">Seguir leyendo<span class=\"screen-reader-text\"> &ldquo;Nuestra Unidad de Psiquiatr\u00eda Legal sigue despertando inter\u00e9s en el \u00e1mbito jur\u00eddico&rdquo;<\/span>&hellip;<\/a><\/div>\n","protected":false},"author":1,"featured_media":26759,"comment_status":"closed","ping_status":"closed","sticky":false,"template":"","format":"standard","meta":{"footnotes":""},"categories":[646,1045],"tags":[],"linea-asistencial":[979],"class_list":["post-32988","post","type-post","status-publish","format-standard","has-post-thumbnail","hentry","category-aita-menni","category-psiquiatria-legal","linea-asistencial-1-salud-mental","entry"],"_links":{"self":[{"href":"https:\/\/ospitalarioakfundazioaeuskadi.org\/es\/wp-json\/wp\/v2\/posts\/32988","targetHints":{"allow":["GET"]}}],"collection":[{"href":"https:\/\/ospitalarioakfundazioaeuskadi.org\/es\/wp-json\/wp\/v2\/posts"}],"about":[{"href":"https:\/\/ospitalarioakfundazioaeuskadi.org\/es\/wp-json\/wp\/v2\/types\/post"}],"author":[{"embeddable":true,"href":"https:\/\/ospitalarioakfundazioaeuskadi.org\/es\/wp-json\/wp\/v2\/users\/1"}],"replies":[{"embeddable":true,"href":"https:\/\/ospitalarioakfundazioaeuskadi.org\/es\/wp-json\/wp\/v2\/comments?post=32988"}],"version-history":[{"count":1,"href":"https:\/\/ospitalarioakfundazioaeuskadi.org\/es\/wp-json\/wp\/v2\/posts\/32988\/revisions"}],"predecessor-version":[{"id":41245,"href":"https:\/\/ospitalarioakfundazioaeuskadi.org\/es\/wp-json\/wp\/v2\/posts\/32988\/revisions\/41245"}],"wp:featuredmedia":[{"embeddable":true,"href":"https:\/\/ospitalarioakfundazioaeuskadi.org\/es\/wp-json\/wp\/v2\/media\/26759"}],"wp:attachment":[{"href":"https:\/\/ospitalarioakfundazioaeuskadi.org\/es\/wp-json\/wp\/v2\/media?parent=32988"}],"wp:term":[{"taxonomy":"category","embeddable":true,"href":"https:\/\/ospitalarioakfundazioaeuskadi.org\/es\/wp-json\/wp\/v2\/categories?post=32988"},{"taxonomy":"post_tag","embeddable":true,"href":"https:\/\/ospitalarioakfundazioaeuskadi.org\/es\/wp-json\/wp\/v2\/tags?post=32988"},{"taxonomy":"linea-asistencial","embeddable":true,"href":"https:\/\/ospitalarioakfundazioaeuskadi.org\/es\/wp-json\/wp\/v2\/linea-asistencial?post=32988"}],"curies":[{"name":"wp","href":"https:\/\/api.w.org\/{rel}","templated":true}]}}