{"id":33006,"date":"2021-04-13T00:00:00","date_gmt":"2021-04-13T00:00:00","guid":{"rendered":"http:\/\/194.35.43.170\/~aitamenninueva\/nuestro-director-medico-habla-trastorno-14283\/"},"modified":"2022-10-25T11:40:48","modified_gmt":"2022-10-25T11:40:48","slug":"nuestro-director-medico-habla-trastorno-14283","status":"publish","type":"post","link":"https:\/\/ospitalarioakfundazioaeuskadi.org\/es\/nuestro-director-medico-habla-trastorno-14283\/","title":{"rendered":"Nuestro director m\u00e9dico habla del trastorno bipolar en el Diario de Navarra"},"content":{"rendered":"<div class=\"texto wysiwyg\">\n<p>Accede al contenido pinchando sobre la imagen.<\/p>\n<\/div>\n","protected":false},"excerpt":{"rendered":"<div class=\"entry-summary\">\nEl psiquiatra Manuel Mart\u00edn Carrasco es tambi\u00e9n vicepresidente de la Sociedad Espa\u00f1ola de Psiquiatr\u00eda. Coincidiendo con la fecha del nacimiento de Van Gogh, se celebr\u00f3 el \u2018D\u00eda Mundial del Trastorno Bipolar\u2019, una patolog\u00eda que afecta a una de cada cien personas.\n<\/div>\n<div class=\"link-more\"><a href=\"https:\/\/ospitalarioakfundazioaeuskadi.org\/es\/nuestro-director-medico-habla-trastorno-14283\/\" class=\"more-link\">Seguir leyendo<span class=\"screen-reader-text\"> &ldquo;Nuestro director m\u00e9dico habla del trastorno bipolar en el Diario de Navarra&rdquo;<\/span>&hellip;<\/a><\/div>\n","protected":false},"author":1,"featured_media":26794,"comment_status":"closed","ping_status":"closed","sticky":false,"template":"","format":"standard","meta":{"footnotes":""},"categories":[646,1036],"tags":[],"linea-asistencial":[979],"class_list":["post-33006","post","type-post","status-publish","format-standard","has-post-thumbnail","hentry","category-aita-menni","category-conocimiento","linea-asistencial-1-salud-mental","entry"],"_links":{"self":[{"href":"https:\/\/ospitalarioakfundazioaeuskadi.org\/es\/wp-json\/wp\/v2\/posts\/33006","targetHints":{"allow":["GET"]}}],"collection":[{"href":"https:\/\/ospitalarioakfundazioaeuskadi.org\/es\/wp-json\/wp\/v2\/posts"}],"about":[{"href":"https:\/\/ospitalarioakfundazioaeuskadi.org\/es\/wp-json\/wp\/v2\/types\/post"}],"author":[{"embeddable":true,"href":"https:\/\/ospitalarioakfundazioaeuskadi.org\/es\/wp-json\/wp\/v2\/users\/1"}],"replies":[{"embeddable":true,"href":"https:\/\/ospitalarioakfundazioaeuskadi.org\/es\/wp-json\/wp\/v2\/comments?post=33006"}],"version-history":[{"count":1,"href":"https:\/\/ospitalarioakfundazioaeuskadi.org\/es\/wp-json\/wp\/v2\/posts\/33006\/revisions"}],"predecessor-version":[{"id":42318,"href":"https:\/\/ospitalarioakfundazioaeuskadi.org\/es\/wp-json\/wp\/v2\/posts\/33006\/revisions\/42318"}],"wp:featuredmedia":[{"embeddable":true,"href":"https:\/\/ospitalarioakfundazioaeuskadi.org\/es\/wp-json\/wp\/v2\/media\/26794"}],"wp:attachment":[{"href":"https:\/\/ospitalarioakfundazioaeuskadi.org\/es\/wp-json\/wp\/v2\/media?parent=33006"}],"wp:term":[{"taxonomy":"category","embeddable":true,"href":"https:\/\/ospitalarioakfundazioaeuskadi.org\/es\/wp-json\/wp\/v2\/categories?post=33006"},{"taxonomy":"post_tag","embeddable":true,"href":"https:\/\/ospitalarioakfundazioaeuskadi.org\/es\/wp-json\/wp\/v2\/tags?post=33006"},{"taxonomy":"linea-asistencial","embeddable":true,"href":"https:\/\/ospitalarioakfundazioaeuskadi.org\/es\/wp-json\/wp\/v2\/linea-asistencial?post=33006"}],"curies":[{"name":"wp","href":"https:\/\/api.w.org\/{rel}","templated":true}]}}