{"id":33177,"date":"2015-10-16T00:00:00","date_gmt":"2015-10-16T00:00:00","guid":{"rendered":"http:\/\/194.35.43.170\/~aitamenninueva\/pacientes-larga-estancia-estan-pensando-9658\/"},"modified":"2022-10-25T13:52:16","modified_gmt":"2022-10-25T13:52:16","slug":"pacientes-larga-estancia-estan-pensando-9658","status":"publish","type":"post","link":"https:\/\/ospitalarioakfundazioaeuskadi.org\/es\/pacientes-larga-estancia-estan-pensando-9658\/","title":{"rendered":"Los pacientes de larga estancia ya est\u00e1n pensando en las pr\u00f3ximas vacaciones"},"content":{"rendered":"<div class=\"texto wysiwyg\">\n<p>Aunque se han quedado un poco lejos las vacaciones de verano, <strong>a los pacientes de larga estancia del Hospital Aita Menni les gusta recordar lo bien que lo pasan en el hotel y la playa<\/strong>. <\/p>\n<p>El Hospital Aita Menni organiza <strong>vacaciones para los pacientes<\/strong> desde hace mucho tiempo, si bien durante algunos a\u00f1os ha habido interrupciones. Los profesionales del <a href=\"..\/psiquiatria\/larga-estancia-hospitalaria\/index.html\" target=\"_blank\" rel=\"noopener\">\u00c1rea de Larga Estancia<\/a> (ALE) A retomaron hace unos diez a\u00f1os la organizaci\u00f3n de estos viajes, que se hac\u00edan normalmente a Benidorm; m\u00e1s adelante se fueron incorporando pacientes de ALE B. En la actualidad, desde ALE A se fija la fecha, se avisa a la otra \u00e1rea y se hace un listado de personas interesadas.<span>\u00a0<\/span><\/p>\n<p>Las vacaciones en <strong>Benidorm <\/strong>duran una semana. En esa misma fecha, un grupo de ALE B disfruta de unas vacaciones m\u00e1s cortas en <strong>Laredo<\/strong>. El n\u00famero de pacientes que participan \u2013siempre de acuerdo con sus familias- var\u00eda cada a\u00f1o. En ambos grupos viajan varios profesionales como acompa\u00f1antes, por lo general, una enfermera y entre dos y cuatro auxiliares.<span>\u00a0<\/span><\/p>\n<p>Si nos fijamos c\u00f3mo es el plan, por ejemplo, en Benidorm veremos que es el t\u00edpico de los d\u00edas de descanso en la costa: <strong>ma\u00f1ana en la playa y tarde de paseo. Y despu\u00e9s de la cena, actuaci\u00f3n en el hotel<\/strong>. Tambi\u00e9n hay \u00a0quienes quieren salir a dar una vuelta por la ciudad. En cualquier caso, siempre se queda personal en el hotel con aquellos pacientes que prefieren no salir. Adem\u00e1s de todo esto, los profesionales del HAM suelen preparar una excursi\u00f3n uno de los d\u00edas o una salida a una cena-espect\u00e1culo.<span>\u00a0<\/span><\/p>\n<p>A los pacientes, como a todos, les encanta ir de vacaciones; se lo pasan muy bien. \u201c<em>A la vuelta est\u00e1n pensando en volver<\/em>\u201d, nos cuenta <strong>Merche Go\u00f1i<\/strong>, supervisora de ALE A.\u00a0<\/p>\n<p><img decoding=\"async\" src=\"https:\/\/www.ospitalarioakfundazioaeuskadi.org\/wp-content\/uploads\/2021\/10\/img_0116-0-1.jpg\" alt=\"\" title=\"\"><\/p>\n<\/div>\n","protected":false},"excerpt":{"rendered":"<div class=\"entry-summary\">\nCada a\u00f1o se organizan dos grupos, uno viaja una semana a Benidorm y otro disfruta de unos d\u00edas en Laredo.\n<\/div>\n<div class=\"link-more\"><a href=\"https:\/\/ospitalarioakfundazioaeuskadi.org\/es\/pacientes-larga-estancia-estan-pensando-9658\/\" class=\"more-link\">Seguir leyendo<span class=\"screen-reader-text\"> &ldquo;Los pacientes de larga estancia ya est\u00e1n pensando en las pr\u00f3ximas vacaciones&rdquo;<\/span>&hellip;<\/a><\/div>\n","protected":false},"author":1,"featured_media":25897,"comment_status":"closed","ping_status":"closed","sticky":false,"template":"","format":"standard","meta":{"footnotes":""},"categories":[1],"tags":[],"linea-asistencial":[],"class_list":["post-33177","post","type-post","status-publish","format-standard","has-post-thumbnail","hentry","category-sin-categorizar","entry"],"_links":{"self":[{"href":"https:\/\/ospitalarioakfundazioaeuskadi.org\/es\/wp-json\/wp\/v2\/posts\/33177","targetHints":{"allow":["GET"]}}],"collection":[{"href":"https:\/\/ospitalarioakfundazioaeuskadi.org\/es\/wp-json\/wp\/v2\/posts"}],"about":[{"href":"https:\/\/ospitalarioakfundazioaeuskadi.org\/es\/wp-json\/wp\/v2\/types\/post"}],"author":[{"embeddable":true,"href":"https:\/\/ospitalarioakfundazioaeuskadi.org\/es\/wp-json\/wp\/v2\/users\/1"}],"replies":[{"embeddable":true,"href":"https:\/\/ospitalarioakfundazioaeuskadi.org\/es\/wp-json\/wp\/v2\/comments?post=33177"}],"version-history":[{"count":1,"href":"https:\/\/ospitalarioakfundazioaeuskadi.org\/es\/wp-json\/wp\/v2\/posts\/33177\/revisions"}],"predecessor-version":[{"id":53587,"href":"https:\/\/ospitalarioakfundazioaeuskadi.org\/es\/wp-json\/wp\/v2\/posts\/33177\/revisions\/53587"}],"wp:featuredmedia":[{"embeddable":true,"href":"https:\/\/ospitalarioakfundazioaeuskadi.org\/es\/wp-json\/wp\/v2\/media\/25897"}],"wp:attachment":[{"href":"https:\/\/ospitalarioakfundazioaeuskadi.org\/es\/wp-json\/wp\/v2\/media?parent=33177"}],"wp:term":[{"taxonomy":"category","embeddable":true,"href":"https:\/\/ospitalarioakfundazioaeuskadi.org\/es\/wp-json\/wp\/v2\/categories?post=33177"},{"taxonomy":"post_tag","embeddable":true,"href":"https:\/\/ospitalarioakfundazioaeuskadi.org\/es\/wp-json\/wp\/v2\/tags?post=33177"},{"taxonomy":"linea-asistencial","embeddable":true,"href":"https:\/\/ospitalarioakfundazioaeuskadi.org\/es\/wp-json\/wp\/v2\/linea-asistencial?post=33177"}],"curies":[{"name":"wp","href":"https:\/\/api.w.org\/{rel}","templated":true}]}}