{"id":33231,"date":"2018-10-04T00:00:00","date_gmt":"2018-10-04T00:00:00","guid":{"rendered":"http:\/\/194.35.43.170\/~aitamenninueva\/participamos-encuentro-formacion-formadores-marco-12388\/"},"modified":"2023-05-13T12:42:38","modified_gmt":"2023-05-13T12:42:38","slug":"participamos-encuentro-formacion-formadores-marco-12388","status":"publish","type":"post","link":"https:\/\/ospitalarioakfundazioaeuskadi.org\/es\/participamos-encuentro-formacion-formadores-marco-12388\/","title":{"rendered":"Participamos en el I Encuentro de Formaci\u00f3n de Formadores del Marco de Identidad"},"content":{"rendered":"<div class=\"texto wysiwyg\">\n<p>Durante el mes de septiembre tuvo lugar la I Formaci\u00f3n de Formadores Locales del Marco de Identidad de la Provincia de Espa\u00f1a en la Casa Provincial de Hermanas Hospitalarias en Madrid. <b>El encuentro, que se celebr\u00f3 los d\u00edas 12, 13 y 14, \u00a0estaba formado por un grupo de 60 personas colaboradoras y hermanas de los distintos centros de la Congregaci\u00f3n en Espa\u00f1a, de las cuales, algunas ya hab\u00edan sido formadas anteriormente.<\/b><\/p>\n<p>Desde el Hospital Aita Menni acudieron <b>Miren Arrizabalaga<\/b>, <b>Jaione Gartziaetxabe<\/b> y <b>Arrate Romero<\/b> como futuras nuevas formadoras. <b>Egoitz Zabala<\/b>, responsable de <a href=\"..\/..\/tmp\/12388.6.376208.1538581952.html\" target=\"_blank\" rel=\"noopener\">Pastoral y Proyectos Sociales<\/a>; <b>Nora Ibarra<\/b> y <b>Leire Gonz\u00e1lez<\/b>, ambas trabajadoras de la residencia <b>Jos\u00e9 Miel Barandiar\u00e1n<\/b>, asistieron en calidad de personas formadas por la antigua Provincia de Palencia; en este I Encuentro de la Provincia de Espa\u00f1a obtuvieron su t\u00edtulo de formadores.<\/p>\n<p>El primer d\u00eda de formaci\u00f3n, la Comisi\u00f3n Provincial de Identidad Hospitalaria, formada por sor <b>M\u00aa Rosario Iranzo<\/b>, <b>Alejandro Florit<\/b>, <b>Donaciano Mart\u00ednez<\/b>, <b>Inmaculada Garrido<\/b>, <b>Joan Orrit <\/b>y <b>Pablo Morales<\/b>, nos dio la bienvenida, expuso el planteamiento del curso y present\u00f3 a las personas participantes.<\/p>\n<p>El segundo d\u00eda del encuentro, la hermana <b>M\u00aa Dolores Aldaba<\/b> y <b>Donaciano Mart\u00ednez<\/b>, miembro de la Comisi\u00f3n Provincial de Identidad Hospitalaria, nos dieron a conocer la historia de la Comunidad Hospitalaria, recalcando <b>la importancia de compartir la Identidad como garant\u00eda de la <a href=\"https:\/\/ospitalarioakfundazioaeuskadi.org\/es\/quienes-somos\/\" target=\"_blank\" rel=\"noopener\">Misi\u00f3n<\/a> y futuro de la hospitalidad.<\/b><\/p>\n<p>El tercer d\u00eda, sor <b>Id\u00edlia Carneiro<\/b> <b>nos habl\u00f3 sobre la Misi\u00f3n Hospitalaria, no solo como faceta de la misi\u00f3n de Jes\u00fas y de la Iglesia,\u00a0 sino como raz\u00f3n carism\u00e1tica de nuestro existir<\/b>, ahondando en los or\u00edgenes e invitando a practicar la hospitalidad como llamada a vivir la misi\u00f3n desde su esencia. Por su parte, el doctor <b>Jos\u00e9 Antonio Larraz mostr\u00f3 el modelo asistencial y educativo de la Misi\u00f3n Hospitalaria, que <a href=\"https:\/\/ospitalarioakfundazioaeuskadi.org\/es\/articulo\/implantacion-del-modelo-de-atencion-centrado-en-la-persona\/\" target=\"_blank\" rel=\"noopener\">sit\u00faa en el centro a la persona con enfermedad<\/a>,<\/b> para lo que es necesario individualizar y personalizar.<\/p>\n<p>El prop\u00f3sito de estos tres d\u00edas de encuentro era <b>ofrecer los conocimientos te\u00f3ricos, adem\u00e1s de potenciar la vinculaci\u00f3n de las personas asistentes con la Identidad Hospitalaria y crear una red de formadores que colaboren en el desarrollo de la formaci\u00f3n en Identidad a nivel local, es decir, en cada uno de los centros asistenciales<\/b>.<\/p>\n<\/div>\n","protected":false},"excerpt":{"rendered":"<div class=\"entry-summary\">\nLa manera de enfocar la actividad asistencial que desarrollamos nos impulsa a cuidar y reforzar la transmisi\u00f3n de nuestra Identidad. Un reto fundamental de nuestra Instituci\u00f3n es lograr que quienes trabajamos en Hermanas Hospitalarias ofrezcamos una asistencia integral, desde la Identidad que nos es propia.\n<\/div>\n<div class=\"link-more\"><a href=\"https:\/\/ospitalarioakfundazioaeuskadi.org\/es\/participamos-encuentro-formacion-formadores-marco-12388\/\" class=\"more-link\">Seguir leyendo<span class=\"screen-reader-text\"> &ldquo;Participamos en el I Encuentro de Formaci\u00f3n de Formadores del Marco de Identidad&rdquo;<\/span>&hellip;<\/a><\/div>\n","protected":false},"author":1,"featured_media":32570,"comment_status":"closed","ping_status":"closed","sticky":false,"template":"","format":"standard","meta":{"footnotes":""},"categories":[1036],"tags":[],"linea-asistencial":[],"class_list":["post-33231","post","type-post","status-publish","format-standard","has-post-thumbnail","hentry","category-conocimiento","entry"],"_links":{"self":[{"href":"https:\/\/ospitalarioakfundazioaeuskadi.org\/es\/wp-json\/wp\/v2\/posts\/33231","targetHints":{"allow":["GET"]}}],"collection":[{"href":"https:\/\/ospitalarioakfundazioaeuskadi.org\/es\/wp-json\/wp\/v2\/posts"}],"about":[{"href":"https:\/\/ospitalarioakfundazioaeuskadi.org\/es\/wp-json\/wp\/v2\/types\/post"}],"author":[{"embeddable":true,"href":"https:\/\/ospitalarioakfundazioaeuskadi.org\/es\/wp-json\/wp\/v2\/users\/1"}],"replies":[{"embeddable":true,"href":"https:\/\/ospitalarioakfundazioaeuskadi.org\/es\/wp-json\/wp\/v2\/comments?post=33231"}],"version-history":[{"count":3,"href":"https:\/\/ospitalarioakfundazioaeuskadi.org\/es\/wp-json\/wp\/v2\/posts\/33231\/revisions"}],"predecessor-version":[{"id":60613,"href":"https:\/\/ospitalarioakfundazioaeuskadi.org\/es\/wp-json\/wp\/v2\/posts\/33231\/revisions\/60613"}],"wp:featuredmedia":[{"embeddable":true,"href":"https:\/\/ospitalarioakfundazioaeuskadi.org\/es\/wp-json\/wp\/v2\/media\/32570"}],"wp:attachment":[{"href":"https:\/\/ospitalarioakfundazioaeuskadi.org\/es\/wp-json\/wp\/v2\/media?parent=33231"}],"wp:term":[{"taxonomy":"category","embeddable":true,"href":"https:\/\/ospitalarioakfundazioaeuskadi.org\/es\/wp-json\/wp\/v2\/categories?post=33231"},{"taxonomy":"post_tag","embeddable":true,"href":"https:\/\/ospitalarioakfundazioaeuskadi.org\/es\/wp-json\/wp\/v2\/tags?post=33231"},{"taxonomy":"linea-asistencial","embeddable":true,"href":"https:\/\/ospitalarioakfundazioaeuskadi.org\/es\/wp-json\/wp\/v2\/linea-asistencial?post=33231"}],"curies":[{"name":"wp","href":"https:\/\/api.w.org\/{rel}","templated":true}]}}