{"id":33251,"date":"2015-10-21T00:00:00","date_gmt":"2015-10-21T00:00:00","guid":{"rendered":"http:\/\/194.35.43.170\/~aitamenninueva\/peregrinacion-avila-anos-nacimiento-santa-9678\/"},"modified":"2022-10-25T13:52:16","modified_gmt":"2022-10-25T13:52:16","slug":"peregrinacion-avila-anos-nacimiento-santa-9678","status":"publish","type":"post","link":"https:\/\/ospitalarioakfundazioaeuskadi.org\/es\/peregrinacion-avila-anos-nacimiento-santa-9678\/","title":{"rendered":"Peregrinaci\u00f3n a \u00c1vila por los 500 a\u00f1os del nacimiento de Santa Teresa"},"content":{"rendered":"<div class=\"texto wysiwyg\">\n<p>Hace unas semanas, un grupo compuesto por 40 pacientes del Hospital Aita Menni, hermanas de la comunidad de Arrasate y colaboradores viajamos a \u00c1vila para participar en la celebraci\u00f3n de los 500 a\u00f1os del nacimiento de Santa Teresa. Aunque ya han pasado unos d\u00edas, desde el <a href=\"..\/pastoral-proyectos-sociales\/servicio-pastoral.html\" target=\"_blank\" rel=\"noopener\">Servicio de Pastoral <\/a>no queremos dejar que pase m\u00e1s tiempo sin compartir las fotos de esta peregrinaci\u00f3n.<\/p>\n<p>En \u00c1vila tomamos parte en una bonita eucarist\u00eda celebrada en la iglesia ubicada donde estaba la casa en la que naci\u00f3 Santa Teresa de Jes\u00fas. A esta misa tambi\u00e9n asistieron otros grupos de los centros de Hermanas Hospitalarias de Valladolid y Palencia. Camino a \u00c1vila tuvimos la oportunidad de visitar la catedral de Palencia y de regreso a Mondrag\u00f3n, la Cartuja de Miraflores en Burgos.\u00a0<\/p>\n<p>Santa Teresa fue declarada protectora de nuestra instituci\u00f3n por <a href=\"centenario-muerte-benito-menni-8068.html\" target=\"_blank\" rel=\"noopener\">San Benito Menni<\/a>, <a href=\"http:\/\/www.hospitalarias.org\/index.php\/fundadores\" target=\"_blank\" rel=\"noopener nofollow\">fundador, junto a Mar\u00eda Josefa Recio y Mar\u00eda Angustias Gim\u00e9nez<\/a>, de la Congregaci\u00f3n de Hermanas Hospitalarias. Esa fue una de las razones por la que, <a href=\"..\/..\/eu\/berriak\/aita-menni-ospitaleak-santa-teresaren-9339.html\" target=\"_blank\" rel=\"noopener\">el pasado mes de junio, acogimos en el Hospital Aita Menni la peregrinaci\u00f3n<\/a> \u2018<a href=\"http:\/\/www.stj500.com\/camino-de-luz\/\" target=\"_blank\" rel=\"noopener nofollow\">Camino de luz<\/a>\u2019 que, desde el 15 de octubre de 2014, ha llevado el\u00a0<a href=\"http:\/\/www.stj500.com\/camino-de-luz\/el-baston-de-la-santa\/\" target=\"_blank\" rel=\"noopener nofollow\">b\u00e1culo o bast\u00f3n original de Santa Teresa<\/a> a 30 pa\u00edses de los 5 continentes.<\/p>\n<p><img decoding=\"async\" src=\"https:\/\/www.ospitalarioakfundazioaeuskadi.org\/wp-content\/uploads\/2021\/10\/img_20150928_115609-0-1.jpg\" alt=\"\" title=\"\"><span>Hermanas que participaron en la peregrinaci\u00f3n junto a la estatua de Santa Teresa al lado de la muralla<\/span><span><\/span><\/p>\n<\/div>\n","protected":false},"excerpt":{"rendered":"<div class=\"entry-summary\">\nHace unas semanas, un grupo compuesto por 40 pacientes del Hospital Aita Menni, hermanas de la comunidad de Arrasate y colaboradores viajamos a \u00c1vila para participar en la celebraci\u00f3n de los 500 a\u00f1os del nacimiento de Santa Teresa. Aunque ya&hellip;\n<\/div>\n<div class=\"link-more\"><a href=\"https:\/\/ospitalarioakfundazioaeuskadi.org\/es\/peregrinacion-avila-anos-nacimiento-santa-9678\/\" class=\"more-link\">Seguir leyendo<span class=\"screen-reader-text\"> &ldquo;Peregrinaci\u00f3n a \u00c1vila por los 500 a\u00f1os del nacimiento de Santa Teresa&rdquo;<\/span>&hellip;<\/a><\/div>\n","protected":false},"author":1,"featured_media":27595,"comment_status":"closed","ping_status":"closed","sticky":false,"template":"","format":"standard","meta":{"footnotes":""},"categories":[1],"tags":[],"linea-asistencial":[],"class_list":["post-33251","post","type-post","status-publish","format-standard","has-post-thumbnail","hentry","category-sin-categorizar","entry"],"_links":{"self":[{"href":"https:\/\/ospitalarioakfundazioaeuskadi.org\/es\/wp-json\/wp\/v2\/posts\/33251","targetHints":{"allow":["GET"]}}],"collection":[{"href":"https:\/\/ospitalarioakfundazioaeuskadi.org\/es\/wp-json\/wp\/v2\/posts"}],"about":[{"href":"https:\/\/ospitalarioakfundazioaeuskadi.org\/es\/wp-json\/wp\/v2\/types\/post"}],"author":[{"embeddable":true,"href":"https:\/\/ospitalarioakfundazioaeuskadi.org\/es\/wp-json\/wp\/v2\/users\/1"}],"replies":[{"embeddable":true,"href":"https:\/\/ospitalarioakfundazioaeuskadi.org\/es\/wp-json\/wp\/v2\/comments?post=33251"}],"version-history":[{"count":1,"href":"https:\/\/ospitalarioakfundazioaeuskadi.org\/es\/wp-json\/wp\/v2\/posts\/33251\/revisions"}],"predecessor-version":[{"id":53585,"href":"https:\/\/ospitalarioakfundazioaeuskadi.org\/es\/wp-json\/wp\/v2\/posts\/33251\/revisions\/53585"}],"wp:featuredmedia":[{"embeddable":true,"href":"https:\/\/ospitalarioakfundazioaeuskadi.org\/es\/wp-json\/wp\/v2\/media\/27595"}],"wp:attachment":[{"href":"https:\/\/ospitalarioakfundazioaeuskadi.org\/es\/wp-json\/wp\/v2\/media?parent=33251"}],"wp:term":[{"taxonomy":"category","embeddable":true,"href":"https:\/\/ospitalarioakfundazioaeuskadi.org\/es\/wp-json\/wp\/v2\/categories?post=33251"},{"taxonomy":"post_tag","embeddable":true,"href":"https:\/\/ospitalarioakfundazioaeuskadi.org\/es\/wp-json\/wp\/v2\/tags?post=33251"},{"taxonomy":"linea-asistencial","embeddable":true,"href":"https:\/\/ospitalarioakfundazioaeuskadi.org\/es\/wp-json\/wp\/v2\/linea-asistencial?post=33251"}],"curies":[{"name":"wp","href":"https:\/\/api.w.org\/{rel}","templated":true}]}}