{"id":33258,"date":"2017-10-04T00:00:00","date_gmt":"2017-10-04T00:00:00","guid":{"rendered":"http:\/\/194.35.43.170\/~aitamenninueva\/peregrinacion-santo-toribio-liebana-11471\/"},"modified":"2022-12-09T11:34:23","modified_gmt":"2022-12-09T11:34:23","slug":"peregrinacion-santo-toribio-liebana-11471","status":"publish","type":"post","link":"https:\/\/ospitalarioakfundazioaeuskadi.org\/es\/peregrinacion-santo-toribio-liebana-11471\/","title":{"rendered":"Peregrinaci\u00f3n a Santo Toribio de Li\u00e9bana"},"content":{"rendered":"<div class=\"texto wysiwyg\">\n<p>Con motivo del A\u00f1o Santo Lebaniego, y organizada por el <a href=\"..\/pastoral-proyectos-sociales\/servicio-pastoral.html\" target=\"_blank\" rel=\"noopener\">Servicio de Pastoral<\/a>, <b>51 personas<\/b>, entre pacientes, colaboradores y hermanas, hemos participado en la peregrinaci\u00f3n a Santo Toribio de Li\u00e9bana.<\/p>\n<p>El monasterio de Santo Toribio, junto a Jerusal\u00e9n, Roma, Santiago de Compostela, Urda, Caravaca de la Cruz y \u00c1vila, tiene derecho a celebrar el A\u00f1o Santo. All\u00ed se guarda el Lignum Crucis. S<span>eg\u00fan la tradici\u00f3n, es<\/span><span>\u00a0<\/span><span>el trozo m\u00e1s grande de la cruz donde Cristo muri\u00f3 que perdura hasta nuestros d\u00edas.<\/span><\/p>\n<p>Junto a cientos de peregrinos llegados de todos los lugares, e<span>n la Eucarist\u00eda y posterior adoraci\u00f3n de la cruz, <b>coincidimos con un grupo de compa\u00f1eros\u00a0<\/b><\/span><span><b>del <a href=\"http:\/\/www.centropadremenni.org\/\" target=\"_blank\" rel=\"noopener nofollow\">Centro Hospitalario Padre Menni de Santander<\/a>.\u00a0<\/b><\/span><\/p>\n<p><b>Adem\u00e1s de participar en el A\u00f1o Jubilar Lebaniego, fueron tres d\u00edas de compartir y convivir<\/b>, en los que visitamos tambi\u00e9n Santillana del Mar, Comillas y Suances.\u00a0<\/p><\/div>\n","protected":false},"excerpt":{"rendered":"<div class=\"entry-summary\">\nPacientes, colaboradores y hermanas celebran el A\u00f1o Santo Lebaniego. La salida, organizada por el Servicio de Pastoral, fue una ocasi\u00f3n de convivir y compartir.\n<\/div>\n<div class=\"link-more\"><a href=\"https:\/\/ospitalarioakfundazioaeuskadi.org\/es\/peregrinacion-santo-toribio-liebana-11471\/\" class=\"more-link\">Seguir leyendo<span class=\"screen-reader-text\"> &ldquo;Peregrinaci\u00f3n a Santo Toribio de Li\u00e9bana&rdquo;<\/span>&hellip;<\/a><\/div>\n","protected":false},"author":1,"featured_media":25549,"comment_status":"closed","ping_status":"closed","sticky":false,"template":"","format":"standard","meta":{"footnotes":""},"categories":[1008,1048],"tags":[],"linea-asistencial":[],"class_list":["post-33258","post","type-post","status-publish","format-standard","has-post-thumbnail","hentry","category-hospital-aita-menni","category-pastoral-atencion-espiritual","entry"],"_links":{"self":[{"href":"https:\/\/ospitalarioakfundazioaeuskadi.org\/es\/wp-json\/wp\/v2\/posts\/33258","targetHints":{"allow":["GET"]}}],"collection":[{"href":"https:\/\/ospitalarioakfundazioaeuskadi.org\/es\/wp-json\/wp\/v2\/posts"}],"about":[{"href":"https:\/\/ospitalarioakfundazioaeuskadi.org\/es\/wp-json\/wp\/v2\/types\/post"}],"author":[{"embeddable":true,"href":"https:\/\/ospitalarioakfundazioaeuskadi.org\/es\/wp-json\/wp\/v2\/users\/1"}],"replies":[{"embeddable":true,"href":"https:\/\/ospitalarioakfundazioaeuskadi.org\/es\/wp-json\/wp\/v2\/comments?post=33258"}],"version-history":[{"count":1,"href":"https:\/\/ospitalarioakfundazioaeuskadi.org\/es\/wp-json\/wp\/v2\/posts\/33258\/revisions"}],"predecessor-version":[{"id":53442,"href":"https:\/\/ospitalarioakfundazioaeuskadi.org\/es\/wp-json\/wp\/v2\/posts\/33258\/revisions\/53442"}],"wp:featuredmedia":[{"embeddable":true,"href":"https:\/\/ospitalarioakfundazioaeuskadi.org\/es\/wp-json\/wp\/v2\/media\/25549"}],"wp:attachment":[{"href":"https:\/\/ospitalarioakfundazioaeuskadi.org\/es\/wp-json\/wp\/v2\/media?parent=33258"}],"wp:term":[{"taxonomy":"category","embeddable":true,"href":"https:\/\/ospitalarioakfundazioaeuskadi.org\/es\/wp-json\/wp\/v2\/categories?post=33258"},{"taxonomy":"post_tag","embeddable":true,"href":"https:\/\/ospitalarioakfundazioaeuskadi.org\/es\/wp-json\/wp\/v2\/tags?post=33258"},{"taxonomy":"linea-asistencial","embeddable":true,"href":"https:\/\/ospitalarioakfundazioaeuskadi.org\/es\/wp-json\/wp\/v2\/linea-asistencial?post=33258"}],"curies":[{"name":"wp","href":"https:\/\/api.w.org\/{rel}","templated":true}]}}