{"id":33274,"date":"2017-10-06T00:00:00","date_gmt":"2017-10-06T00:00:00","guid":{"rendered":"http:\/\/194.35.43.170\/~aitamenninueva\/personas-asistieron-concierto-solidario-coral-11475\/"},"modified":"2022-10-25T13:47:52","modified_gmt":"2022-10-25T13:47:52","slug":"personas-asistieron-concierto-solidario-coral-11475","status":"publish","type":"post","link":"https:\/\/ospitalarioakfundazioaeuskadi.org\/es\/personas-asistieron-concierto-solidario-coral-11475\/","title":{"rendered":"M\u00e1s de 450 personas asistieron al concierto solidario de la Coral de Bilbao en apoyo del proyecto WALY"},"content":{"rendered":"<div class=\"texto wysiwyg\">\n<p>Con el fin de recaudar fondos para el <a href=\"..\/pastoral-proyectos-sociales\/proyectos-cooperacion-internacional.html\" target=\"_blank\" rel=\"noopener\">proyecto <b>We Are Like You<\/b><\/a> (WALY) de salud mental para mujeres en <b>Liberia<\/b>, la <b><a href=\"http:\/\/datoeconomico.com\/\" target=\"_blank\" rel=\"noopener nofollow\">Revista Dato Econ\u00f3mico<\/a><\/b> y el <b>Hospital Aita Menni<\/b> de <b>Arrasate<\/b>&#8211;<b>Mondrag\u00f3n<\/b> organizaron el pasado 14 de septiembre un concierto solidario de la<b> Sociedad Coral de Bilbao <\/b>en la<b> Catedral de Santa Mar\u00eda<\/b>, en Vitoria-Gasteiz.<\/p>\n<p>Al acto asistieron m\u00e1s de 450 personas y se consigui\u00f3 una recaudaci\u00f3n de 5.480 euros, que se destinar\u00e1n de manera \u00edntegra al proyecto solidario que el Centro Saint Benedict Menni de Monrovia est\u00e1 poniendo en marcha en la capital liberiana con la ayuda del Hospital Aita Menni.\u00a0<\/p>\n<p>Los integrantes de la <a href=\"http:\/\/www.catedralvitoria.eus\/index.php\" target=\"_blank\" rel=\"noopener nofollow\">Fundaci\u00f3n Catedral Santa Mar\u00eda<\/a>, con <b>Jon Lasa<\/b> a la cabeza, ejercieron como anfitriones del concierto de la <a href=\"http:\/\/www.coraldebilbao.com\/\" target=\"_blank\" rel=\"noopener nofollow\">Sociedad Coral de Bilbao<\/a>, con su director, <b>Enrique Azurza<\/b>, al frente, y la colaboraci\u00f3n del organista <b>Alberto S\u00e1ez<\/b>. Antes del inicio del concierto se tribut\u00f3 un homenaje al m\u00fasico <b><a href=\"tercera-gira-conciertos-solidarios-euskadi-11236.html\" target=\"_blank\" rel=\"noopener\">Juan Carlos Irizar<\/a>,<\/b> alma mater de WALY en Euskadi gracias a sus giras de Conciertos Solidarios. \u00a0\u00a0<\/p>\n<p><img decoding=\"async\" src=\"https:\/\/www.ospitalarioakfundazioaeuskadi.org\/wp-content\/uploads\/2021\/10\/concierto-05-0-1.jpg\" alt=\"\" title=\"\"><\/p>\n<p><span>Egoitz Zabala, Montse Esparza, Juan Carlos Irizar y Mikel Tellaeche\u00a0<\/span><\/p>\n<p>Estuvieron en Vitoria con la Sociedad Coral su presidente, <b>Jos\u00e9 Miguel Lanzagorta<\/b>, y su gerente, <b>I\u00f1igo Alberdi<\/b>, a quienes acompa\u00f1aron por parte de los organizadores el presidente de honor de la Revista Dato Econ\u00f3mico, <b>Augusto Borderas<\/b>, su director, <b>I\u00f1igo Ram\u00f3n<\/b> y el director gerente del Hospital Aita Menni,<b> Mikel Tellaeche<\/b>.\u00a0<\/p>\n<p>Tambi\u00e9n asistieron el Fiscal Jefe de \u00c1lava,<b> Josu Izaguirre<\/b>; el presidente de <b>Erkide<\/b>,<b> Javier Goienetxea; <\/b>el director general de Erkide,<b> Agust\u00edn Mendiola<\/b>; el abogado<b> Carlos Samaniego<\/b>;<b> Carlos M\u00fagica<\/b>, deMotor Gorbea;<b> Roberto Garc\u00eda<\/b>, de Electro Alavesa; la presidenta de la Fundaci\u00f3n Laboral San Prudencio, <b>Yolanda Berasategui <\/b>y su gerente,<b> Esther Unceta<\/b>, entre otras muchas personas.\u00a0<\/p>\n<p>El Hospital Aita Menni y Dato Econ\u00f3mico quieren aprovechar estas l\u00edneas para dar las gracias a todos los asistentes que abarrotaron el atrio de la catedral vitoriana mostrando su apoyo al programa <b>We Are Like You.<\/b><\/p><\/div>\n","protected":false},"excerpt":{"rendered":"<div class=\"entry-summary\">\nEl Hospital Aita Menni y Dato Econ\u00f3mico quieren agradecer su colaboraci\u00f3n quienes acudieron a la Catedral de Vitoria y lo hicieron posible. Los 5.480 euros recaudados se destinar\u00e1n a financiar el Centro Saint Benedict Menni que Hermanas Hospitalarias est\u00e1 poniendo en marcha en Liberia.\n<\/div>\n<div class=\"link-more\"><a href=\"https:\/\/ospitalarioakfundazioaeuskadi.org\/es\/personas-asistieron-concierto-solidario-coral-11475\/\" class=\"more-link\">Seguir leyendo<span class=\"screen-reader-text\"> &ldquo;M\u00e1s de 450 personas asistieron al concierto solidario de la Coral de Bilbao en apoyo del proyecto WALY&rdquo;<\/span>&hellip;<\/a><\/div>\n","protected":false},"author":1,"featured_media":25552,"comment_status":"closed","ping_status":"closed","sticky":false,"template":"","format":"standard","meta":{"footnotes":""},"categories":[1042,1032],"tags":[],"linea-asistencial":[],"class_list":["post-33274","post","type-post","status-publish","format-standard","has-post-thumbnail","hentry","category-solidaridad","category-voluntariado","entry"],"_links":{"self":[{"href":"https:\/\/ospitalarioakfundazioaeuskadi.org\/es\/wp-json\/wp\/v2\/posts\/33274","targetHints":{"allow":["GET"]}}],"collection":[{"href":"https:\/\/ospitalarioakfundazioaeuskadi.org\/es\/wp-json\/wp\/v2\/posts"}],"about":[{"href":"https:\/\/ospitalarioakfundazioaeuskadi.org\/es\/wp-json\/wp\/v2\/types\/post"}],"author":[{"embeddable":true,"href":"https:\/\/ospitalarioakfundazioaeuskadi.org\/es\/wp-json\/wp\/v2\/users\/1"}],"replies":[{"embeddable":true,"href":"https:\/\/ospitalarioakfundazioaeuskadi.org\/es\/wp-json\/wp\/v2\/comments?post=33274"}],"version-history":[{"count":1,"href":"https:\/\/ospitalarioakfundazioaeuskadi.org\/es\/wp-json\/wp\/v2\/posts\/33274\/revisions"}],"predecessor-version":[{"id":41768,"href":"https:\/\/ospitalarioakfundazioaeuskadi.org\/es\/wp-json\/wp\/v2\/posts\/33274\/revisions\/41768"}],"wp:featuredmedia":[{"embeddable":true,"href":"https:\/\/ospitalarioakfundazioaeuskadi.org\/es\/wp-json\/wp\/v2\/media\/25552"}],"wp:attachment":[{"href":"https:\/\/ospitalarioakfundazioaeuskadi.org\/es\/wp-json\/wp\/v2\/media?parent=33274"}],"wp:term":[{"taxonomy":"category","embeddable":true,"href":"https:\/\/ospitalarioakfundazioaeuskadi.org\/es\/wp-json\/wp\/v2\/categories?post=33274"},{"taxonomy":"post_tag","embeddable":true,"href":"https:\/\/ospitalarioakfundazioaeuskadi.org\/es\/wp-json\/wp\/v2\/tags?post=33274"},{"taxonomy":"linea-asistencial","embeddable":true,"href":"https:\/\/ospitalarioakfundazioaeuskadi.org\/es\/wp-json\/wp\/v2\/linea-asistencial?post=33274"}],"curies":[{"name":"wp","href":"https:\/\/api.w.org\/{rel}","templated":true}]}}