{"id":33367,"date":"2014-08-01T00:00:00","date_gmt":"2014-08-01T00:00:00","guid":{"rendered":"http:\/\/194.35.43.170\/~aitamenninueva\/prevencion-abordaje-trastornos-neuropsiquiatricos-personas-8388\/"},"modified":"2022-10-25T13:54:34","modified_gmt":"2022-10-25T13:54:34","slug":"prevencion-abordaje-trastornos-neuropsiquiatricos-personas-8388","status":"publish","type":"post","link":"https:\/\/ospitalarioakfundazioaeuskadi.org\/es\/prevencion-abordaje-trastornos-neuropsiquiatricos-personas-8388\/","title":{"rendered":"Prevenci\u00f3n y abordaje de los trastornos neuropsiqui\u00e1tricos en personas de avanzada edad"},"content":{"rendered":"<div class=\"texto wysiwyg\">\n<p>Jos\u00e9 Vicente J\u00e1uregui explica, c\u00f3mo se aplican distintas escalas para diferentes diagn\u00f3sticos asociados al deterioro cognitivo. Por ejemplo, c\u00f3mo se aplica el <em>Test del Reloj<\/em>, una prueba de sencilla que valora una tarea compleja. Los pacientes han de dibujar en un papel en blanco un reloj marcando las once y diez. As\u00ed se consigue la participaci\u00f3n de los dos hemicampos visuoatencionales, derecho e izquierdo. Se otorgan puntos al paciente seg\u00fan sus aciertos. El resultado se considera normal se obtienen al menos siete puntos.<\/p>\n<p>El experto de Aita Menni cuenta tambi\u00e9n como en nuestras unidades residenciales se realiza estimulaci\u00f3n cognitiva mediante talleres de orientaci\u00f3n a la realidad y memoria, musicoterapia y grupos de discusi\u00f3n.\u00a0<\/p>\n<\/div>\n","protected":false},"excerpt":{"rendered":"<div class=\"entry-summary\">\nDiario M\u00e9dico recoge la opini\u00f3n experta de Jos\u00e9 Vicente J\u00e1uregui, psiquiatra responsable m\u00e9dico de las unidades residenciales del Hospital Aita Menni, sobre la detecci\u00f3n y el tratamiento de demencias y trastornos del \u00e1nimo.\n<\/div>\n<div class=\"link-more\"><a href=\"https:\/\/ospitalarioakfundazioaeuskadi.org\/es\/prevencion-abordaje-trastornos-neuropsiquiatricos-personas-8388\/\" class=\"more-link\">Seguir leyendo<span class=\"screen-reader-text\"> &ldquo;Prevenci\u00f3n y abordaje de los trastornos neuropsiqui\u00e1tricos en personas de avanzada edad&rdquo;<\/span>&hellip;<\/a><\/div>\n","protected":false},"author":1,"featured_media":27104,"comment_status":"closed","ping_status":"closed","sticky":false,"template":"","format":"standard","meta":{"footnotes":""},"categories":[1],"tags":[],"linea-asistencial":[],"class_list":["post-33367","post","type-post","status-publish","format-standard","has-post-thumbnail","hentry","category-sin-categorizar","entry"],"_links":{"self":[{"href":"https:\/\/ospitalarioakfundazioaeuskadi.org\/es\/wp-json\/wp\/v2\/posts\/33367","targetHints":{"allow":["GET"]}}],"collection":[{"href":"https:\/\/ospitalarioakfundazioaeuskadi.org\/es\/wp-json\/wp\/v2\/posts"}],"about":[{"href":"https:\/\/ospitalarioakfundazioaeuskadi.org\/es\/wp-json\/wp\/v2\/types\/post"}],"author":[{"embeddable":true,"href":"https:\/\/ospitalarioakfundazioaeuskadi.org\/es\/wp-json\/wp\/v2\/users\/1"}],"replies":[{"embeddable":true,"href":"https:\/\/ospitalarioakfundazioaeuskadi.org\/es\/wp-json\/wp\/v2\/comments?post=33367"}],"version-history":[{"count":1,"href":"https:\/\/ospitalarioakfundazioaeuskadi.org\/es\/wp-json\/wp\/v2\/posts\/33367\/revisions"}],"predecessor-version":[{"id":53656,"href":"https:\/\/ospitalarioakfundazioaeuskadi.org\/es\/wp-json\/wp\/v2\/posts\/33367\/revisions\/53656"}],"wp:featuredmedia":[{"embeddable":true,"href":"https:\/\/ospitalarioakfundazioaeuskadi.org\/es\/wp-json\/wp\/v2\/media\/27104"}],"wp:attachment":[{"href":"https:\/\/ospitalarioakfundazioaeuskadi.org\/es\/wp-json\/wp\/v2\/media?parent=33367"}],"wp:term":[{"taxonomy":"category","embeddable":true,"href":"https:\/\/ospitalarioakfundazioaeuskadi.org\/es\/wp-json\/wp\/v2\/categories?post=33367"},{"taxonomy":"post_tag","embeddable":true,"href":"https:\/\/ospitalarioakfundazioaeuskadi.org\/es\/wp-json\/wp\/v2\/tags?post=33367"},{"taxonomy":"linea-asistencial","embeddable":true,"href":"https:\/\/ospitalarioakfundazioaeuskadi.org\/es\/wp-json\/wp\/v2\/linea-asistencial?post=33367"}],"curies":[{"name":"wp","href":"https:\/\/api.w.org\/{rel}","templated":true}]}}