{"id":33436,"date":"2009-06-22T00:00:00","date_gmt":"2009-06-22T00:00:00","guid":{"rendered":"http:\/\/194.35.43.170\/~aitamenninueva\/profesionales-aita-menni-imparten-curso-7326\/"},"modified":"2022-10-25T13:54:47","modified_gmt":"2022-10-25T13:54:47","slug":"profesionales-aita-menni-imparten-curso-7326","status":"publish","type":"post","link":"https:\/\/ospitalarioakfundazioaeuskadi.org\/es\/profesionales-aita-menni-imparten-curso-7326\/","title":{"rendered":"Profesionales de Aita Menni imparten un curso sobre autoprotecci\u00f3n psicol\u00f3gica en la atenci\u00f3n a pacientes con cuidados paliativos"},"content":{"rendered":"<div class=\"texto wysiwyg\">\n<p>Entre el 18 y el 21 de junio la Cruz Roja de Almer\u00eda organiz\u00f3 un curso sobre autoprotecci\u00f3n psicol\u00f3gica en la atenci\u00f3n a pacientes con cuidados paliativos impartido por los psic\u00f3logos de Aita Menni Mertxe Sagarna y Alfonso S\u00e1ez de Ibarra.&nbsp;\u00a0&nbsp;Al curso de 32 horas que se celebr\u00f3 en la ciudad andaluza asistieron voluntarios de Cruz Roja y familiares de enfermos con cuidados paliativos y recibieron formaci\u00f3n acerca de t\u00e9cnicas de entrenamiento para afrontar situaci\u00f3nes dif\u00edciles y para desarrollar estrategias de autoprotecci\u00f3n.<\/p>\n<\/div>\n","protected":false},"excerpt":{"rendered":"<div class=\"entry-summary\">\nEntre el 18 y el 21 de junio la Cruz Roja de Almer\u00eda organiz\u00f3 un curso sobre autoprotecci\u00f3n psicol\u00f3gica en la atenci\u00f3n a pacientes con cuidados paliativos impartido por los psic\u00f3logos de Aita Menni Mertxe Sagarna y Alfonso S\u00e1ez de&hellip;\n<\/div>\n<div class=\"link-more\"><a href=\"https:\/\/ospitalarioakfundazioaeuskadi.org\/es\/profesionales-aita-menni-imparten-curso-7326\/\" class=\"more-link\">Seguir leyendo<span class=\"screen-reader-text\"> &ldquo;Profesionales de Aita Menni imparten un curso sobre autoprotecci\u00f3n psicol\u00f3gica en la atenci\u00f3n a pacientes con cuidados paliativos&rdquo;<\/span>&hellip;<\/a><\/div>\n","protected":false},"author":1,"featured_media":26957,"comment_status":"closed","ping_status":"closed","sticky":false,"template":"","format":"standard","meta":{"footnotes":""},"categories":[1],"tags":[],"linea-asistencial":[],"class_list":["post-33436","post","type-post","status-publish","format-standard","has-post-thumbnail","hentry","category-sin-categorizar","entry"],"_links":{"self":[{"href":"https:\/\/ospitalarioakfundazioaeuskadi.org\/es\/wp-json\/wp\/v2\/posts\/33436","targetHints":{"allow":["GET"]}}],"collection":[{"href":"https:\/\/ospitalarioakfundazioaeuskadi.org\/es\/wp-json\/wp\/v2\/posts"}],"about":[{"href":"https:\/\/ospitalarioakfundazioaeuskadi.org\/es\/wp-json\/wp\/v2\/types\/post"}],"author":[{"embeddable":true,"href":"https:\/\/ospitalarioakfundazioaeuskadi.org\/es\/wp-json\/wp\/v2\/users\/1"}],"replies":[{"embeddable":true,"href":"https:\/\/ospitalarioakfundazioaeuskadi.org\/es\/wp-json\/wp\/v2\/comments?post=33436"}],"version-history":[{"count":1,"href":"https:\/\/ospitalarioakfundazioaeuskadi.org\/es\/wp-json\/wp\/v2\/posts\/33436\/revisions"}],"predecessor-version":[{"id":53698,"href":"https:\/\/ospitalarioakfundazioaeuskadi.org\/es\/wp-json\/wp\/v2\/posts\/33436\/revisions\/53698"}],"wp:featuredmedia":[{"embeddable":true,"href":"https:\/\/ospitalarioakfundazioaeuskadi.org\/es\/wp-json\/wp\/v2\/media\/26957"}],"wp:attachment":[{"href":"https:\/\/ospitalarioakfundazioaeuskadi.org\/es\/wp-json\/wp\/v2\/media?parent=33436"}],"wp:term":[{"taxonomy":"category","embeddable":true,"href":"https:\/\/ospitalarioakfundazioaeuskadi.org\/es\/wp-json\/wp\/v2\/categories?post=33436"},{"taxonomy":"post_tag","embeddable":true,"href":"https:\/\/ospitalarioakfundazioaeuskadi.org\/es\/wp-json\/wp\/v2\/tags?post=33436"},{"taxonomy":"linea-asistencial","embeddable":true,"href":"https:\/\/ospitalarioakfundazioaeuskadi.org\/es\/wp-json\/wp\/v2\/linea-asistencial?post=33436"}],"curies":[{"name":"wp","href":"https:\/\/api.w.org\/{rel}","templated":true}]}}