{"id":33824,"date":"2016-07-01T00:00:00","date_gmt":"2016-07-01T00:00:00","guid":{"rendered":"http:\/\/194.35.43.170\/~aitamenninueva\/semana-solidaria-maria-jesus-ibanez-10484\/"},"modified":"2023-01-28T20:18:16","modified_gmt":"2023-01-28T20:18:16","slug":"semana-solidaria-maria-jesus-ibanez-10484","status":"publish","type":"post","link":"https:\/\/ospitalarioakfundazioaeuskadi.org\/es\/semana-solidaria-maria-jesus-ibanez-10484\/","title":{"rendered":"II Semana solidaria Mar\u00eda Jes\u00fas Ib\u00e1\u00f1ez"},"content":{"rendered":"<div class=\"texto wysiwyg\">\n<p>Por segundo a\u00f1o consecutivo, el Hospital Aita Menni organiza una <strong>semana solidaria coincidiendo con el aniversario de la muerte de la hermana Mar\u00eda Jes\u00fas Ib\u00e1\u00f1ez<\/strong>. Las actividades, celebradas del 23 de junio al 4 de julio, conmemoran la labor de quien fuera la tercera hermana en llegar a la congregaci\u00f3n de <a href=\"http:\/\/www.hospitalarias.org\" target=\"_blank\" rel=\"noopener nofollow\">Hermanas Hospitalarias<\/a> y segunda superiora general. Tambi\u00e9n es un <strong>homenaje a otras 7 j\u00f3venes hermanas hospitalarias que fallecieron asistiendo a mujeres enfermas de c\u00f3lera<\/strong> en junio de 1885: <strong>Encarnaci\u00f3n de Le\u00f3n, M\u00aa de las Mercedes Morgadella, M\u00f3nica Sarasola, Micaela Valerdi, M\u00aa Asunci\u00f3n Echalar, \u00c1ngela Rodriguez, M\u00aa Josefa Lasarte<\/strong>.<\/p>\n<p>Como el a\u00f1o anterior, la Semana solidaria Maria Jes\u00fas Ib\u00e1\u00f1ez Aita Menni ha <strong>colaborado con los bancos de alimentos de\u00a0Bizkaia y Gipuzkoa<\/strong>, as\u00ed como con el programa de comercio justo Harreman del Alto Deba. La recogida de alimentos tuvo lugar en la recepci\u00f3n del hospital Aita Menni y en las residencias de Durango y Txurdinagabarri, donde se instalaron huchas para todas aquellas personas que quisieron colaborar con un donativo. La venta de productos procedentes del comercio justo se realiz\u00f3 tambi\u00e9n en la recepci\u00f3n del hospital durante dos tardes. En la galer\u00eda del hospital, los d\u00edas 28 al 30 de junio y 1 de julio se celebr\u00f3 un <strong>mercadillo,<\/strong> de apoyo al <a href=\"https:\/\/www.wearelikeyou.org\" target=\"_blank\" rel=\"noopener nofollow\">proyecto We Are Like You<\/a> de ayuda a Liberia.<\/p>\n<p>Por otro lado, a lo largo de toda la semana se han vendido n\u00fameros para la rifa de una cesta de <a href=\"https:\/\/ospitalarioakfundazioaeuskadi.org\/es\/invernadero-huerta-comienzan-primeros-frutos-9090\/\" target=\"_blank\" rel=\"noopener\">productos de la huerta<\/a>, cuya recaudaci\u00f3n se destinar\u00e1 al banco de alimentos.<\/p>\n<p>El 4 de julio, <strong>un concierto solidario del <a href=\"https:\/\/ospitalarioakfundazioaeuskadi.org\/es\/juan-carlos-irizar-dirige-coro-8262\/\">Coro de Pacientes <\/a><\/strong>y <strong>Juan Carlos Irizar <\/strong>en recuerdo de las hermanas que fallecieron v\u00edctimas del c\u00f3lera por atender a las mujeres m\u00e1s vulnerables de aquella sociedad puso fin a la II Semana solidaria.<\/p>\n<\/div>\n","protected":false},"excerpt":{"rendered":"<div class=\"entry-summary\">\nPor segundo a\u00f1o consecutivo, el Hospital Aita Menni organiza una semana solidaria coincidiendo con el aniversario de la muerte de la hermana Mar\u00eda Jes\u00fas Ib\u00e1\u00f1ez. Las actividades, celebradas del 23 de junio al 4 de julio, conmemoran la labor de&hellip;\n<\/div>\n<div class=\"link-more\"><a href=\"https:\/\/ospitalarioakfundazioaeuskadi.org\/es\/semana-solidaria-maria-jesus-ibanez-10484\/\" class=\"more-link\">Seguir leyendo<span class=\"screen-reader-text\"> &ldquo;II Semana solidaria Mar\u00eda Jes\u00fas Ib\u00e1\u00f1ez&rdquo;<\/span>&hellip;<\/a><\/div>\n","protected":false},"author":1,"featured_media":31649,"comment_status":"closed","ping_status":"closed","sticky":false,"template":"","format":"standard","meta":{"footnotes":""},"categories":[1],"tags":[],"linea-asistencial":[],"class_list":["post-33824","post","type-post","status-publish","format-standard","has-post-thumbnail","hentry","category-sin-categorizar","entry"],"_links":{"self":[{"href":"https:\/\/ospitalarioakfundazioaeuskadi.org\/es\/wp-json\/wp\/v2\/posts\/33824","targetHints":{"allow":["GET"]}}],"collection":[{"href":"https:\/\/ospitalarioakfundazioaeuskadi.org\/es\/wp-json\/wp\/v2\/posts"}],"about":[{"href":"https:\/\/ospitalarioakfundazioaeuskadi.org\/es\/wp-json\/wp\/v2\/types\/post"}],"author":[{"embeddable":true,"href":"https:\/\/ospitalarioakfundazioaeuskadi.org\/es\/wp-json\/wp\/v2\/users\/1"}],"replies":[{"embeddable":true,"href":"https:\/\/ospitalarioakfundazioaeuskadi.org\/es\/wp-json\/wp\/v2\/comments?post=33824"}],"version-history":[{"count":3,"href":"https:\/\/ospitalarioakfundazioaeuskadi.org\/es\/wp-json\/wp\/v2\/posts\/33824\/revisions"}],"predecessor-version":[{"id":58259,"href":"https:\/\/ospitalarioakfundazioaeuskadi.org\/es\/wp-json\/wp\/v2\/posts\/33824\/revisions\/58259"}],"wp:featuredmedia":[{"embeddable":true,"href":"https:\/\/ospitalarioakfundazioaeuskadi.org\/es\/wp-json\/wp\/v2\/media\/31649"}],"wp:attachment":[{"href":"https:\/\/ospitalarioakfundazioaeuskadi.org\/es\/wp-json\/wp\/v2\/media?parent=33824"}],"wp:term":[{"taxonomy":"category","embeddable":true,"href":"https:\/\/ospitalarioakfundazioaeuskadi.org\/es\/wp-json\/wp\/v2\/categories?post=33824"},{"taxonomy":"post_tag","embeddable":true,"href":"https:\/\/ospitalarioakfundazioaeuskadi.org\/es\/wp-json\/wp\/v2\/tags?post=33824"},{"taxonomy":"linea-asistencial","embeddable":true,"href":"https:\/\/ospitalarioakfundazioaeuskadi.org\/es\/wp-json\/wp\/v2\/linea-asistencial?post=33824"}],"curies":[{"name":"wp","href":"https:\/\/api.w.org\/{rel}","templated":true}]}}