{"id":33852,"date":"2021-03-09T00:00:00","date_gmt":"2021-03-09T00:00:00","guid":{"rendered":"http:\/\/194.35.43.170\/~aitamenninueva\/sido-complejo-pero-ahora-vemos-14280\/"},"modified":"2022-10-25T11:41:04","modified_gmt":"2022-10-25T11:41:04","slug":"sido-complejo-pero-ahora-vemos-14280","status":"publish","type":"post","link":"https:\/\/ospitalarioakfundazioaeuskadi.org\/es\/sido-complejo-pero-ahora-vemos-14280\/","title":{"rendered":"\u00abHa sido un a\u00f1o muy complejo, pero ahora ya vemos la luz\u00bb"},"content":{"rendered":"<div class=\"texto wysiwyg\"><\/div>\n","protected":false},"excerpt":{"rendered":"<div class=\"entry-summary\">\nEl diario Noticias de Gipuzkoa entrevista a nuestro gerente. Tras este a\u00f1o tan complicado, sobre todo en las residencias, Mikel Tellaeche destaca \u00abla labor de auxiliares, enfermeras, m\u00e9dicos, gente de limpieza, trabajadoras sociales&#8230; Han trabajado siete d\u00edas a la semana y doce horas al d\u00eda\u00bb.\n<\/div>\n<div class=\"link-more\"><a href=\"https:\/\/ospitalarioakfundazioaeuskadi.org\/es\/sido-complejo-pero-ahora-vemos-14280\/\" class=\"more-link\">Seguir leyendo<span class=\"screen-reader-text\"> &ldquo;\u00abHa sido un a\u00f1o muy complejo, pero ahora ya vemos la luz\u00bb&rdquo;<\/span>&hellip;<\/a><\/div>\n","protected":false},"author":1,"featured_media":26791,"comment_status":"closed","ping_status":"closed","sticky":false,"template":"","format":"standard","meta":{"footnotes":""},"categories":[646],"tags":[],"linea-asistencial":[],"class_list":["post-33852","post","type-post","status-publish","format-standard","has-post-thumbnail","hentry","category-aita-menni","entry"],"_links":{"self":[{"href":"https:\/\/ospitalarioakfundazioaeuskadi.org\/es\/wp-json\/wp\/v2\/posts\/33852","targetHints":{"allow":["GET"]}}],"collection":[{"href":"https:\/\/ospitalarioakfundazioaeuskadi.org\/es\/wp-json\/wp\/v2\/posts"}],"about":[{"href":"https:\/\/ospitalarioakfundazioaeuskadi.org\/es\/wp-json\/wp\/v2\/types\/post"}],"author":[{"embeddable":true,"href":"https:\/\/ospitalarioakfundazioaeuskadi.org\/es\/wp-json\/wp\/v2\/users\/1"}],"replies":[{"embeddable":true,"href":"https:\/\/ospitalarioakfundazioaeuskadi.org\/es\/wp-json\/wp\/v2\/comments?post=33852"}],"version-history":[{"count":1,"href":"https:\/\/ospitalarioakfundazioaeuskadi.org\/es\/wp-json\/wp\/v2\/posts\/33852\/revisions"}],"predecessor-version":[{"id":53292,"href":"https:\/\/ospitalarioakfundazioaeuskadi.org\/es\/wp-json\/wp\/v2\/posts\/33852\/revisions\/53292"}],"wp:featuredmedia":[{"embeddable":true,"href":"https:\/\/ospitalarioakfundazioaeuskadi.org\/es\/wp-json\/wp\/v2\/media\/26791"}],"wp:attachment":[{"href":"https:\/\/ospitalarioakfundazioaeuskadi.org\/es\/wp-json\/wp\/v2\/media?parent=33852"}],"wp:term":[{"taxonomy":"category","embeddable":true,"href":"https:\/\/ospitalarioakfundazioaeuskadi.org\/es\/wp-json\/wp\/v2\/categories?post=33852"},{"taxonomy":"post_tag","embeddable":true,"href":"https:\/\/ospitalarioakfundazioaeuskadi.org\/es\/wp-json\/wp\/v2\/tags?post=33852"},{"taxonomy":"linea-asistencial","embeddable":true,"href":"https:\/\/ospitalarioakfundazioaeuskadi.org\/es\/wp-json\/wp\/v2\/linea-asistencial?post=33852"}],"curies":[{"name":"wp","href":"https:\/\/api.w.org\/{rel}","templated":true}]}}