{"id":33879,"date":"2014-07-01T00:00:00","date_gmt":"2014-07-01T00:00:00","guid":{"rendered":"http:\/\/194.35.43.170\/~aitamenninueva\/subida-udalaitz-celebracion-8216altura8217-honor-8314\/"},"modified":"2022-10-25T13:54:37","modified_gmt":"2022-10-25T13:54:37","slug":"subida-udalaitz-celebracion-8216altura8217-honor-8314","status":"publish","type":"post","link":"https:\/\/ospitalarioakfundazioaeuskadi.org\/es\/subida-udalaitz-celebracion-8216altura8217-honor-8314\/","title":{"rendered":"Subida al Udalaitz, celebraci\u00f3n de altura en honor al fundador"},"content":{"rendered":"<div class=\"texto wysiwyg\">\n<p>\u00a0<\/p>\n<p>Dentro del programa \u201c4 cimas\u201d del <a href=\"https:\/\/ospitalarioakfundazioaeuskadi.org\/es\/centenario-muerte-benito-menni-8068\/\" title=\"Centenario de San Benito Menni\" target=\"_blank\" rel=\"noopener\">Centenario de la Muerte del fundador del Hospital Aita Menni<\/a>, el pasado viernes, 27 de junio, un grupo compuesto por profesionales y colaboradores del HAM subi\u00f3 a la primera de las cumbres: el <strong>Udalaitz<\/strong>\u00a0o\u00a0Udalatx, \u00a0un monte situado entre\u00a0Gipuzkoa\u00a0y\u00a0Bizkaia. Participaron en el ascenso tambi\u00e9n la <strong>hermana Hospitalaria Ilona Kowalska y el Superior de los Hnos. de San Juan de Dios<\/strong>.<\/p>\n<p>El grupo plant\u00f3 en el Udalaitz un <strong>bander\u00edn del centenario de San Benito Menni<\/strong> como testimonio de la celebraci\u00f3n del centenario. La cumbre de la cruz se encuentra en la falda guipuzcoana, en la vertiente del barrio de Udala que le da nombre: Udala\u00a0Aitz, \u00abroca de Udala\u00bb, de donde parte la ruta principal de ascenso para los arrasatearras. La cima (1.117 m.) est\u00e1 en t\u00e9rmino municipal de Elorrio (Bizkaia). <\/p>\n<p><strong>La pr\u00f3xima salida ser\u00e1 el 12 de julio, s\u00e1bado, y ser\u00e1 al Aizkorri<\/strong>. Gorbea y Anboto completar\u00e1n el ascenso a las cuatro cimas m\u00e1s altas del Pa\u00eds Vasco. Esperamos que el n\u00famero de \u201cmendizales\u201d vaya creciendo. <strong>Est\u00e1is todos invitados<\/strong>.<\/p>\n<\/div>\n","protected":false},"excerpt":{"rendered":"<div class=\"entry-summary\">\nUdalaitz (junio), Aizkorri (julio), Gorbea (marzo 2015) y  Anboto (abril 2015) conforman el programa \u00ab4 cimas\u00bb en los actos de celebraci\u00f3n del Centenario de la Muerte de San Benito Menni.\n<\/div>\n<div class=\"link-more\"><a href=\"https:\/\/ospitalarioakfundazioaeuskadi.org\/es\/subida-udalaitz-celebracion-8216altura8217-honor-8314\/\" class=\"more-link\">Seguir leyendo<span class=\"screen-reader-text\"> &ldquo;Subida al Udalaitz, celebraci\u00f3n de altura en honor al fundador&rdquo;<\/span>&hellip;<\/a><\/div>\n","protected":false},"author":1,"featured_media":32237,"comment_status":"closed","ping_status":"closed","sticky":false,"template":"","format":"standard","meta":{"footnotes":""},"categories":[1],"tags":[],"linea-asistencial":[],"class_list":["post-33879","post","type-post","status-publish","format-standard","has-post-thumbnail","hentry","category-sin-categorizar","entry"],"_links":{"self":[{"href":"https:\/\/ospitalarioakfundazioaeuskadi.org\/es\/wp-json\/wp\/v2\/posts\/33879","targetHints":{"allow":["GET"]}}],"collection":[{"href":"https:\/\/ospitalarioakfundazioaeuskadi.org\/es\/wp-json\/wp\/v2\/posts"}],"about":[{"href":"https:\/\/ospitalarioakfundazioaeuskadi.org\/es\/wp-json\/wp\/v2\/types\/post"}],"author":[{"embeddable":true,"href":"https:\/\/ospitalarioakfundazioaeuskadi.org\/es\/wp-json\/wp\/v2\/users\/1"}],"replies":[{"embeddable":true,"href":"https:\/\/ospitalarioakfundazioaeuskadi.org\/es\/wp-json\/wp\/v2\/comments?post=33879"}],"version-history":[{"count":1,"href":"https:\/\/ospitalarioakfundazioaeuskadi.org\/es\/wp-json\/wp\/v2\/posts\/33879\/revisions"}],"predecessor-version":[{"id":53659,"href":"https:\/\/ospitalarioakfundazioaeuskadi.org\/es\/wp-json\/wp\/v2\/posts\/33879\/revisions\/53659"}],"wp:featuredmedia":[{"embeddable":true,"href":"https:\/\/ospitalarioakfundazioaeuskadi.org\/es\/wp-json\/wp\/v2\/media\/32237"}],"wp:attachment":[{"href":"https:\/\/ospitalarioakfundazioaeuskadi.org\/es\/wp-json\/wp\/v2\/media?parent=33879"}],"wp:term":[{"taxonomy":"category","embeddable":true,"href":"https:\/\/ospitalarioakfundazioaeuskadi.org\/es\/wp-json\/wp\/v2\/categories?post=33879"},{"taxonomy":"post_tag","embeddable":true,"href":"https:\/\/ospitalarioakfundazioaeuskadi.org\/es\/wp-json\/wp\/v2\/tags?post=33879"},{"taxonomy":"linea-asistencial","embeddable":true,"href":"https:\/\/ospitalarioakfundazioaeuskadi.org\/es\/wp-json\/wp\/v2\/linea-asistencial?post=33879"}],"curies":[{"name":"wp","href":"https:\/\/api.w.org\/{rel}","templated":true}]}}