{"id":33882,"date":"2018-11-16T00:00:00","date_gmt":"2018-11-16T00:00:00","guid":{"rendered":"http:\/\/194.35.43.170\/~aitamenninueva\/sumamos-jornada-mundial-pobres-12536\/"},"modified":"2022-12-08T22:15:02","modified_gmt":"2022-12-08T22:15:02","slug":"sumamos-jornada-mundial-pobres-12536","status":"publish","type":"post","link":"https:\/\/ospitalarioakfundazioaeuskadi.org\/es\/sumamos-jornada-mundial-pobres-12536\/","title":{"rendered":"No sumamos a la II Jornada Mundial de los Pobres"},"content":{"rendered":"<div class=\"texto wysiwyg\">\n<p>Por deseo expreso del <b>Papa Fran\u00adcisco<\/b>, la Jornada Mundial de los Pobres, que se celebra este domingo, d\u00eda 18, por segundo a\u00f1os consecutivo, est\u00e1 llamada a ser una de las grandes jornadas de reflexi\u00f3n, oraci\u00f3n y acci\u00f3n de la Iglesia. En su <a href=\"http:\/\/w2.vatican.va\/content\/francesco\/es\/messages\/poveri\/documents\/papa-francesco_20180613_messaggio-ii-giornatamondiale-poveri-2018.html\" target=\"_blank\" rel=\"noopener nofollow\">mensaje<\/a>, <b>Francisco I<\/b> remarca que\u00a0<span>la pobreza no es algo inherente a la propia condici\u00f3n humana, como algunas corrientes de pensamiento\u00a0<\/span><span>muy presentes en nuestra cultura sostienen, sino que es causada por el ego\u00edsmo, el orgullo,<\/span><span>la avaricia y la injusticia, pecados ni inevitables ni justificables.\u00a0<\/span><\/p>\n<p>El\u00a0responsable del <a href=\"..\/pastoral-proyectos-sociales\/servicio-pastoral.html\" target=\"_blank\" rel=\"noopener\">Servicio de Pastoral de Aita Menni<\/a>,\u00a0<b>Egoitz Zabala<\/b><span>,\u00a0<\/span><span>se\u00f1ala que para la Iglesia universal, para las personas cristianas, los problemas de quienes sufren las consecuencias de la pobreza son un tema transversal. <\/span><i>\u201cEllos y ellas son el centro de nuestra misi\u00f3n\u201d<\/i><span>, recuerda\u00a0y a\u00f1ade: <\/span><i>\u201cDesde hace dos a\u00f1os el Papa quiere potenciar est\u00e1 dimensi\u00f3n, quiere que salgamos de nuestra comodidad y seamos conscientes del drama de tantas personas empobrecidas en tantos lugares cercanos y lejanos\u201d. <\/i>Para la\u00a0Iglesia<i>\u00a0e<\/i>s importante\u00a0concretar actuaciones que nos ayuden a acercarnos y compartir con las personas que m\u00e1s nos necesitan. En este sentido,\u00a0<b>Egoitz Zabala<\/b><span>, tambi\u00e9n responsable de Solidaridad, aprovech\u00f3 para anunciar nuestra <\/span><a href=\"nuevamente-recogemos-ropa-invierno-para-12531.html\">pr\u00f3xima campa\u00f1a de recogida de ropa<\/a><span style=\"background-color: rgb(255, 255, 255);\">, que pr\u00e1cticamente coincide con dicha fecha, subrayando as\u00ed <\/span><i>\u00abel drama de las personas refugiadas, que huyen de guerras, buscando un futuro en paz.\u00a0<\/i><i>Este fin de semana en todas las celebraciones tendremos presente dicho d\u00eda, y rezaremos para que el Esp\u00edritu nos empuje a ser refugio para tantas y tantos\u00bb.\u00a0<\/i><\/p>\n<p>Coincidiendo con esta\u00a0<span>II Jornada Mundial de los Pobres, con el fin de dirigir todav\u00eda m\u00e1s la mirada hacia quienes sufren a causa de la pobreza, de escuchar su grito y hacerles experimentar nuestra ayuda y cercan\u00eda, <b>e<\/b><\/span><b><span>l Hospital Aita Menni recoger\u00e1 ropa,\u00a0<\/span><span>los pr\u00f3ximos d\u00edas 20, 21 y 22 de noviembre,\u00a0<\/span><\/b><span style=\"background-color: rgb(255, 255, 255);\"><b>para la campa\u00f1a que impulsa la ONG Zaporeak<\/b>. Si alguna persona prefiere hacer alg\u00fan tipo de donaci\u00f3n econ\u00f3mica, dicha cantidad se destinar\u00e1 a pagar los gastos de env\u00edo del volumen de ropa recaudada.<\/span><\/p>\n<p><b>Kutxabank:<\/b><b> ES32 2095 5011 80 9115250322<\/b><\/p>\n<p><b>Laboral Kutxa:<\/b><b> ES71 3035 0103 88 1030035880<\/b><\/p>\n<p>La Jornada Mundial de los Pobres pretende ser una peque\u00f1a respuesta que la Iglesia entera, extendida por el mundo, dirige a los pobres de todo tipo y de toda regi\u00f3n para que no piensen que su grito se ha perdido en el vac\u00edo.\u00a0<\/p>\n<p class=\"Pa2\"> <\/div>\n","protected":false},"excerpt":{"rendered":"<div class=\"entry-summary\">\nPor segundo a\u00f1o, la Iglesia dedica un d\u00eda de reflexi\u00f3n, oraci\u00f3n y acci\u00f3n a las personas empobrecidas. Pretende ser una peque\u00f1a respuesta que la Iglesia entera, extendida por el mundo, dirige a las personas pobres de todo tipo y de toda regi\u00f3n para que no piensen que su grito se ha perdido en el vac\u00edo.\n<\/div>\n<div class=\"link-more\"><a href=\"https:\/\/ospitalarioakfundazioaeuskadi.org\/es\/sumamos-jornada-mundial-pobres-12536\/\" class=\"more-link\">Seguir leyendo<span class=\"screen-reader-text\"> &ldquo;No sumamos a la II Jornada Mundial de los Pobres&rdquo;<\/span>&hellip;<\/a><\/div>\n","protected":false},"author":1,"featured_media":26101,"comment_status":"closed","ping_status":"closed","sticky":false,"template":"","format":"standard","meta":{"footnotes":""},"categories":[646],"tags":[],"linea-asistencial":[],"class_list":["post-33882","post","type-post","status-publish","format-standard","has-post-thumbnail","hentry","category-aita-menni","entry"],"_links":{"self":[{"href":"https:\/\/ospitalarioakfundazioaeuskadi.org\/es\/wp-json\/wp\/v2\/posts\/33882","targetHints":{"allow":["GET"]}}],"collection":[{"href":"https:\/\/ospitalarioakfundazioaeuskadi.org\/es\/wp-json\/wp\/v2\/posts"}],"about":[{"href":"https:\/\/ospitalarioakfundazioaeuskadi.org\/es\/wp-json\/wp\/v2\/types\/post"}],"author":[{"embeddable":true,"href":"https:\/\/ospitalarioakfundazioaeuskadi.org\/es\/wp-json\/wp\/v2\/users\/1"}],"replies":[{"embeddable":true,"href":"https:\/\/ospitalarioakfundazioaeuskadi.org\/es\/wp-json\/wp\/v2\/comments?post=33882"}],"version-history":[{"count":1,"href":"https:\/\/ospitalarioakfundazioaeuskadi.org\/es\/wp-json\/wp\/v2\/posts\/33882\/revisions"}],"predecessor-version":[{"id":53366,"href":"https:\/\/ospitalarioakfundazioaeuskadi.org\/es\/wp-json\/wp\/v2\/posts\/33882\/revisions\/53366"}],"wp:featuredmedia":[{"embeddable":true,"href":"https:\/\/ospitalarioakfundazioaeuskadi.org\/es\/wp-json\/wp\/v2\/media\/26101"}],"wp:attachment":[{"href":"https:\/\/ospitalarioakfundazioaeuskadi.org\/es\/wp-json\/wp\/v2\/media?parent=33882"}],"wp:term":[{"taxonomy":"category","embeddable":true,"href":"https:\/\/ospitalarioakfundazioaeuskadi.org\/es\/wp-json\/wp\/v2\/categories?post=33882"},{"taxonomy":"post_tag","embeddable":true,"href":"https:\/\/ospitalarioakfundazioaeuskadi.org\/es\/wp-json\/wp\/v2\/tags?post=33882"},{"taxonomy":"linea-asistencial","embeddable":true,"href":"https:\/\/ospitalarioakfundazioaeuskadi.org\/es\/wp-json\/wp\/v2\/linea-asistencial?post=33882"}],"curies":[{"name":"wp","href":"https:\/\/api.w.org\/{rel}","templated":true}]}}