{"id":33913,"date":"2017-10-06T00:00:00","date_gmt":"2017-10-06T00:00:00","guid":{"rendered":"http:\/\/194.35.43.170\/~aitamenninueva\/telecom-solidariza-waly-11481\/"},"modified":"2023-01-20T09:47:33","modified_gmt":"2023-01-20T09:47:33","slug":"telecom-solidariza-waly-11481","status":"publish","type":"post","link":"https:\/\/ospitalarioakfundazioaeuskadi.org\/es\/telecom-solidariza-waly-11481\/","title":{"rendered":"MCC Telecom se solidariza con WALY"},"content":{"rendered":"<div class=\"texto wysiwyg\">\n<table cellspacing=\"0\" cellpadding=\"0\">\n<tbody>\n<tr>\n<td valign=\"top\" align=\"left\">\n<p>MCC Telecom se suma al proyecto <a href=\"http:\/\/www.wearelikeyou.org\/\" target=\"_blank\" rel=\"noopener nofollow\">WALY <\/a>y dona un sistema de c\u00e1maras de vigilancia para su instalaci\u00f3n en las infraestructuras del Hospital Saint Benedict Menni en Monrovia,\u00a0<span>Liberia,\u00a0<\/span><span>donde se da asistencia a mujeres con enfermedad mental.<\/span><\/p>\n<p><img decoding=\"async\" src=\"https:\/\/www.ospitalarioakfundazioaeuskadi.org\/wp-content\/uploads\/2021\/10\/mcctelecom-1-1.jpg\" alt=\"\" title=\"\"><\/p>\n<\/td>\n<\/tr>\n<\/tbody>\n<\/table><\/div>\n","protected":false},"excerpt":{"rendered":"<div class=\"entry-summary\">\nLa compa\u00f1\u00eda de telecomunicaciones de MCC ha donado un sistema de vigilancia. El material ser\u00e1 instalado en el Hospital Saint Benedict Menni en Monrovia, Liberia, donde se da asistencia a mujeres con enfermedad mental.\n<\/div>\n<div class=\"link-more\"><a href=\"https:\/\/ospitalarioakfundazioaeuskadi.org\/es\/telecom-solidariza-waly-11481\/\" class=\"more-link\">Seguir leyendo<span class=\"screen-reader-text\"> &ldquo;MCC Telecom se solidariza con WALY&rdquo;<\/span>&hellip;<\/a><\/div>\n","protected":false},"author":1,"featured_media":25564,"comment_status":"closed","ping_status":"closed","sticky":false,"template":"","format":"standard","meta":{"footnotes":""},"categories":[1042],"tags":[],"linea-asistencial":[979],"class_list":["post-33913","post","type-post","status-publish","format-standard","has-post-thumbnail","hentry","category-solidaridad","linea-asistencial-1-salud-mental","entry"],"_links":{"self":[{"href":"https:\/\/ospitalarioakfundazioaeuskadi.org\/es\/wp-json\/wp\/v2\/posts\/33913","targetHints":{"allow":["GET"]}}],"collection":[{"href":"https:\/\/ospitalarioakfundazioaeuskadi.org\/es\/wp-json\/wp\/v2\/posts"}],"about":[{"href":"https:\/\/ospitalarioakfundazioaeuskadi.org\/es\/wp-json\/wp\/v2\/types\/post"}],"author":[{"embeddable":true,"href":"https:\/\/ospitalarioakfundazioaeuskadi.org\/es\/wp-json\/wp\/v2\/users\/1"}],"replies":[{"embeddable":true,"href":"https:\/\/ospitalarioakfundazioaeuskadi.org\/es\/wp-json\/wp\/v2\/comments?post=33913"}],"version-history":[{"count":2,"href":"https:\/\/ospitalarioakfundazioaeuskadi.org\/es\/wp-json\/wp\/v2\/posts\/33913\/revisions"}],"predecessor-version":[{"id":57957,"href":"https:\/\/ospitalarioakfundazioaeuskadi.org\/es\/wp-json\/wp\/v2\/posts\/33913\/revisions\/57957"}],"wp:featuredmedia":[{"embeddable":true,"href":"https:\/\/ospitalarioakfundazioaeuskadi.org\/es\/wp-json\/wp\/v2\/media\/25564"}],"wp:attachment":[{"href":"https:\/\/ospitalarioakfundazioaeuskadi.org\/es\/wp-json\/wp\/v2\/media?parent=33913"}],"wp:term":[{"taxonomy":"category","embeddable":true,"href":"https:\/\/ospitalarioakfundazioaeuskadi.org\/es\/wp-json\/wp\/v2\/categories?post=33913"},{"taxonomy":"post_tag","embeddable":true,"href":"https:\/\/ospitalarioakfundazioaeuskadi.org\/es\/wp-json\/wp\/v2\/tags?post=33913"},{"taxonomy":"linea-asistencial","embeddable":true,"href":"https:\/\/ospitalarioakfundazioaeuskadi.org\/es\/wp-json\/wp\/v2\/linea-asistencial?post=33913"}],"curies":[{"name":"wp","href":"https:\/\/api.w.org\/{rel}","templated":true}]}}