{"id":33927,"date":"2020-05-05T00:00:00","date_gmt":"2020-05-05T00:00:00","guid":{"rendered":"http:\/\/194.35.43.170\/~aitamenninueva\/temor-vector-contagio-para-nuestros-13792\/"},"modified":"2022-11-08T15:55:50","modified_gmt":"2022-11-08T15:55:50","slug":"temor-vector-contagio-para-nuestros-13792","status":"publish","type":"post","link":"https:\/\/ospitalarioakfundazioaeuskadi.org\/es\/temor-vector-contagio-para-nuestros-13792\/","title":{"rendered":"Temor a ser vector de contagio para nuestros pacientes y personas usuarias"},"content":{"rendered":"<div class=\"texto wysiwyg\">\n<div class=\"cookieconsent-optout-marketing\">\n<div class=\"alert alert-warning\">Este contenido est\u00e1 alojado en un proveedor externo. Si quieres verlo, debes <a href=\"javascript:Cookiebot.renew()\" style=\"cursor:pointer;text-decoration:underline;\">aceptar las cookies de la categor\u00eda \"Otras\"<\/a> en la Configuraci\u00f3n de Cookies.<\/div><\/div><iframe loading=\"lazy\" title=\"Temor a ser vector de contagio - Hospital Aita Menni\" width=\"667\" height=\"500\" src=\"https:\/\/www.youtube.com\/embed\/dcejIgLdJGY?feature=oembed\" frameborder=\"0\" allow=\"accelerometer; autoplay; clipboard-write; encrypted-media; gyroscope; picture-in-picture\" allowfullscreen><\/iframe><\/p>\n<p>&nbsp;<\/p>\n<p><a href=\"formamos-primeros-auxilios-psicologicos-integrantes-12839.html\" target=\"_blank\" rel=\"noopener\">Experto en Primeros Auxilios Psicol\u00f3gicos<\/a>\u00a0y en la t\u00e9cnica para prevenir el estr\u00e9s postraum\u00e1tico llamada \u2018<i>debriefing\u00a0<\/i>psicol\u00f3gico\u2019, el psic\u00f3logo <b>Alfonso S\u00e1ez de Ibarra<\/b> quiere compartir con sus compa\u00f1eras y compa\u00f1eros del Hospital Aita Menni y del sector sanitario en general algunas reflexiones respecto a los pensamientos en torno a la posibilidad de convertirse en vector de contagio para pacientes, personas usuarias y colegas\u00a0que recurrentemente asaltan al personal que se dedica a los cuidados. Como puede verse en el v\u00eddeo, sus palabras vienen a decir:<\/p>\n<p><i><b>Muchas de las personas que trabajan en el cuidado de las personas y, ahora, como no puede ser de otro modo, en la lucha contra la pandemia de la Covid-19 llevan impl\u00edcitos en el ejercicio de su profesi\u00f3n valores personales <\/b>que pueden implicar ayudar a los dem\u00e1s, hacer del mundo un lugar mejor, reducir o amortiguar el sufrimiento o, por ejemplo, restaurar el orden en las cosas. <\/i><\/p>\n<p><i><b>De alguna manera, todos estos valores pueden conllevar diversos\u00a0 sentimientos y, entre ellos, posiblemente el de PROTECCI\u00d3N<\/b>. Proteger a quien es o est\u00e1 d\u00e9bil, tiene una enfermedad\u00a0o discapacidad, a quien la tragedia ha desestabilizado, a quien ha tenido \u201cmala suerte\u201d, a la v\u00edctima. Y con ese sentimiento, nosotros, con nuestras propias inseguridades, nos ponemos a su lado y nos hacemos fuertes. De esta manera desempe\u00f1amos mejor aquello que pretendemos, como acompa\u00f1ar a estas personas,\u00a0<\/i><i>ayudarlas y orientarlas, para que tambi\u00e9n puedan curarse, recuperar su vida o al menos todo lo que puedan de su vida anterior, o para que consigan salir de la oscura senda del sufrimiento.\u00a0<\/i><\/p>\n<p><i>Pero una de las muchas tragedias de la Covid-19 es que<b> podemos ser portadores de la enfermedad sin saberlo.\u00a0Lo cual puede hacerme pensar:<\/b> A pesar de mis precauciones, de mis medidas de protecci\u00f3n, m\u00e1s sofisticadas o menos, en mayor o menor cantidad, <b>puedo ser yo mismo \u201cvector de contagio\u201d, mensajero de la enfermedad, causante de desgracias<\/b> a esos \u201cmis protegidos\u201d (pacientes, usuarias\/os, familia, compa\u00f1eras\/os). Puedo ser el que les trajo \u201cel bicho\u201d, \u201cla desgracia\u201d, quiz\u00e1s \u201cla muerte\u201d.<\/i><\/p>\n<p><i>\u00a0<\/i><\/p>\n<p><i>Y lidiar con ese peso no necesita la condena de nadie, ya <b>me \u201cvalgo yo solito\u201d para adjudicarme esa culpa<\/b>, que, aun no siendo real, temo.\u00a0<\/i><\/p>\n<p><i>Para quienes hay\u00e1is tenido estos u otros pensamientos parecidos, <b>solo puedo decir que hay muchas cosas que no podemos abarcar, muchas cosas que no podemos arreglar, muchas cosas que no podemos cambiar.<\/b> Quiz\u00e1s porque hace falta mucho m\u00e1s que nuestro esfuerzo en solitario para solucionarlas; quiz\u00e1s porque no est\u00e1n bajo nuestro control; quiz\u00e1s porque en este momento no tenemos toda la informaci\u00f3n necesaria para poder aplicar una soluci\u00f3n eficaz. <b>Es un error, por tanto, atribuirnos una responsabilidad que no tenemos y que \u201cnunca hemos tenido\u201d, salvo quiz\u00e1s, eso s\u00ed, en nuestra fantas\u00eda infantil.\u00a0<\/b><\/i><\/p>\n<p><i>En la vida s\u00f3lo podemos aspirar a querer, cuidar y proteger a los dem\u00e1s como sabemos en cada momento, con el conocimiento y los recursos que tenemos en ese instante. <b>S\u00f3lo podemos aspirar a intentar el cambio hasta donde depende de nosotros y solo hasta ah\u00ed. Tenga o no el resultado esperado y deseado.<\/b> Y ese es nuestro \u201csanto Grial\u201d, <b>nuestro m\u00e1ximo nivel de aspiraci\u00f3n, el de la satisfacci\u00f3n del deber cumplido<\/b>, no sobre los resultados, sino sobre el \u201chaber intentado\u201d hacer todo lo que estaba en nuestra mano para que el mundo sea un lugar mejor. Aunque esto no sea lo que hemos pensado siempre, esta es la realidad y el resto ser\u00e1 una fantas\u00eda, infantil probablemente, pero fantas\u00eda al fin y al cabo.<\/i><\/p>\n<p><i>Para terminar, <b>os animo a que sig\u00e1is protegiendo y cuidando, como sep\u00e1is y como pod\u00e1is en cada momento, incluso aunque no consig\u00e1is vuestro objetivo siempre, porque el solo hecho de intentarlo, ya merece la pena en s\u00ed mismo y deber\u00eda ser suficiente para cumplir con nuestra m\u00e1xima aspiraci\u00f3n personal dentro de nuestro proyecto de vida.<\/b><\/i><\/p>\n<p><i><a href=\"saldremos-esta-situacion-dificil-habiendo-13665.html\" target=\"_blank\" rel=\"noopener\">\u00abSALDREMOS de esta situaci\u00f3n dif\u00edcil HABIENDO CRECIDO como personas\u00bb<\/a><\/i><\/p>\n<\/div>\n","protected":false},"excerpt":{"rendered":"<div class=\"entry-summary\">\nEl miedo a ser portadores de la enfermedad asalta a gran n\u00famero de profesionales de la salud. El psic\u00f3logo cl\u00ednico experto en emergencias Alfonso S\u00e1ez de Ibarra quiere trasladar a sus compa\u00f1eros y compa\u00f1eras del Hospital Aita Menni algunas palabras de aliento y animarles a seguir protegiendo y cuidando.\n<\/div>\n<div class=\"link-more\"><a href=\"https:\/\/ospitalarioakfundazioaeuskadi.org\/es\/temor-vector-contagio-para-nuestros-13792\/\" class=\"more-link\">Seguir leyendo<span class=\"screen-reader-text\"> &ldquo;Temor a ser vector de contagio para nuestros pacientes y personas usuarias&rdquo;<\/span>&hellip;<\/a><\/div>\n","protected":false},"author":1,"featured_media":26677,"comment_status":"closed","ping_status":"closed","sticky":false,"template":"","format":"standard","meta":{"footnotes":""},"categories":[646,1040,1036],"tags":[],"linea-asistencial":[1004,982,981,980,979],"class_list":["post-33927","post","type-post","status-publish","format-standard","has-post-thumbnail","hentry","category-aita-menni","category-bioetica","category-conocimiento","linea-asistencial-5-atencion-sociosanitaria","linea-asistencial-2-discapacidad-intelectual","linea-asistencial-3-dano-cerebral","linea-asistencial-4-persona-mayor","linea-asistencial-1-salud-mental","entry"],"_links":{"self":[{"href":"https:\/\/ospitalarioakfundazioaeuskadi.org\/es\/wp-json\/wp\/v2\/posts\/33927","targetHints":{"allow":["GET"]}}],"collection":[{"href":"https:\/\/ospitalarioakfundazioaeuskadi.org\/es\/wp-json\/wp\/v2\/posts"}],"about":[{"href":"https:\/\/ospitalarioakfundazioaeuskadi.org\/es\/wp-json\/wp\/v2\/types\/post"}],"author":[{"embeddable":true,"href":"https:\/\/ospitalarioakfundazioaeuskadi.org\/es\/wp-json\/wp\/v2\/users\/1"}],"replies":[{"embeddable":true,"href":"https:\/\/ospitalarioakfundazioaeuskadi.org\/es\/wp-json\/wp\/v2\/comments?post=33927"}],"version-history":[{"count":2,"href":"https:\/\/ospitalarioakfundazioaeuskadi.org\/es\/wp-json\/wp\/v2\/posts\/33927\/revisions"}],"predecessor-version":[{"id":55817,"href":"https:\/\/ospitalarioakfundazioaeuskadi.org\/es\/wp-json\/wp\/v2\/posts\/33927\/revisions\/55817"}],"wp:featuredmedia":[{"embeddable":true,"href":"https:\/\/ospitalarioakfundazioaeuskadi.org\/es\/wp-json\/wp\/v2\/media\/26677"}],"wp:attachment":[{"href":"https:\/\/ospitalarioakfundazioaeuskadi.org\/es\/wp-json\/wp\/v2\/media?parent=33927"}],"wp:term":[{"taxonomy":"category","embeddable":true,"href":"https:\/\/ospitalarioakfundazioaeuskadi.org\/es\/wp-json\/wp\/v2\/categories?post=33927"},{"taxonomy":"post_tag","embeddable":true,"href":"https:\/\/ospitalarioakfundazioaeuskadi.org\/es\/wp-json\/wp\/v2\/tags?post=33927"},{"taxonomy":"linea-asistencial","embeddable":true,"href":"https:\/\/ospitalarioakfundazioaeuskadi.org\/es\/wp-json\/wp\/v2\/linea-asistencial?post=33927"}],"curies":[{"name":"wp","href":"https:\/\/api.w.org\/{rel}","templated":true}]}}