{"id":33930,"date":"2016-12-07T00:00:00","date_gmt":"2016-12-07T00:00:00","guid":{"rendered":"http:\/\/194.35.43.170\/~aitamenninueva\/tenemos-ganador-concurso-postales-10867\/"},"modified":"2022-10-25T13:49:41","modified_gmt":"2022-10-25T13:49:41","slug":"tenemos-ganador-concurso-postales-10867","status":"publish","type":"post","link":"https:\/\/ospitalarioakfundazioaeuskadi.org\/es\/tenemos-ganador-concurso-postales-10867\/","title":{"rendered":"\u00a1Tenemos ganador del concurso de postales de Why Not!"},"content":{"rendered":"<div class=\"texto wysiwyg\">\n<p><strong>Jose Gabarri<\/strong>, usuario del Centro de Rehabilitaci\u00f3n Psicosocial de Maldatxo, ha obtenido el primer premio del 5\u00ba Concurso de Postales De Navidad de <a href=\"http:\/\/www.fundacionwhynot.org\/es\/ar\/1\/inicio.html\" target=\"_blank\" rel=\"noopener nofollow\">Why Not<\/a>. \u00a0Su dise\u00f1o servir\u00e1 para felicitar a todas las personas socias y colaboradoras de la fundaci\u00f3n; adem\u00e1s \u00e9l recibir\u00e1 diez postales para su propio uso. <\/p>\n<p>Como parte del premio, a nuestro artista se le ha hecho entrega de un kit completo de ropa para el invierno: unas preciosas botas, unos buenos calcetines y un gorro calentito para el frio. <\/p>\n<p>Este reconocimiento ha sido muy bien recibido por nuestro usuario y por el resto de personas usuarias y profesionales del centro, que han sentido mucho orgullo por que haya logrado el primer puesto.<\/p>\n<p><strong>Zorionak Jose!!!!!!\u00a0<\/strong><\/p><\/div>\n","protected":false},"excerpt":{"rendered":"<div class=\"entry-summary\">\nLa Fundaci\u00f3n Why Not felicitar\u00e1 la Navidad con una postal dise\u00f1ada por Jose Gabarri, del centro Maldatxo\n<\/div>\n<div class=\"link-more\"><a href=\"https:\/\/ospitalarioakfundazioaeuskadi.org\/es\/tenemos-ganador-concurso-postales-10867\/\" class=\"more-link\">Seguir leyendo<span class=\"screen-reader-text\"> &ldquo;\u00a1Tenemos ganador del concurso de postales de Why Not!&rdquo;<\/span>&hellip;<\/a><\/div>\n","protected":false},"author":1,"featured_media":25085,"comment_status":"closed","ping_status":"closed","sticky":false,"template":"","format":"standard","meta":{"footnotes":""},"categories":[646,1027],"tags":[],"linea-asistencial":[979],"class_list":["post-33930","post","type-post","status-publish","format-standard","has-post-thumbnail","hentry","category-aita-menni","category-crps-maldatxo","linea-asistencial-1-salud-mental","entry"],"_links":{"self":[{"href":"https:\/\/ospitalarioakfundazioaeuskadi.org\/es\/wp-json\/wp\/v2\/posts\/33930","targetHints":{"allow":["GET"]}}],"collection":[{"href":"https:\/\/ospitalarioakfundazioaeuskadi.org\/es\/wp-json\/wp\/v2\/posts"}],"about":[{"href":"https:\/\/ospitalarioakfundazioaeuskadi.org\/es\/wp-json\/wp\/v2\/types\/post"}],"author":[{"embeddable":true,"href":"https:\/\/ospitalarioakfundazioaeuskadi.org\/es\/wp-json\/wp\/v2\/users\/1"}],"replies":[{"embeddable":true,"href":"https:\/\/ospitalarioakfundazioaeuskadi.org\/es\/wp-json\/wp\/v2\/comments?post=33930"}],"version-history":[{"count":1,"href":"https:\/\/ospitalarioakfundazioaeuskadi.org\/es\/wp-json\/wp\/v2\/posts\/33930\/revisions"}],"predecessor-version":[{"id":53508,"href":"https:\/\/ospitalarioakfundazioaeuskadi.org\/es\/wp-json\/wp\/v2\/posts\/33930\/revisions\/53508"}],"wp:featuredmedia":[{"embeddable":true,"href":"https:\/\/ospitalarioakfundazioaeuskadi.org\/es\/wp-json\/wp\/v2\/media\/25085"}],"wp:attachment":[{"href":"https:\/\/ospitalarioakfundazioaeuskadi.org\/es\/wp-json\/wp\/v2\/media?parent=33930"}],"wp:term":[{"taxonomy":"category","embeddable":true,"href":"https:\/\/ospitalarioakfundazioaeuskadi.org\/es\/wp-json\/wp\/v2\/categories?post=33930"},{"taxonomy":"post_tag","embeddable":true,"href":"https:\/\/ospitalarioakfundazioaeuskadi.org\/es\/wp-json\/wp\/v2\/tags?post=33930"},{"taxonomy":"linea-asistencial","embeddable":true,"href":"https:\/\/ospitalarioakfundazioaeuskadi.org\/es\/wp-json\/wp\/v2\/linea-asistencial?post=33930"}],"curies":[{"name":"wp","href":"https:\/\/api.w.org\/{rel}","templated":true}]}}