{"id":33988,"date":"2014-05-12T00:00:00","date_gmt":"2014-05-12T00:00:00","guid":{"rendered":"http:\/\/194.35.43.170\/~aitamenninueva\/utilizamos-robotica-rehabilitacion-mano-brazo-8245\/"},"modified":"2022-10-25T13:54:41","modified_gmt":"2022-10-25T13:54:41","slug":"utilizamos-robotica-rehabilitacion-mano-brazo-8245","status":"publish","type":"post","link":"https:\/\/ospitalarioakfundazioaeuskadi.org\/es\/utilizamos-robotica-rehabilitacion-mano-brazo-8245\/","title":{"rendered":"Utilizamos tecnolog\u00eda rob\u00f3tica en la rehabilitaci\u00f3n de la mano y el brazo tras un ictus"},"content":{"rendered":"<div class=\"texto wysiwyg\">\n<p><strong>Expertos del<a href=\"https:\/\/www.ospitalarioakfundazioaeuskadi.org\/\" target=\"_blank\" title=\"Hospital Aita Menni\" rel=\"noopener\">\u00a0Hospital Aita Menni<\/a>\u00a0explicaron en el 52 Congreso de\u00a0<\/strong><a href=\"http:\/\/www.sermef.es\/\" target=\"_blank\" title=\"SERMEF\" rel=\"noopener nofollow\"><strong>SERMEF<\/strong><\/a><strong>\u00a0por qu\u00e9 usan unos robots y no otros , y compartieron su experiencia trabajando con ellos\u00a0con los asistentes. Seguir leyendo&gt;&gt;&gt;<a href=\"http:\/\/www.xn--daocerebral-2db.es\/utilizacion-de-robots-en-la-rehabilitacion-del-brazo-y-la-mano-tras-un-ictus\/\" title=\"Utilizaci\u00f3n de robots en la rehabilitaci\u00f3n del brazo y la mano tras un ictus\" rel=\"nofollow noopener\" target=\"_blank\"><\/a><\/strong><\/p>\n<p><strong><\/strong><\/p>\n<\/div>\n","protected":false},"excerpt":{"rendered":"<div class=\"entry-summary\">\nEn la Unidad de Da\u00f1o Cerebral del Hospital Aita Menni y en el resto de unidades de DCA de la Red Menni se utilizan sistemas rob\u00f3ticos en los programas de rehabilitaci\u00f3n de manos y brazos pl\u00e9jicos.\n<\/div>\n<div class=\"link-more\"><a href=\"https:\/\/ospitalarioakfundazioaeuskadi.org\/es\/utilizamos-robotica-rehabilitacion-mano-brazo-8245\/\" class=\"more-link\">Seguir leyendo<span class=\"screen-reader-text\"> &ldquo;Utilizamos tecnolog\u00eda rob\u00f3tica en la rehabilitaci\u00f3n de la mano y el brazo tras un ictus&rdquo;<\/span>&hellip;<\/a><\/div>\n","protected":false},"author":1,"featured_media":27075,"comment_status":"closed","ping_status":"closed","sticky":false,"template":"","format":"standard","meta":{"footnotes":""},"categories":[1],"tags":[],"linea-asistencial":[],"class_list":["post-33988","post","type-post","status-publish","format-standard","has-post-thumbnail","hentry","category-sin-categorizar","entry"],"_links":{"self":[{"href":"https:\/\/ospitalarioakfundazioaeuskadi.org\/es\/wp-json\/wp\/v2\/posts\/33988","targetHints":{"allow":["GET"]}}],"collection":[{"href":"https:\/\/ospitalarioakfundazioaeuskadi.org\/es\/wp-json\/wp\/v2\/posts"}],"about":[{"href":"https:\/\/ospitalarioakfundazioaeuskadi.org\/es\/wp-json\/wp\/v2\/types\/post"}],"author":[{"embeddable":true,"href":"https:\/\/ospitalarioakfundazioaeuskadi.org\/es\/wp-json\/wp\/v2\/users\/1"}],"replies":[{"embeddable":true,"href":"https:\/\/ospitalarioakfundazioaeuskadi.org\/es\/wp-json\/wp\/v2\/comments?post=33988"}],"version-history":[{"count":1,"href":"https:\/\/ospitalarioakfundazioaeuskadi.org\/es\/wp-json\/wp\/v2\/posts\/33988\/revisions"}],"predecessor-version":[{"id":53672,"href":"https:\/\/ospitalarioakfundazioaeuskadi.org\/es\/wp-json\/wp\/v2\/posts\/33988\/revisions\/53672"}],"wp:featuredmedia":[{"embeddable":true,"href":"https:\/\/ospitalarioakfundazioaeuskadi.org\/es\/wp-json\/wp\/v2\/media\/27075"}],"wp:attachment":[{"href":"https:\/\/ospitalarioakfundazioaeuskadi.org\/es\/wp-json\/wp\/v2\/media?parent=33988"}],"wp:term":[{"taxonomy":"category","embeddable":true,"href":"https:\/\/ospitalarioakfundazioaeuskadi.org\/es\/wp-json\/wp\/v2\/categories?post=33988"},{"taxonomy":"post_tag","embeddable":true,"href":"https:\/\/ospitalarioakfundazioaeuskadi.org\/es\/wp-json\/wp\/v2\/tags?post=33988"},{"taxonomy":"linea-asistencial","embeddable":true,"href":"https:\/\/ospitalarioakfundazioaeuskadi.org\/es\/wp-json\/wp\/v2\/linea-asistencial?post=33988"}],"curies":[{"name":"wp","href":"https:\/\/api.w.org\/{rel}","templated":true}]}}