{"id":34000,"date":"2016-10-06T00:00:00","date_gmt":"2016-10-06T00:00:00","guid":{"rendered":"http:\/\/194.35.43.170\/~aitamenninueva\/veces-vida-complica-forma-inesperada-10668\/"},"modified":"2022-10-25T13:49:53","modified_gmt":"2022-10-25T13:49:53","slug":"veces-vida-complica-forma-inesperada-10668","status":"publish","type":"post","link":"https:\/\/ospitalarioakfundazioaeuskadi.org\/es\/veces-vida-complica-forma-inesperada-10668\/","title":{"rendered":"A veces la vida se nos complica de forma inesperada"},"content":{"rendered":"<div class=\"texto wysiwyg\">\n<p>\u201c<strong><em>Soy como t\u00fa aunque a\u00fan no lo sepas<\/em><\/strong>\u201d es el lema escogido este a\u00f1o para celebrar el <strong>D\u00eda Mundial de la Salud Mental<\/strong>. Desde el Hospital Aita Menni queremos sumarnos a esta conmemoraci\u00f3n, que como cada a\u00f1o se celebra el 10 de octubre en m\u00e1s de 100 pa\u00edses.<\/p>\n<p>Para combatir el estigma, las ideas preconcebidas, los prejuicios y el desconocimiento que existe en general de la enfermedad mental, mediante este pensamiento visual queremos lanzar un mensaje de esperanza, inclusi\u00f3n y empat\u00eda. Ay\u00fadanos a difundirlo y no olvides a\u00f1adir la etiqueta <strong>#SoyComoT\u00fa<\/strong> en tus redes sociales preferidas.<\/p>\n<div>\n<p>A la difusi\u00f3n de este visual thinking a\u00f1adiremos otras acciones para desmontar falsos mitos y luchar contra los prejuicios, entre ellas una jornada de puertas abiertas en el <strong>Centro de Rehabilitaci\u00f3n Psicosocial de Arrasate<\/strong>.\u00a0<\/p>\n<p>Gracias por apoyar a las personas con problemas de salud mental. Son muchas m\u00e1s las cosas que nos unen que las que nos separan.<\/p><\/div><\/div>\n","protected":false},"excerpt":{"rendered":"<div class=\"entry-summary\">\nMuestra tu apoyo a la salud mental compartiendo este v\u00eddeo. \u00a1\u00a1\u00a1GRACIAS!!!\n<\/div>\n<div class=\"link-more\"><a href=\"https:\/\/ospitalarioakfundazioaeuskadi.org\/es\/veces-vida-complica-forma-inesperada-10668\/\" class=\"more-link\">Seguir leyendo<span class=\"screen-reader-text\"> &ldquo;A veces la vida se nos complica de forma inesperada&rdquo;<\/span>&hellip;<\/a><\/div>\n","protected":false},"author":1,"featured_media":31177,"comment_status":"closed","ping_status":"closed","sticky":false,"template":"","format":"standard","meta":{"footnotes":""},"categories":[1],"tags":[],"linea-asistencial":[],"class_list":["post-34000","post","type-post","status-publish","format-standard","has-post-thumbnail","hentry","category-sin-categorizar","entry"],"_links":{"self":[{"href":"https:\/\/ospitalarioakfundazioaeuskadi.org\/es\/wp-json\/wp\/v2\/posts\/34000","targetHints":{"allow":["GET"]}}],"collection":[{"href":"https:\/\/ospitalarioakfundazioaeuskadi.org\/es\/wp-json\/wp\/v2\/posts"}],"about":[{"href":"https:\/\/ospitalarioakfundazioaeuskadi.org\/es\/wp-json\/wp\/v2\/types\/post"}],"author":[{"embeddable":true,"href":"https:\/\/ospitalarioakfundazioaeuskadi.org\/es\/wp-json\/wp\/v2\/users\/1"}],"replies":[{"embeddable":true,"href":"https:\/\/ospitalarioakfundazioaeuskadi.org\/es\/wp-json\/wp\/v2\/comments?post=34000"}],"version-history":[{"count":1,"href":"https:\/\/ospitalarioakfundazioaeuskadi.org\/es\/wp-json\/wp\/v2\/posts\/34000\/revisions"}],"predecessor-version":[{"id":53525,"href":"https:\/\/ospitalarioakfundazioaeuskadi.org\/es\/wp-json\/wp\/v2\/posts\/34000\/revisions\/53525"}],"wp:featuredmedia":[{"embeddable":true,"href":"https:\/\/ospitalarioakfundazioaeuskadi.org\/es\/wp-json\/wp\/v2\/media\/31177"}],"wp:attachment":[{"href":"https:\/\/ospitalarioakfundazioaeuskadi.org\/es\/wp-json\/wp\/v2\/media?parent=34000"}],"wp:term":[{"taxonomy":"category","embeddable":true,"href":"https:\/\/ospitalarioakfundazioaeuskadi.org\/es\/wp-json\/wp\/v2\/categories?post=34000"},{"taxonomy":"post_tag","embeddable":true,"href":"https:\/\/ospitalarioakfundazioaeuskadi.org\/es\/wp-json\/wp\/v2\/tags?post=34000"},{"taxonomy":"linea-asistencial","embeddable":true,"href":"https:\/\/ospitalarioakfundazioaeuskadi.org\/es\/wp-json\/wp\/v2\/linea-asistencial?post=34000"}],"curies":[{"name":"wp","href":"https:\/\/api.w.org\/{rel}","templated":true}]}}