{"id":34003,"date":"2017-08-31T00:00:00","date_gmt":"2017-08-31T00:00:00","guid":{"rendered":"http:\/\/194.35.43.170\/~aitamenninueva\/verano-activo-para-nuestras-personas-11389\/"},"modified":"2023-02-20T20:40:20","modified_gmt":"2023-02-20T20:40:20","slug":"verano-activo-para-nuestras-personas-11389","status":"publish","type":"post","link":"https:\/\/ospitalarioakfundazioaeuskadi.org\/es\/verano-activo-para-nuestras-personas-11389\/","title":{"rendered":"Un verano muy activo para nuestras personas usuarias"},"content":{"rendered":"<div class=\"texto wysiwyg\">\n<p>Los d\u00edas de verano invitan a realizar actividades al aire libre y <b>los distintos dispositivos del Hospital Aita Menni no dejan de aprovechar la oportunidad que brinda el buen tiempo<\/b>. Un ejemplo lo tenemos en el CRPS de Ir\u00fan, que en las \u00faltimas semanas no ha parado de organizar salidas y excursiones.\u00a0Este tipo de actividades gusta mucho a nuestras personas usuarias, ya que contribuyen a su integraci\u00f3n en la comunidad y nos dan la posibilidad de conocer m\u00e1s el entorno que nos rodea mientras disfrutamos.<\/p>\n<p><b>Visita guiada para conocer la ciudad de Ir\u00fan<\/b><\/p>\n<p><span>As\u00ed,<\/span><span>\u00a0e<\/span>l mi\u00e9rcoles 23 de agosto, <b>un grupo de 10 personas usuarias junto a una monitora recorri\u00f3 Ir\u00fan en las visitas guiadas por la ciudad<\/b>, novedad de la oferta tur\u00edstica que el municipio h<span>a estrenado este verano.\u00a0<\/span><span>El grupo, junto a otros 15 turistas, comenz\u00f3 el tour en la iglesia del Juncal, visitando la parroquia, el entorno romano de Oiasso, la plaza de Urdanibia, Ama Xantalen y la casa consistorial.<\/span><\/p>\n<p>La ruta guiada tuvo una duraci\u00f3n de 2 horas aproximadamente, tiempo en el que pudimos conocer m\u00e1s sobre la historia y antiguas costumbres que ten\u00edan los habitantes de la ciudad en la que vivimos.<\/p>\n<p><b>Fue una visita totalmente enriquecedora para todos y en la que, de forma integradora y gustosamente, participamos de las actividades que nos ofrece la comunidad.<\/b><\/p>\n<p><img decoding=\"async\" src=\"https:\/\/www.ospitalarioakfundazioaeuskadi.org\/wp-content\/uploads\/2021\/10\/escursion-a-vitoria-0-1.jpg\" alt=\"\" title=\"\"><\/p>\n<div>&nbsp;<\/p>\n<p><p class=\"titulo2\"><b>Excursi\u00f3n a Vitoria<\/b><\/p>\n<p>Con el mismo objetivo de inclusi\u00f3n y disfrute, el pasado viernes 25 de agosto, las personas usuarias del <a href=\"..\/psiquiatria\/centros-rehabilitacion-psicosocial\/index.html\" target=\"_blank\" rel=\"noopener\">Centro de Rehabilitaci\u00f3n Psicosocial<\/a> participaron en una excursi\u00f3n al <a href=\"http:\/\/www.araba.eus\/cs\/Satellite?c=DPA_Cultura_FA&amp;cid=1223982963093&amp;language=es_ES&amp;pageid=1193045487374&amp;pagename=DiputacionAlava%2FDPA_Cultura_FA%2FDPA_museo\" target=\"_blank\" rel=\"noopener nofollow\">Museo Bibat<\/a>\u00a0de Vitoria, que\u00a0<strong>agrupa al Museo Fournier de Naipes<\/strong>, alojado en el Palacio de Benda\u00f1a, y al <strong>Museo de Arqueolog\u00eda<\/strong> en el nuevo edificio anexo, obra de Patxi Mangado. Durante esta visita, que tambi\u00e9n result\u00f3 muy interesante,<b> pudimos ver numerosas barajas de naipes de diferentes \u00e9pocas de los 5 continentes y elementos de la arqueolog\u00eda vasca que datan desde la Prehistoria hasta la Edad Media.<\/b><\/p><\/div><\/div>\n","protected":false},"excerpt":{"rendered":"<div class=\"entry-summary\">\nEl CRPS de Ir\u00fan aprovecha los d\u00edas de verano para programar salidas, visitas y excursiones.  Estas actividades nos gustan mucho, ya que nos dan opci\u00f3n de integrarnos en la comunidad y poder conocer m\u00e1s el entorno que nos rodea mientras disfrutamos.\n<\/div>\n<div class=\"link-more\"><a href=\"https:\/\/ospitalarioakfundazioaeuskadi.org\/es\/verano-activo-para-nuestras-personas-11389\/\" class=\"more-link\">Seguir leyendo<span class=\"screen-reader-text\"> &ldquo;Un verano muy activo para nuestras personas usuarias&rdquo;<\/span>&hellip;<\/a><\/div>\n","protected":false},"author":1,"featured_media":25473,"comment_status":"closed","ping_status":"closed","sticky":false,"template":"","format":"standard","meta":{"footnotes":""},"categories":[1026],"tags":[],"linea-asistencial":[979],"class_list":["post-34003","post","type-post","status-publish","format-standard","has-post-thumbnail","hentry","category-crps-irun","linea-asistencial-1-salud-mental","entry"],"_links":{"self":[{"href":"https:\/\/ospitalarioakfundazioaeuskadi.org\/es\/wp-json\/wp\/v2\/posts\/34003","targetHints":{"allow":["GET"]}}],"collection":[{"href":"https:\/\/ospitalarioakfundazioaeuskadi.org\/es\/wp-json\/wp\/v2\/posts"}],"about":[{"href":"https:\/\/ospitalarioakfundazioaeuskadi.org\/es\/wp-json\/wp\/v2\/types\/post"}],"author":[{"embeddable":true,"href":"https:\/\/ospitalarioakfundazioaeuskadi.org\/es\/wp-json\/wp\/v2\/users\/1"}],"replies":[{"embeddable":true,"href":"https:\/\/ospitalarioakfundazioaeuskadi.org\/es\/wp-json\/wp\/v2\/comments?post=34003"}],"version-history":[{"count":2,"href":"https:\/\/ospitalarioakfundazioaeuskadi.org\/es\/wp-json\/wp\/v2\/posts\/34003\/revisions"}],"predecessor-version":[{"id":58984,"href":"https:\/\/ospitalarioakfundazioaeuskadi.org\/es\/wp-json\/wp\/v2\/posts\/34003\/revisions\/58984"}],"wp:featuredmedia":[{"embeddable":true,"href":"https:\/\/ospitalarioakfundazioaeuskadi.org\/es\/wp-json\/wp\/v2\/media\/25473"}],"wp:attachment":[{"href":"https:\/\/ospitalarioakfundazioaeuskadi.org\/es\/wp-json\/wp\/v2\/media?parent=34003"}],"wp:term":[{"taxonomy":"category","embeddable":true,"href":"https:\/\/ospitalarioakfundazioaeuskadi.org\/es\/wp-json\/wp\/v2\/categories?post=34003"},{"taxonomy":"post_tag","embeddable":true,"href":"https:\/\/ospitalarioakfundazioaeuskadi.org\/es\/wp-json\/wp\/v2\/tags?post=34003"},{"taxonomy":"linea-asistencial","embeddable":true,"href":"https:\/\/ospitalarioakfundazioaeuskadi.org\/es\/wp-json\/wp\/v2\/linea-asistencial?post=34003"}],"curies":[{"name":"wp","href":"https:\/\/api.w.org\/{rel}","templated":true}]}}