{"id":34039,"date":"2017-10-09T00:00:00","date_gmt":"2017-10-09T00:00:00","guid":{"rendered":"http:\/\/194.35.43.170\/~aitamenninueva\/visita-ciclista-patxi-vila-crps-11484\/"},"modified":"2022-12-09T11:31:09","modified_gmt":"2022-12-09T11:31:09","slug":"visita-ciclista-patxi-vila-crps-11484","status":"publish","type":"post","link":"https:\/\/ospitalarioakfundazioaeuskadi.org\/es\/visita-ciclista-patxi-vila-crps-11484\/","title":{"rendered":"Visita del ex ciclista Patxi Vila al CRPS de Ir\u00fan"},"content":{"rendered":"<div class=\"texto wysiwyg\">\n<p><span><\/span><\/p>\n<p><span style=\"background-color: rgb(255, 255, 255);\">Patxi Vila <\/span><b>es un reconocido ex ciclista de Bera que debut\u00f3 como profesional en el equipo iBanesto y luego pas\u00f3 al equipo italiano Lampre<\/b><span style=\"background-color: rgb(255, 255, 255);\">. Ha corrido en muchas pruebas ciclistas, entre ellas las 3 grandes: Vuelta a Espa\u00f1a, Tour de Francia y Giro de Italia. En 2006, lleg\u00f3 a conseguir un 9\u00ba puesto en el Giro.<\/span><\/p>\n<p>Tras su retirada profesional, estuvo 2 a\u00f1os trabajando para\u00a0 Spezialiced y despu\u00e9s pas\u00f3 a ser el director deportivo del equipo Tinkoff, con Alberto Contador entre sus corredores. Actualmente es el director deportivo del equipo Alem\u00e1n Bora-Hansgrohe, donde en estos momentos corre el campe\u00f3n del mundo Peter Sagan. <\/p>\n<p>Patxi nos habl\u00f3 de\u00a0sus comienzos en el ciclismo, de su familia y de c\u00f3mo poco a poco, y con mucho esfuerzo y sacrificios, ha llegado al lugar en el que est\u00e1.\u00a0<span style=\"background-color: rgb(255, 255, 255);\">Cont\u00f3 muchas an\u00e9cdotas sobre su vida sobre la bicicleta pero tambi\u00e9n\u00a0 los duros momentos que pas\u00f3 cuando dio positivo en una sustancia desconocida para \u00e9l y la dura batalla que libr\u00f3\u00a0 para demostrar su inocencia, cosa que consigui\u00f3.<\/span><\/p>\n<p><span><img decoding=\"async\" src=\"https:\/\/www.ospitalarioakfundazioaeuskadi.org\/wp-content\/uploads\/2021\/09\/crps-aita-menni-irun2-1.jpg\" alt=\"\" title=\"\"><\/span><\/p>\n<p>Habl\u00f3 abiertamente de todos los a\u00f1os que lleva en el ciclismo y lo duro que es, tanto f\u00edsica como psicol\u00f3gicamente, para lo cual ha trabajado sin descanso con diferentes especialistas. <\/p>\n<p><a href=\"..\/..\/eu\/berriak\/patxi-vila-txirrindulari-ohia-irungo-11484.html\" target=\"_blank\" rel=\"noopener\">Nuestras personas usuarias<\/a> disfrutaron enormemente de su sencillez, simpat\u00eda y cercan\u00eda, y no desaprovecharon ning\u00fan momento para bombardearle con preguntas y curiosidades que ten\u00edan. <\/p>\n<p>Con estas l\u00edneas le\u00a0 queremos agradecer la gran disposici\u00f3n y la agradable ma\u00f1ana que pudimos disfrutar en su compa\u00f1\u00eda.<b>\u00a0Tambi\u00e9n queremos resaltar todos los mensajes positivos que nos fue transmitiendo sobre trabajo, superaci\u00f3n y la importancia que tiene que cada persona se sienta bien consigo misma.\u00a0<\/b><\/p><\/div>\n","protected":false},"excerpt":{"rendered":"<div class=\"entry-summary\">\nActualmente es el director deportivo del equipo Alem\u00e1n Bora-Hansgrohe.  Disfrutarmos enormemente de su sencillez, simpat\u00eda y cercan\u00eda, y de todos los mensajes positivos que nos fue transmitiendo.\n<\/div>\n<div class=\"link-more\"><a href=\"https:\/\/ospitalarioakfundazioaeuskadi.org\/es\/visita-ciclista-patxi-vila-crps-11484\/\" class=\"more-link\">Seguir leyendo<span class=\"screen-reader-text\"> &ldquo;Visita del ex ciclista Patxi Vila al CRPS de Ir\u00fan&rdquo;<\/span>&hellip;<\/a><\/div>\n","protected":false},"author":1,"featured_media":25571,"comment_status":"closed","ping_status":"closed","sticky":false,"template":"","format":"standard","meta":{"footnotes":""},"categories":[1026],"tags":[],"linea-asistencial":[979],"class_list":["post-34039","post","type-post","status-publish","format-standard","has-post-thumbnail","hentry","category-crps-irun","linea-asistencial-1-salud-mental","entry"],"_links":{"self":[{"href":"https:\/\/ospitalarioakfundazioaeuskadi.org\/es\/wp-json\/wp\/v2\/posts\/34039","targetHints":{"allow":["GET"]}}],"collection":[{"href":"https:\/\/ospitalarioakfundazioaeuskadi.org\/es\/wp-json\/wp\/v2\/posts"}],"about":[{"href":"https:\/\/ospitalarioakfundazioaeuskadi.org\/es\/wp-json\/wp\/v2\/types\/post"}],"author":[{"embeddable":true,"href":"https:\/\/ospitalarioakfundazioaeuskadi.org\/es\/wp-json\/wp\/v2\/users\/1"}],"replies":[{"embeddable":true,"href":"https:\/\/ospitalarioakfundazioaeuskadi.org\/es\/wp-json\/wp\/v2\/comments?post=34039"}],"version-history":[{"count":1,"href":"https:\/\/ospitalarioakfundazioaeuskadi.org\/es\/wp-json\/wp\/v2\/posts\/34039\/revisions"}],"predecessor-version":[{"id":53439,"href":"https:\/\/ospitalarioakfundazioaeuskadi.org\/es\/wp-json\/wp\/v2\/posts\/34039\/revisions\/53439"}],"wp:featuredmedia":[{"embeddable":true,"href":"https:\/\/ospitalarioakfundazioaeuskadi.org\/es\/wp-json\/wp\/v2\/media\/25571"}],"wp:attachment":[{"href":"https:\/\/ospitalarioakfundazioaeuskadi.org\/es\/wp-json\/wp\/v2\/media?parent=34039"}],"wp:term":[{"taxonomy":"category","embeddable":true,"href":"https:\/\/ospitalarioakfundazioaeuskadi.org\/es\/wp-json\/wp\/v2\/categories?post=34039"},{"taxonomy":"post_tag","embeddable":true,"href":"https:\/\/ospitalarioakfundazioaeuskadi.org\/es\/wp-json\/wp\/v2\/tags?post=34039"},{"taxonomy":"linea-asistencial","embeddable":true,"href":"https:\/\/ospitalarioakfundazioaeuskadi.org\/es\/wp-json\/wp\/v2\/linea-asistencial?post=34039"}],"curies":[{"name":"wp","href":"https:\/\/api.w.org\/{rel}","templated":true}]}}