{"id":34070,"date":"2018-06-28T00:00:00","date_gmt":"2018-06-28T00:00:00","guid":{"rendered":"http:\/\/194.35.43.170\/~aitamenninueva\/visitamos-sede-urda-spain-madrid-12218\/"},"modified":"2022-12-08T22:15:26","modified_gmt":"2022-12-08T22:15:26","slug":"visitamos-sede-urda-spain-madrid-12218","status":"publish","type":"post","link":"https:\/\/ospitalarioakfundazioaeuskadi.org\/es\/visitamos-sede-urda-spain-madrid-12218\/","title":{"rendered":"Visitamos la sede de URDA SPAIN en Madrid"},"content":{"rendered":"<div class=\"texto wysiwyg\">\n<p><span>Como recordar\u00e9is, un <a href=\"patera-solidaria-recoge-fondos-para-11962.html\" target=\"_blank\" rel=\"noopener\">cayuco solidario<\/a> recorri\u00f3 hace unos meses los centros de Hermanas Hospitalarias\u00a0en el Pa\u00eds Vasco. De este modo, el Hospital Aita Menni reuni\u00f3\u00a0<\/span><a href=\"recaudamos-8.600-euros-para-campos-12062.html\" target=\"_blank\" rel=\"noopener\">8.600 euros para ayudar a las personas refugiadas en El L\u00edbano<\/a>. El dinero recaudado se destin\u00f3 a financiar parte de\u00a0<span>la campa\u00f1a &#8216;Comparte tu calor&#8217; de URDA SPAIN. Gracias a distintas aportaciones, URDA SAPAIN ha ayudado a m\u00e1s de 500 familias con ropa de abrigo, gasolina para calefacci\u00f3n, mantas y comida. Urgent Relief &amp; Development Association, <\/span><a href=\"https:\/\/www.urdaspain.org\/es\/\" target=\"_blank\" rel=\"noopener nofollow\">URDA\u00a0<\/a><span><a href=\"https:\/\/www.urdaspain.org\/es\/\" target=\"_blank\" rel=\"noopener nofollow\">SPAIN<\/a>\u00a0desarrolla campan\u0303as de ayuda inmediata, que incluyen acciones como el apoyo psicosocial, el empoderamiento de las mujeres, iniciativas educativas y culturales, con el objetivo de promover un desarrollo sostenible de las personas en situacio\u0301n de riesgo y vulnerabilidad.\u00a0<\/span><\/p>\n<p><span>Hace unos d\u00edas,\u00a0<b>Egoitz Zabala<\/b>, responsable de Solidaridad del centro, se desplaz\u00f3 a Madrid junto con <b>Arrate Romero<\/b> y <b>Gema Reinares <\/b>para intercambiar impresiones sobre los proyectos solidarios de ambas entidades con <b>Nancy\u00a0<\/b><\/span><b>Wasilczuc<\/b><span>, coordinadora de la oficina, <\/span><b>Irene Hern\u00e1ndez<\/b><span>, responsable de Fundraising, y con <\/span><b>Elena Cascales\u00a0<\/b><span>e <\/span><b>Ignacio Gonz\u00e1lez<\/b><span>, del \u00e1rea de Comunicaci\u00f3n y proyectos. Desde URDA SPAIN se interesaron sobre todo por los programas de Hermanas Hospitalarias\u00a0dirigidos especialmente\u00a0a mujeres. Fue un placer encontrar tanta complicidad y estrechar lazos con el equipo que coordina desde Espa\u00f1a la labor humanitaria de esta asociaci\u00f3n sin \u00e1nimo de lucro.\u00a0\u00a0<\/span><\/p>\n<p><span><\/span><\/p><\/div>\n","protected":false},"excerpt":{"rendered":"<div class=\"entry-summary\">\nEl Hospital Aita Menni ha colaborado en la Campa\u00f1a de Invierno \u201cComparte tu Calor\u201d de esta entidad, en favor de miles de personas refugiadas en El L\u00edbano. Fue un placer compartir complicidad y estrechar lazos con el equipo que coordina desde Espa\u00f1a la labor humanitaria de esta asociaci\u00f3n sin \u00e1nimo de lucro.\n<\/div>\n<div class=\"link-more\"><a href=\"https:\/\/ospitalarioakfundazioaeuskadi.org\/es\/visitamos-sede-urda-spain-madrid-12218\/\" class=\"more-link\">Seguir leyendo<span class=\"screen-reader-text\"> &ldquo;Visitamos la sede de URDA SPAIN en Madrid&rdquo;<\/span>&hellip;<\/a><\/div>\n","protected":false},"author":1,"featured_media":25918,"comment_status":"closed","ping_status":"closed","sticky":false,"template":"","format":"standard","meta":{"footnotes":""},"categories":[646],"tags":[],"linea-asistencial":[],"class_list":["post-34070","post","type-post","status-publish","format-standard","has-post-thumbnail","hentry","category-aita-menni","entry"],"_links":{"self":[{"href":"https:\/\/ospitalarioakfundazioaeuskadi.org\/es\/wp-json\/wp\/v2\/posts\/34070","targetHints":{"allow":["GET"]}}],"collection":[{"href":"https:\/\/ospitalarioakfundazioaeuskadi.org\/es\/wp-json\/wp\/v2\/posts"}],"about":[{"href":"https:\/\/ospitalarioakfundazioaeuskadi.org\/es\/wp-json\/wp\/v2\/types\/post"}],"author":[{"embeddable":true,"href":"https:\/\/ospitalarioakfundazioaeuskadi.org\/es\/wp-json\/wp\/v2\/users\/1"}],"replies":[{"embeddable":true,"href":"https:\/\/ospitalarioakfundazioaeuskadi.org\/es\/wp-json\/wp\/v2\/comments?post=34070"}],"version-history":[{"count":1,"href":"https:\/\/ospitalarioakfundazioaeuskadi.org\/es\/wp-json\/wp\/v2\/posts\/34070\/revisions"}],"predecessor-version":[{"id":53390,"href":"https:\/\/ospitalarioakfundazioaeuskadi.org\/es\/wp-json\/wp\/v2\/posts\/34070\/revisions\/53390"}],"wp:featuredmedia":[{"embeddable":true,"href":"https:\/\/ospitalarioakfundazioaeuskadi.org\/es\/wp-json\/wp\/v2\/media\/25918"}],"wp:attachment":[{"href":"https:\/\/ospitalarioakfundazioaeuskadi.org\/es\/wp-json\/wp\/v2\/media?parent=34070"}],"wp:term":[{"taxonomy":"category","embeddable":true,"href":"https:\/\/ospitalarioakfundazioaeuskadi.org\/es\/wp-json\/wp\/v2\/categories?post=34070"},{"taxonomy":"post_tag","embeddable":true,"href":"https:\/\/ospitalarioakfundazioaeuskadi.org\/es\/wp-json\/wp\/v2\/tags?post=34070"},{"taxonomy":"linea-asistencial","embeddable":true,"href":"https:\/\/ospitalarioakfundazioaeuskadi.org\/es\/wp-json\/wp\/v2\/linea-asistencial?post=34070"}],"curies":[{"name":"wp","href":"https:\/\/api.w.org\/{rel}","templated":true}]}}