{"id":34083,"date":"2014-04-11T00:00:00","date_gmt":"2014-04-11T00:00:00","guid":{"rendered":"http:\/\/194.35.43.170\/~aitamenninueva\/vivimos-semana-santa-hospital-aita-8047\/"},"modified":"2022-10-25T13:54:42","modified_gmt":"2022-10-25T13:54:42","slug":"vivimos-semana-santa-hospital-aita-8047","status":"publish","type":"post","link":"https:\/\/ospitalarioakfundazioaeuskadi.org\/es\/vivimos-semana-santa-hospital-aita-8047\/","title":{"rendered":"As\u00ed celebramos la Semana Santa en el Hospital Aita Menni"},"content":{"rendered":"<div class=\"texto wysiwyg\">\n<p>La celebraci\u00f3n en el Hospital Aita Menni este a\u00f1o, como todos, ha sido muy participativa. Decenas de pacientes participaron diariamente en los actos religiosos. Adem\u00e1s, j\u00f3venes voluntarios de Nigeria, Marruecos y Durango compartieron con nosotros el camino hacia la Pascua.<\/p>\n<p>La valoraci\u00f3n de estas jornadas de convivencia es muy positiva por parte de todos, especialmente porque los pacientes, de este modo, pueden acudir acompa\u00f1ados a todos los actos y porque sirven para acercarnos a otras culturas y religiones. Estos d\u00edas tambi\u00e9n nos han ayudado a ser m\u00e1s conscientes de las dif\u00edciles situaciones de los j\u00f3venes en diferentes partes del mundo.\u00a0<\/p>\n<p>Nuestra celebraci\u00f3n comenz\u00f3 el d\u00eda de Jueves Santo con un encuentro de pacientes j\u00f3venes del hospital. El viernes recordamos, como una gran familia, las cruces que actualmente existen en el mundo. El s\u00e1bado a la tarde, ya en ambiente festivo, celebramos la resurrecci\u00f3n de Jes\u00fas.\u00a0<\/p>\n<p>El programa fue el siguiente:<\/p>\n<p>\u00a0<strong>JUEVES SANTO<\/strong><\/p>\n<p>10,30: ACTIVIDAD EN LA UNIDAD DE\u00a0 PSIQUIATR\u00cdA LEGAL<\/p>\n<p>11,45: ENCUENTRO-ORACI\u00d3N PACIENTES DE GRUPOS DE PASTORAL<\/p>\n<p>17,00: CELEBRACI\u00d3N \u00daLTIMA CENA <\/p>\n<p>18,00: HORA SANTA<\/p>\n<p><strong>VIERNES SANTO<\/strong><\/p>\n<p>10,15: ORACI\u00d3N <\/p>\n<p>11,45: VIA CRUCIS\u00a0\u00a0\u00a0\u00a0\u00a0\u00a0\u00a0\u00a0\u00a0\u00a0\u00a0\u00a0\u00a0\u00a0\u00a0\u00a0\u00a0\u00a0\u00a0\u00a0\u00a0\u00a0 <\/p>\n<p>17,00: CELEBRACI\u00d3N PASI\u00d3N Y MUERTE\u00a0DE JES\u00daS<\/p>\n<p>18,00: ADORACI\u00d3N DE LA CRUZ\u00a0\u00a0\u00a0\u00a0\u00a0\u00a0\u00a0 <\/p>\n<p><strong>S\u00c1BADO\u00a0SANTO<\/strong><\/p>\n<p>10,15: ORACI\u00d3N\u00a0 <\/p>\n<p>11,45: MAR\u00cdA JUNTO A LA CRUZ\u00a0\u00a0\u00a0\u00a0\u00a0\u00a0\u00a0\u00a0\u00a0\u00a0\u00a0\u00a0\u00a0\u00a0 <\/p>\n<p>17,00: VIGILIA PASCUAL <\/p>\n<p>\u00a0*LAS CELEBRACIONES SER\u00c1N EN LA CAPILLA Y SALA ANEXA A LA CAPILLA<\/p>\n<p><strong>DOMINGO DE RESURRECCI\u00d3N<\/strong><\/p>\n<p><em>\u00a0\u00a0\u00a0\u00a0\u00a0\u00a0\u00a0\u00a0\u00a0\u00a0\u00a0\u00a0\u00a0\u00a0\u00a0\u00a0\u00a0\u00a0\u00a0\u00a0\u00a0\u00a0\u00a0\u00a0\u00a0\u00a0\u00a0\u00a0\u00a0\u00a0\u00a0\u00a0\u00a0\u00a0\u00a0\u00a0\u00a0\u00a0\u00a0\u00a0\u00a0\u00a0\u00a0\u00a0\u00a0\u00a0\u00a0\u00a0\u00a0\u00a0\u00a0\u00a0\u00a0\u00a0\u00a0\u00a0\u00a0\u00a0\u00a0\u00a0\u00a0\u00a0\u00a0\u00a0\u00a0\u00a0\u00a0\u00a0\u00a0\u00a0\u00a0\u00a0\u00a0\u00a0 PAZKO IGANDEA<\/em><\/p>\n<p><strong>EUKARISTIA<\/strong><\/p>\n<p><strong>11,00<\/strong><\/p>\n<p><strong>EN LA IGLESIA DEL HOSPITAL\u00a0(COMUNIDAD DE HERMANAS)<\/strong><\/p>\n<p><img decoding=\"async\" src=\"https:\/\/www.ospitalarioakfundazioaeuskadi.org\/wp-content\/uploads\/2021\/10\/icono-0-1.jpg\" alt=\"Valores Hermanas Hospitalarias\" title=\"\"><\/p>\n<\/div>\n","protected":false},"excerpt":{"rendered":"<div class=\"entry-summary\">\nEn Hermanas Hospitalarias vivimos la Semana Santa con aquellas personas que no pueden acudir a sus parroquias debido a sus condiciones o su enfermedad.\n<\/div>\n<div class=\"link-more\"><a href=\"https:\/\/ospitalarioakfundazioaeuskadi.org\/es\/vivimos-semana-santa-hospital-aita-8047\/\" class=\"more-link\">Seguir leyendo<span class=\"screen-reader-text\"> &ldquo;As\u00ed celebramos la Semana Santa en el Hospital Aita Menni&rdquo;<\/span>&hellip;<\/a><\/div>\n","protected":false},"author":1,"featured_media":27013,"comment_status":"closed","ping_status":"closed","sticky":false,"template":"","format":"standard","meta":{"footnotes":""},"categories":[1],"tags":[],"linea-asistencial":[],"class_list":["post-34083","post","type-post","status-publish","format-standard","has-post-thumbnail","hentry","category-sin-categorizar","entry"],"_links":{"self":[{"href":"https:\/\/ospitalarioakfundazioaeuskadi.org\/es\/wp-json\/wp\/v2\/posts\/34083","targetHints":{"allow":["GET"]}}],"collection":[{"href":"https:\/\/ospitalarioakfundazioaeuskadi.org\/es\/wp-json\/wp\/v2\/posts"}],"about":[{"href":"https:\/\/ospitalarioakfundazioaeuskadi.org\/es\/wp-json\/wp\/v2\/types\/post"}],"author":[{"embeddable":true,"href":"https:\/\/ospitalarioakfundazioaeuskadi.org\/es\/wp-json\/wp\/v2\/users\/1"}],"replies":[{"embeddable":true,"href":"https:\/\/ospitalarioakfundazioaeuskadi.org\/es\/wp-json\/wp\/v2\/comments?post=34083"}],"version-history":[{"count":1,"href":"https:\/\/ospitalarioakfundazioaeuskadi.org\/es\/wp-json\/wp\/v2\/posts\/34083\/revisions"}],"predecessor-version":[{"id":53676,"href":"https:\/\/ospitalarioakfundazioaeuskadi.org\/es\/wp-json\/wp\/v2\/posts\/34083\/revisions\/53676"}],"wp:featuredmedia":[{"embeddable":true,"href":"https:\/\/ospitalarioakfundazioaeuskadi.org\/es\/wp-json\/wp\/v2\/media\/27013"}],"wp:attachment":[{"href":"https:\/\/ospitalarioakfundazioaeuskadi.org\/es\/wp-json\/wp\/v2\/media?parent=34083"}],"wp:term":[{"taxonomy":"category","embeddable":true,"href":"https:\/\/ospitalarioakfundazioaeuskadi.org\/es\/wp-json\/wp\/v2\/categories?post=34083"},{"taxonomy":"post_tag","embeddable":true,"href":"https:\/\/ospitalarioakfundazioaeuskadi.org\/es\/wp-json\/wp\/v2\/tags?post=34083"},{"taxonomy":"linea-asistencial","embeddable":true,"href":"https:\/\/ospitalarioakfundazioaeuskadi.org\/es\/wp-json\/wp\/v2\/linea-asistencial?post=34083"}],"curies":[{"name":"wp","href":"https:\/\/api.w.org\/{rel}","templated":true}]}}