{"id":35689,"date":"2021-09-30T00:00:00","date_gmt":"2021-09-30T00:00:00","guid":{"rendered":"http:\/\/194.35.43.170\/~aitamenninueva\/hospital-aita-menni-inicia-campana-14499\/"},"modified":"2022-10-25T11:40:02","modified_gmt":"2022-10-25T11:40:02","slug":"hospital-aita-menni-inicia-campana-14499","status":"publish","type":"post","link":"https:\/\/ospitalarioakfundazioaeuskadi.org\/es\/hospital-aita-menni-inicia-campana-14499\/","title":{"rendered":"El Hospital Aita Menni inicia una campa\u00f1a solidaria de ayuda a las personas afectadas por el volc\u00e1n de La Palma"},"content":{"rendered":"<div class=\"texto wysiwyg\">\n<p>Desde el \u00c1rea de Solidaridad de Aita Menni, el pasado d\u00eda 30 iniciamos una campa\u00f1a de recogida de productos para las personas afectadas por la erupci\u00f3n del volc\u00e1n Cumbre Vieja de La Palma. <b>La recogida de productos se realizar\u00e1 hasta el 10 de octubre en la sede de nuestro hospital en Arrasate-Mondrag\u00f3n<\/b>. En este contexto, se ha habilitado un espacio espec\u00edfico de recogida en la recepci\u00f3n para que toda persona que quiera colaborar pueda hacerlo depositando su donaci\u00f3n.\u00a0<\/p>\n<p><b>Nuestra instituci\u00f3n ha puesto en marcha esta iniciativa solidaria promovida por una compa\u00f1era de La Palma que es auxiliar de Aita Menni.<\/b> Una vez concluida la campa\u00f1a, los diferentes productos ser\u00e1n enviados al Ayuntamiento de El Paso (La Palma) para que los distribuya entre las personas afectadas por el volc\u00e1n y que lo han perdido todo. La empresa de mensajer\u00eda y log\u00edstica urgente<b> NACEX se ha sumado a la campa\u00f1a y realizar\u00e1 los env\u00edos de forma gratuita.<\/b>\u00a0<\/p>\n<p>Desde Aita Menni queremos agradecer p\u00fablicamente a NACEX su colaboraci\u00f3n desinteresada en la iniciativa, ya que ser\u00e1 qui\u00e9n haga el env\u00edo de los productos a La Palma sin coste alguno.\u00a0<\/p>\n<p><img decoding=\"async\" src=\"https:\/\/www.ospitalarioakfundazioaeuskadi.org\/wp-content\/uploads\/2021\/10\/solidaridad-con-la-palma2-0.jpg\" alt=\"\" title=\"\"><\/p>\n<p>A trav\u00e9s de nuestra compa\u00f1era isle\u00f1a, nos piden desde La Palma productos de aseo\/ba\u00f1o; productos de beb\u00e9: pa\u00f1ales, biberones; pijamas (todas\u00a0 las tallas); s\u00e1banas, toallas, alimentos no perecederos y mascarillas. Asimismo, aquellas personas que prefieran aportar ayuda econ\u00f3mica destinada a la compra de los productos se\u00f1alados podr\u00e1n hacerlo en la recepci\u00f3n y el Hospital Aita Menni se encargar\u00e1 de adquirir dichos productos, o bien con aportaciones econ\u00f3micas al Ayuntamiento de El Paso mediante\u00a0<span>las siguientes opciones<\/span><span>:\u00a0<\/span><\/p>\n<p>-Transferencia: La Caixa EF26 2100 7109 3122 0015 5652.<\/p>\n<p>-Bizum: c\u00f3digo 03748.<\/p>\n<p>La noticia en los medios:<\/p>\n<p><span>&#8211; <a href=\"https:\/\/mondraberri.eus\/aita-mennik-la-palmako-sumendiak-kaltetutako-pertsonentzako-produktuak-bilduko-ditu-gaurtik-aurrera\/\" target=\"_blank\" rel=\"noopener nofollow\">Aita Mennik La Palmako sumendiak kaltetutako pertsonentzako produktuak bilduko ditu gaurtik aurrera<\/a><\/span><\/p>\n<p>&#8211;\u00a0<a href=\"https:\/\/goiena.eus\/debagoiena\/1633011428369-la-palmako-sumendiak-kaltetutako-pertsonentzako-produktuen-bilketa-kanpaina-jarri-du-martxan-aita-mennik\" target=\"_blank\" rel=\"noopener nofollow\">La Palmako sumendiak kaltetutako pertsonentzako produktuen bilketa kanpaina jarri du martxan Aita Mennik<\/a><\/p>\n<p>&#8211;\u00a0<a href=\"https:\/\/www.diariovasco.com\/alto-deba\/arrasate\/aita-menni-recoge-20211001213317-ntvo.html\" target=\"_blank\" rel=\"noopener nofollow\">Aita Menni recoge productos para los damnificados por el volc\u00e1n de La Palma<\/a><\/p><\/div>\n","protected":false},"excerpt":{"rendered":"<div class=\"entry-summary\">\nSe recoger\u00e1n productos de aseo y de beb\u00e9: pa\u00f1ales, biberones, pijamas; s\u00e1banas, toallas y alimentos no perecederos. Tambi\u00e9n se pueden realizar aportaciones econ\u00f3micas en la recepci\u00f3n del hospital y al Ayuntamiento de El Paso mediante transferencia (La Caixa EF26 2100 7109 3122 0015 5652) y Bizum (c\u00f3digo 03748).\n<\/div>\n<div class=\"link-more\"><a href=\"https:\/\/ospitalarioakfundazioaeuskadi.org\/es\/hospital-aita-menni-inicia-campana-14499\/\" class=\"more-link\">Seguir leyendo<span class=\"screen-reader-text\"> &ldquo;El Hospital Aita Menni inicia una campa\u00f1a solidaria de ayuda a las personas afectadas por el volc\u00e1n de La Palma&rdquo;<\/span>&hellip;<\/a><\/div>\n","protected":false},"author":1,"featured_media":35692,"comment_status":"closed","ping_status":"closed","sticky":false,"template":"","format":"standard","meta":{"footnotes":""},"categories":[646,1042],"tags":[],"linea-asistencial":[],"class_list":["post-35689","post","type-post","status-publish","format-standard","has-post-thumbnail","hentry","category-aita-menni","category-solidaridad","entry"],"_links":{"self":[{"href":"https:\/\/ospitalarioakfundazioaeuskadi.org\/es\/wp-json\/wp\/v2\/posts\/35689","targetHints":{"allow":["GET"]}}],"collection":[{"href":"https:\/\/ospitalarioakfundazioaeuskadi.org\/es\/wp-json\/wp\/v2\/posts"}],"about":[{"href":"https:\/\/ospitalarioakfundazioaeuskadi.org\/es\/wp-json\/wp\/v2\/types\/post"}],"author":[{"embeddable":true,"href":"https:\/\/ospitalarioakfundazioaeuskadi.org\/es\/wp-json\/wp\/v2\/users\/1"}],"replies":[{"embeddable":true,"href":"https:\/\/ospitalarioakfundazioaeuskadi.org\/es\/wp-json\/wp\/v2\/comments?post=35689"}],"version-history":[{"count":1,"href":"https:\/\/ospitalarioakfundazioaeuskadi.org\/es\/wp-json\/wp\/v2\/posts\/35689\/revisions"}],"predecessor-version":[{"id":41746,"href":"https:\/\/ospitalarioakfundazioaeuskadi.org\/es\/wp-json\/wp\/v2\/posts\/35689\/revisions\/41746"}],"wp:featuredmedia":[{"embeddable":true,"href":"https:\/\/ospitalarioakfundazioaeuskadi.org\/es\/wp-json\/wp\/v2\/media\/35692"}],"wp:attachment":[{"href":"https:\/\/ospitalarioakfundazioaeuskadi.org\/es\/wp-json\/wp\/v2\/media?parent=35689"}],"wp:term":[{"taxonomy":"category","embeddable":true,"href":"https:\/\/ospitalarioakfundazioaeuskadi.org\/es\/wp-json\/wp\/v2\/categories?post=35689"},{"taxonomy":"post_tag","embeddable":true,"href":"https:\/\/ospitalarioakfundazioaeuskadi.org\/es\/wp-json\/wp\/v2\/tags?post=35689"},{"taxonomy":"linea-asistencial","embeddable":true,"href":"https:\/\/ospitalarioakfundazioaeuskadi.org\/es\/wp-json\/wp\/v2\/linea-asistencial?post=35689"}],"curies":[{"name":"wp","href":"https:\/\/api.w.org\/{rel}","templated":true}]}}