{"id":46089,"date":"2021-12-10T00:00:00","date_gmt":"2021-12-10T00:00:00","guid":{"rendered":"http:\/\/194.35.43.170\/~aitamenninueva\/?p=46089"},"modified":"2022-10-25T11:39:24","modified_gmt":"2022-10-25T11:39:24","slug":"celebramos-jornada-eutanasia-conflictos-eticos-14630","status":"publish","type":"post","link":"https:\/\/ospitalarioakfundazioaeuskadi.org\/es\/celebramos-jornada-eutanasia-conflictos-eticos-14630\/","title":{"rendered":"Celebramos la Jornada &#8216;Ley de eutanasia y conflictos \u00e9ticos a al final de la vida&#8217;"},"content":{"rendered":"<div class=\"texto wysiwyg\">\n<p>El jueves 2 de diciembre, profesionales del Hospital Aita Menni pudieron conocer mejor la Ley Org\u00e1nica 3\/2012 de Regulaci\u00f3n de la Eutanasia (LORE) as\u00ed como otras cuestiones sobre el final de la vida. Bajo el t\u00edtulo \u201cLey de eutanasia y conflictos \u00e9ticos a al final de la vida\u201d y tras la presentaci\u00f3n y bienvenida por parte del doctor <b>Manuel Mart\u00edn<\/b>, director m\u00e9dico de nuestro hospital y\u00a0coordinador de la Comisi\u00f3n de Bio\u00e9tica de la Sdad. Espa\u00f1ola de Psiquiatr\u00eda, que colabor\u00f3 en la elaboraci\u00f3n del Documento de Posicionamiento de la Sociedad Espa\u00f1ola de Psiquiatr\u00eda sobre la LORE, a trav\u00e9s de su grupo de bio\u00e9tica;\u00a0<b>I\u00f1aki Saralegui<\/b>, m\u00e9dico de la Unidad de Cuidados Paliativos y miembro del Comit\u00e9 de \u00e9tica asistencial de Araba, nos habl\u00f3 de la planificaci\u00f3n compartida de los cuidados y sobre el documento de voluntades anticipadas.<\/p>\n<p>A continuaci\u00f3n, la profesora de Bio\u00e9tica de la Facultad de Medicina y Enfermer\u00eda de la UPV <b>Mabel Mariju\u00e1n<\/b> nos acerc\u00f3 algunas cuestiones relativas el texto legal. Para finalizar la jornada, el m\u00e9dico de la Unidad de Cuidados paliativos de la OSI de \u00c1lava <b>Alberto Mel\u00e9ndez <\/b>expuso 5 escenarios que podemos encontrarnos al final de la vida.<\/p>\n<p>La jornada gratuita, a la que se inscribieron 95 personas, se celebr\u00f3 con aforo limitado en la sala de docencia del Hospital Aita Menni en Arrasate-Mondragon y tambi\u00e9n online.<\/p>\n<p>La presidenta del\u00a0<a href=\"nuestro-comite-etica-asistencial-11166.html\" target=\"_blank\" rel=\"noopener\">Comit\u00e9 de \u00c9tica Asistencial<\/a>\u00a0(CEA) del Hospital Aita Menni,\u00a0<b>Leire Gonz\u00e1lez<\/b>, explic\u00f3 por qu\u00e9 resulta conveniente <a href=\"como-gustaria-cuidaran-final-vida-12756.html\" target=\"_blank\" rel=\"noopener\">reflexionar de nuevo sobre estos temas<\/a>, y en concreto sobre la LORE y su contenido, ya que abre un nuevo marco legal y otra cobertura jur\u00eddica. Asimismo dio las gracias a quienes participaron presencial y de manera telem\u00e1tica, desde Teruel a Barcelona, pasando por Arrasate, Durango y Txurdinaga en Bilbao,\u00a0en diferentes salas, y en especial a la doctora\u00a0<b>Eglee Castillo<\/b>\u00a0y a la psic\u00f3loga\u00a0<b>Ana Dominguez<\/b>\u00a0por su implicaci\u00f3n en la organizaci\u00f3n de este monogr\u00e1fico.<\/p>\n<p><img decoding=\"async\" src=\"https:\/\/www.ospitalarioakfundazioaeuskadi.org\/wp-content\/uploads\/2022\/09\/leire-gonzalez\ufe561.jpg\" alt=\"\" title=\"\"><\/p>\n<h2 class=\"titulo2\">Planificaci\u00f3n compartida de los cuidados<\/h2>\n<p>El doctor <b>Saralegui<\/b> <a href=\"aita-menni-promueve-formacion-profesionales-11249.html\" target=\"_blank\" rel=\"noopener\">nos record\u00f3<\/a> lo importante que es reflexionar sobre aquellos <a href=\"https:\/\/www.euskadi.eus\/contenidos\/informacion\/voluntades_anticipadas\/es_def\/adjuntos\/Reflexione-reflexione-va.pdf\" target=\"_blank\" rel=\"noopener nofollow\">valores y preferencias que queremos que nos acompa\u00f1en al final de la vida<\/a>, en un entorno de planificaci\u00f3n compartida de los cuidados, que nos lleve a redactar el <a href=\"https:\/\/www.euskadi.eus\/gobierno-vasco\/-\/informacion\/registro-vasco-de-voluntades-anticipadas\/\" target=\"_blank\" rel=\"noopener nofollow\">documento de voluntades anticipadas<\/a>\u00a0(DVA) o de planificaci\u00f3n anticipada de las decisiones, m\u00e1s conocido a nivel de calle como testamento vital. Dirigido al equipo m\u00e9dico que nos atender\u00e1 al final de la vida para que tenga en cuenta nuestras preferencias, incluye el \u00e1mbito sanitario y sociosanitario. Adem\u00e1s, este documento nos invita a elegir a las personas que van a ser nuestra voz en esa etapa en caso de no estar en condiciones de manifestar nuestra voluntad.<\/p>\n<p>\u00bfEn el final de mi vida, qu\u00e9 cuestiones son las m\u00e1s importantes para m\u00ed?\u00a0Dar respuesta a esta pregunta es desde 2014 en Osakidetza un proyecto comunitario, que abarca a las personas sanas tambi\u00e9n. \u201cPretendemos que se promueva la reflexi\u00f3n y asesoramos a las asociaciones de pacientes: primero pacientes cr\u00f3nicos, mayores y personas al final de la vida, pero tambi\u00e9n que llegue a cualquiera que est\u00e9 esperando una cita en el ambulatorio\u201d, subray\u00f3 <b>Saralegui<\/b>. \u00bfC\u00f3mo? De muchas formas: dando charlas como esta, promoviendo que haya personas referentes del proyecto en cada centro asistencial o quedando para jugar a las cartas con un juego muy que ayuda a facilitar la conversaci\u00f3n para plantear preguntas sobre el final de la vida (se pueden <a href=\"https:\/\/www.alfinaldelavida.org\/cartas-en-el-final-de-mi-vida-que-es-importante-para-mi\/\" target=\"_blank\" rel=\"noopener nofollow\">adquirir en la web Alfinaldelavida.org<\/a>).<\/p>\n<p class=\"MsoListParagraphCxSpFirst\">\u00abTal vez por la aprobaci\u00f3n de la Ley de la eutanasia, cada vez se habla m\u00e1s de todo esto\u00bb, dijo <b>Saralegui <\/b>a la par que destac\u00f3 que el perfil &#8216;tipo&#8217; de persona que registra el documento de voluntades anticipadas es el de una mujer de 67 a\u00f1os que cuida de su madre con demencia, dentro de una familia en la que la decisi\u00f3n de ingreso en una residencia fue conflictiva. \u00abQuiero dejar las cosas claras para m\u00ed y no ser una fuente de problemas para mis hijos\u00bb, es la idea que impulsa a las personas que rellenan el DVA.<\/p>\n<h2 class=\"MsoNormal titulo2\">Ley Org\u00e1nica 3\/2012 de regulaci\u00f3n de la eutanasia. Acercamiento a los profesionales sanitarios.<\/h2>\n<p>La eutanasia es el acto deliberado de dar fin a la vida de una persona, producido por voluntad expresa de la propia persona y con el objeto de evitar un sufrimiento.\u00a0<b>Mabel Mariju\u00e1n<\/b> nos habl\u00f3 de la <a href=\"https:\/\/www.boe.es\/eli\/es\/lo\/2021\/03\/24\/3\" target=\"_blank\" rel=\"noopener nofollow\">Ley Org\u00e1nica 3\/2021, de 24 de marzo<\/a>, de regulaci\u00f3n de la eutanasia, en vigor desde junio de 2021. Realiz\u00f3 un repaso hist\u00f3rico sobre nuestra autonom\u00eda como personas a la hora de decidir sobre nuestra muerte, algo muy propio del siglo XX \u2013dijo- ya que no es hasta 1986 cuando se promulga la primera declaraci\u00f3n de los derechos de los pacientes, en el Art\u00edculo 10 de la Ley Org\u00e1nica 3\/1986 General de Sanidad de 14 de abril 1986. \u201cAntes se daba una relaci\u00f3n de mandato\/obediencia en la que prevalec\u00eda el criterio de quien prestaba la ayuda. Aunque cambian la forma, esto hoy en el d\u00eda a d\u00eda no ha cambiado mucho. Todav\u00eda hoy sigue siendo muy paternalista.<\/p>\n<p>En 2002 se aprueba la ley de autonom\u00eda del paciente, que reconoce los derechos a la informaci\u00f3n y la autonom\u00eda del paciente, empezamos a pasar de \u2018si no quieres te vas\u2019 a, si no quieres, hay otras posibilidades para ayudarte a tener una buena muerte\u201d, declar\u00f3 la doctora en Medicina y profesora de Bio\u00e9tica de la UPV\/EHU.\u00a0Y a\u00f1adi\u00f3: \u201cEsta ley desarrolla las voluntades anticipadas y tendr\u00eda que atender tambi\u00e9n a las personas con enfermedad mental, tengan capacidad para decidir por s\u00ed solas o no, habr\u00e1 que ver c\u00f3mo\u201d.<\/p>\n<p><img decoding=\"async\" src=\"https:\/\/www.ospitalarioakfundazioaeuskadi.org\/wp-content\/uploads\/2022\/09\/sin-titulo\ufe561.jpg\" alt=\"\" title=\"\"><\/p>\n<p>\u00abParalelamente a los derechos de los pacientes aparecen los derechos al final de la vida. Paralelamente tambi\u00e9n los cuidados paliativos, como derecho, no como un favor. La eutanasia, es decir, la posibilidad de pedir ayuda a profesionales sanitarios pasa a formar parte de los derechos individuales, no solo despenaliza el homicidio por compasi\u00f3n: regula lo requisitos, el procedimiento y los controles, c\u00f3mo ejecutarla, permite la objeci\u00f3n de conciencia y exonera de responsabilidad. El texto legal no nombra el suicidio, habla de ayuda para morir administrando el medicamente legal o autoadministr\u00e1ndoselo, siempre en presencia del personal sanitario\u00bb, aclar\u00f3 la doctora <b>Mariju\u00e1n<\/b>.<\/p>\n<p>En su art\u00edculo 5, la LORE plantea supuestos y especifica todos los requisitos y garant\u00edas necesarios para poder recibir la prestaci\u00f3n de ayuda para morir. As\u00ed, es igual para todos los espa\u00f1oles o residentes legales en Espa\u00f1a, tanto en el sistema p\u00fablico como en el privado. Para acogerse a ella hay que ser mayor de edad y actuar sin presiones externas, adem\u00e1s de disponer por escrito de informaci\u00f3n sobre su proceso de atenci\u00f3n m\u00e9dica y alternativas, adem\u00e1s de haber formulado por escrito dos solicitudes con un intervalo de 15 d\u00edas y sufrir una enfermedad grave con un sufrimiento insoportable. Por supuesto, prestar consentimiento informado.<\/p>\n<p><b>\u00abJam\u00e1s, no se puede, es ilegal, pedir la eutanasia para otra persona\u00bb<\/b>, recalc\u00f3 <b>Mabel Mariju\u00e1n<\/b>. Ya fuera de tiempo ante la avalancha de preguntas, remiti\u00f3 la resoluci\u00f3n de algunas dudas al\u00a0<a href=\"https:\/\/www.mscbs.gob.es\/eutanasia\/docs\/Manual_BBPP_eutanasia.pdf\" target=\"_blank\" rel=\"noopener nofollow\">Manual de buenas pr\u00e1cticas en eutanasia<\/a> del Ministerio de Sanidad.<\/p>\n<p><img decoding=\"async\" src=\"https:\/\/www.ospitalarioakfundazioaeuskadi.org\/wp-content\/uploads\/2022\/09\/captura\ufe560.jpg\" alt=\"\" title=\"\"><\/p>\n<h2 class=\"MsoListParagraphCxSpLast titulo2\">5 escenarios<\/h2>\n<p>\u00abEl miedo a la muerte lo tiene todo el mundo, pero m\u00e1s que miedo a la muerte misma es miedo al tr\u00e1nsito\u00bb, afirm\u00f3 citando a\u00a0<b>Gabriel Garc\u00eda M\u00e1rquez. \u00ab<\/b>Y morirse se ha convertido en un camino largo, duro y lleno de incertidumbres\u00bb, a\u00f1adi\u00f3, insistiendo al personal sanitario en que \u00abhay que bajarse del pedestal, porque la mayor\u00eda\u00a0respetamos las decisiones del enfermo o de la familia cuando coinciden con las nuestras\u00bb.<\/p>\n<p>Sedaci\u00f3n paliativa, eutanasia, suicidio asistido, rechazo al tratamiento y adecuaci\u00f3n (limitaci\u00f3n) del esfuerzo terap\u00e9utico son algunos de los escenarios que podemos encontrarnos cuando una persona\u00a0llega al final de su vida. Las diferencias entre s\u00ed y sus caracter\u00edsticas fueron expuestas por <b>Alberto Mel\u00e9ndez<\/b>, m\u00e9dico de familia, m\u00e1ster en medicina paliativa y presidente de Arinduz-Sociedad de Cuidados Paliativos de Euskadi. \u00abDescender el nivel de consciencia no es lo mismo que suprimir la vida biol\u00f3gica. No estamos provocando la muerte, la muerte est\u00e1 llegando. Forma parte de una buena atenci\u00f3n. Es una buena praxis. No se debe confundir sedaci\u00f3n con eutanasia\u00bb,\u00a0aclar\u00f3, para concluir diciendo que se precisa m\u00e1s formaci\u00f3n profesional, m\u00e1s formaci\u00f3n humana para tener la posibilidad de servir de alivio al sufrimiento\u00a0en los \u00faltimos d\u00edas.<\/p>\n<\/div>\n","protected":false},"excerpt":{"rendered":"<div class=\"entry-summary\">\nEl 2 diciembre, con aforo limitado en la sala de docencia del Hospital Aita Menni en Arrasate-Mondragon y tambi\u00e9n online. Nuestro Comit\u00e9 de \u00c9tica Asistencial organiz\u00f3 una jornada monogr\u00e1fica tras la aprobaci\u00f3n de la Ley Org\u00e1nica de Regulaci\u00f3n de la Eutanasia (LORE).\n<\/div>\n<div class=\"link-more\"><a href=\"https:\/\/ospitalarioakfundazioaeuskadi.org\/es\/celebramos-jornada-eutanasia-conflictos-eticos-14630\/\" class=\"more-link\">Seguir leyendo<span class=\"screen-reader-text\"> &ldquo;Celebramos la Jornada &#8216;Ley de eutanasia y conflictos \u00e9ticos a al final de la vida&#8217;&rdquo;<\/span>&hellip;<\/a><\/div>\n","protected":false},"author":1,"featured_media":46094,"comment_status":"closed","ping_status":"closed","sticky":false,"template":"","format":"standard","meta":{"footnotes":""},"categories":[646,1040,1036],"tags":[],"linea-asistencial":[],"class_list":["post-46089","post","type-post","status-publish","format-standard","has-post-thumbnail","hentry","category-aita-menni","category-bioetica","category-conocimiento","entry"],"_links":{"self":[{"href":"https:\/\/ospitalarioakfundazioaeuskadi.org\/es\/wp-json\/wp\/v2\/posts\/46089","targetHints":{"allow":["GET"]}}],"collection":[{"href":"https:\/\/ospitalarioakfundazioaeuskadi.org\/es\/wp-json\/wp\/v2\/posts"}],"about":[{"href":"https:\/\/ospitalarioakfundazioaeuskadi.org\/es\/wp-json\/wp\/v2\/types\/post"}],"author":[{"embeddable":true,"href":"https:\/\/ospitalarioakfundazioaeuskadi.org\/es\/wp-json\/wp\/v2\/users\/1"}],"replies":[{"embeddable":true,"href":"https:\/\/ospitalarioakfundazioaeuskadi.org\/es\/wp-json\/wp\/v2\/comments?post=46089"}],"version-history":[{"count":3,"href":"https:\/\/ospitalarioakfundazioaeuskadi.org\/es\/wp-json\/wp\/v2\/posts\/46089\/revisions"}],"predecessor-version":[{"id":46960,"href":"https:\/\/ospitalarioakfundazioaeuskadi.org\/es\/wp-json\/wp\/v2\/posts\/46089\/revisions\/46960"}],"wp:featuredmedia":[{"embeddable":true,"href":"https:\/\/ospitalarioakfundazioaeuskadi.org\/es\/wp-json\/wp\/v2\/media\/46094"}],"wp:attachment":[{"href":"https:\/\/ospitalarioakfundazioaeuskadi.org\/es\/wp-json\/wp\/v2\/media?parent=46089"}],"wp:term":[{"taxonomy":"category","embeddable":true,"href":"https:\/\/ospitalarioakfundazioaeuskadi.org\/es\/wp-json\/wp\/v2\/categories?post=46089"},{"taxonomy":"post_tag","embeddable":true,"href":"https:\/\/ospitalarioakfundazioaeuskadi.org\/es\/wp-json\/wp\/v2\/tags?post=46089"},{"taxonomy":"linea-asistencial","embeddable":true,"href":"https:\/\/ospitalarioakfundazioaeuskadi.org\/es\/wp-json\/wp\/v2\/linea-asistencial?post=46089"}],"curies":[{"name":"wp","href":"https:\/\/api.w.org\/{rel}","templated":true}]}}