{"id":46111,"date":"2022-03-08T00:00:00","date_gmt":"2022-03-08T00:00:00","guid":{"rendered":"http:\/\/194.35.43.170\/~aitamenninueva\/?p=46111"},"modified":"2022-10-25T11:36:57","modified_gmt":"2022-10-25T11:36:57","slug":"doble-estigma-enfrentan-mujeres-problemas-14803","status":"publish","type":"post","link":"https:\/\/ospitalarioakfundazioaeuskadi.org\/es\/doble-estigma-enfrentan-mujeres-problemas-14803\/","title":{"rendered":"El doble estigma al que se enfrentan las mujeres con problemas de salud mental"},"content":{"rendered":"<div class=\"texto wysiwyg\">\n<p>&nbsp;<\/p>\n<p>Cada 8 de marzo (8M) celebramos el D\u00eda Internacional de la Mujer y desde Hermanas Hospitalarias queremos dar visibilidad al doble estigma al que se enfrentan las mujeres con problemas de salud mental. Hace 140 a\u00f1os esta instituci\u00f3n fue la primera en Espa\u00f1a en atender de forma especializada a mujeres con problemas de salud mental y hoy seguimos en este camino de luchar por los derechos de estas mujeres, por una igualdad real.<\/p>\n<div class=\"cookieconsent-optout-marketing\">\n<div class=\"alert alert-warning\">Este contenido est\u00e1 alojado en un proveedor externo. Si quieres verlo, debes <a href=\"javascript:Cookiebot.renew()\" style=\"cursor:pointer;text-decoration:underline;\">aceptar las cookies de la categor\u00eda \"Otras\"<\/a> en la Configuraci\u00f3n de Cookies.<\/div><\/div><iframe loading=\"lazy\" title=\"MUJER Y SALUD MENTAL. CAMPA\u00d1A VIVE Y CONVIVE 2021\" width=\"889\" height=\"500\" src=\"https:\/\/www.youtube.com\/embed\/8Ctsh6l69yc?feature=oembed\" frameborder=\"0\" allow=\"accelerometer; autoplay; clipboard-write; encrypted-media; gyroscope; picture-in-picture\" allowfullscreen><\/iframe><\/p>\n<p>La Comisi\u00f3n de Mujer y G\u00e9nero de la L\u00ednea de Rehabilitaci\u00f3n Psicosocial de Hermanas Hospitalarias impulsa la perspectiva de g\u00e9nero en la rehabilitaci\u00f3n psicosocial. Compartir buenas pr\u00e1cticas e impulsar iniciativas que nos ayuden a visibilizar la situaci\u00f3n de especial vulnerabilidad que sufren las mujeres con trastorno mental grave son dos de sus prioridades. Y por supuesto, poner encima de la mesa la situaci\u00f3n de violencia contra la mujer en la aparici\u00f3n y agravamiento de problemas de salud mental. El riesgo que tiene una mujer con problemas de salud mental de sufrir violencia en la pareja se multiplica entre 2 y 4 veces respecto a las mujeres en general.<\/p>\n<p>Nuestra Comisi\u00f3n de Mujer y G\u00e9nero tiene claro que el abordaje debe realizarse desde distintos prismas: por un lado, promover iniciativas para introducir la perspectiva de g\u00e9nero desde la propia intervenci\u00f3n. Formarnos como profesionales para poder ayudar a romper con esta situaci\u00f3n. Por otro lado, es fundamental el trabajo en red y no solo en las redes de salud mental, sino integrar y buscar la participaci\u00f3n de estas mujeres en todos los espacios comunitarios.<\/p>\n<p><a href=\"https:\/\/visualthinking.info\/menniesp\/wp-content\/uploads\/2022\/03\/manifiesto-8-m\ufe561.pdf\" target=\"_blank\" rel=\"noopener nofollow\"><img decoding=\"async\" src=\"https:\/\/www.ospitalarioakfundazioaeuskadi.org\/wp-content\/uploads\/2022\/09\/manifiesto-8-m\ufe560.jpg\" alt=\"\" title=\"\"><\/a><\/p>\n<p class=\"titulo2\">Manifiesto 8M<\/p>\n<p>Las integrantes de la Comisi\u00f3n quieren dar voz a estas mujeres, a usuarias de distintos centros de Rehabilitaci\u00f3n Psicosocial de Hermanas Hospitalarias, a trav\u00e9s del <b><span id=\"selectionBoundary_1646728079900_8433943959315047\" class=\"rangySelectionBoundary\" style=\"line-height: 0; display: none;\">\u00ef\u00bb\u00bf<\/span><a href=\"https:\/\/visualthinking.info\/menniesp\/wp-content\/uploads\/2022\/03\/manifiesto-8-m\ufe561.pdf\" target=\"_blank\" rel=\"noopener nofollow\">Manifiesto que han redactado con motivo del 8M<\/a>\u00ef\u00bb\u00bf<\/b>. Se sienten especialmente orgullosas de compartir este primer Manifiesto que han elaborado usuarias que componen grupos de mujeres de diferentes recursos de rehabilitaci\u00f3n psicosocial. No hay nada que empodere m\u00e1s que tomar la palabra para hacer sus propias demandas y reivindicaciones, en primera persona.<\/p>\n<\/div>\n","protected":false},"excerpt":{"rendered":"<div class=\"entry-summary\">\nCon motivo del 8 de marzo, D\u00eda Internacional de la Mujer, queremos dar visibilidad a la situaci\u00f3n. Hace 140 a\u00f1os, Hermanas Hospitalarias fue la primera instituci\u00f3n en Espa\u00f1a en atender de forma especializada a mujeres con problemas de salud mental y hoy seguimos luchando por una igualdad real.\n<\/div>\n<div class=\"link-more\"><a href=\"https:\/\/ospitalarioakfundazioaeuskadi.org\/es\/doble-estigma-enfrentan-mujeres-problemas-14803\/\" class=\"more-link\">Seguir leyendo<span class=\"screen-reader-text\"> &ldquo;El doble estigma al que se enfrentan las mujeres con problemas de salud mental&rdquo;<\/span>&hellip;<\/a><\/div>\n","protected":false},"author":1,"featured_media":46112,"comment_status":"closed","ping_status":"closed","sticky":false,"template":"","format":"standard","meta":{"footnotes":""},"categories":[646,664,1043],"tags":[],"linea-asistencial":[979],"class_list":["post-46111","post","type-post","status-publish","format-standard","has-post-thumbnail","hentry","category-aita-menni","category-hermanas-hospitalarias","category-igualdad","linea-asistencial-1-salud-mental","entry"],"_links":{"self":[{"href":"https:\/\/ospitalarioakfundazioaeuskadi.org\/es\/wp-json\/wp\/v2\/posts\/46111","targetHints":{"allow":["GET"]}}],"collection":[{"href":"https:\/\/ospitalarioakfundazioaeuskadi.org\/es\/wp-json\/wp\/v2\/posts"}],"about":[{"href":"https:\/\/ospitalarioakfundazioaeuskadi.org\/es\/wp-json\/wp\/v2\/types\/post"}],"author":[{"embeddable":true,"href":"https:\/\/ospitalarioakfundazioaeuskadi.org\/es\/wp-json\/wp\/v2\/users\/1"}],"replies":[{"embeddable":true,"href":"https:\/\/ospitalarioakfundazioaeuskadi.org\/es\/wp-json\/wp\/v2\/comments?post=46111"}],"version-history":[{"count":3,"href":"https:\/\/ospitalarioakfundazioaeuskadi.org\/es\/wp-json\/wp\/v2\/posts\/46111\/revisions"}],"predecessor-version":[{"id":46980,"href":"https:\/\/ospitalarioakfundazioaeuskadi.org\/es\/wp-json\/wp\/v2\/posts\/46111\/revisions\/46980"}],"wp:featuredmedia":[{"embeddable":true,"href":"https:\/\/ospitalarioakfundazioaeuskadi.org\/es\/wp-json\/wp\/v2\/media\/46112"}],"wp:attachment":[{"href":"https:\/\/ospitalarioakfundazioaeuskadi.org\/es\/wp-json\/wp\/v2\/media?parent=46111"}],"wp:term":[{"taxonomy":"category","embeddable":true,"href":"https:\/\/ospitalarioakfundazioaeuskadi.org\/es\/wp-json\/wp\/v2\/categories?post=46111"},{"taxonomy":"post_tag","embeddable":true,"href":"https:\/\/ospitalarioakfundazioaeuskadi.org\/es\/wp-json\/wp\/v2\/tags?post=46111"},{"taxonomy":"linea-asistencial","embeddable":true,"href":"https:\/\/ospitalarioakfundazioaeuskadi.org\/es\/wp-json\/wp\/v2\/linea-asistencial?post=46111"}],"curies":[{"name":"wp","href":"https:\/\/api.w.org\/{rel}","templated":true}]}}