{"id":46124,"date":"2021-12-07T00:00:00","date_gmt":"2021-12-07T00:00:00","guid":{"rendered":"http:\/\/194.35.43.170\/~aitamenninueva\/?p=46124"},"modified":"2022-10-25T11:39:27","modified_gmt":"2022-10-25T11:39:27","slug":"festival-dokumentala-organizado-argia-fundazioa-14628","status":"publish","type":"post","link":"https:\/\/ospitalarioakfundazioaeuskadi.org\/es\/festival-dokumentala-organizado-argia-fundazioa-14628\/","title":{"rendered":"El festival Dokumentala, organizado por Argia Fundazioa, premia nuestro corto &#8216;Zarena Gara&#8217;"},"content":{"rendered":"<div class=\"texto wysiwyg\">\n<p>La segunda edici\u00f3n del festival Dokumentala, organizado por la <a href=\"https:\/\/www.argiafundazioa.org\/\" target=\"_blank\" rel=\"noopener nofollow\">Fundaci\u00f3n Argia<\/a>, ha premiado al cortometraje <a href=\"https:\/\/www.youtube.com\/watch?v=AKbD7VI5vyA\" target=\"_blank\" rel=\"noopener nofollow\">\u2018Zarena Gara\u2019<\/a> producido por el Hospital Aita Menni <a href=\"estrenamos-zarena-gara-corto-contra-12365.html\" target=\"_blank\" rel=\"noopener\">en colaboraci\u00f3n con el Grado de Comunicaci\u00f3n Audiovisual de la Facultad de Humanidades y Ciencias de la Educaci\u00f3n de Mondragon Unibertsitatea<\/a> para contribuir a la integraci\u00f3n y la participaci\u00f3n en la vida en comunidad de las personas con enfermedad mental.<\/p>\n<p>Dokumentala naci\u00f3 en 2020 para mostrar, mediante el lenguaje del cine, el poder transformador del apoyo social. Es por ello que el eje tem\u00e1tico de los cortometrajes presentados es visibilizar relaciones de apoyo que se pueden dar en la sociedad y que generan cambios positivos en las personas, en los colectivos y en los municipios. El festival cuenta con el apoyo del Departamento de Acci\u00f3n Social y el Departamento de Euskera, Cultura y Deporte de la Diputaci\u00f3n Foral de Bizkaia y la Fundaci\u00f3n BBK.<\/p>\n<p>La Fundaci\u00f3n Argia, impulsada por Padres Trinitarios de Algorta, es una entidad de prestigio en Euskadi que lleva m\u00e1s de 30 a\u00f1os acompa\u00f1ando a personas con enfermedad mental para mejorar su calidad de vida y la imagen que la sociedad tiene de ellas. Aita Menni se llev\u00f3 el premio en la categor\u00eda de mejor cortometraje presentado por una entidad social.<\/p>\n<p><img decoding=\"async\" src=\"https:\/\/www.ospitalarioakfundazioaeuskadi.org\/wp-content\/uploads\/2022\/09\/premio-argia2\ufe560.jpg\" alt=\"\" title=\"\"><\/p>\n<p>El galard\u00f3n fue entregado el pasado d\u00eda 2 en la gala organizada por Argia Fundazioa en la sala BBK de Bilbao y a la que asisti\u00f3 el director gerente de Aita Menni, <b>Mikel Tellaeche<\/b>, junto con un buen n\u00famero de profesionales\u00a0de los\u00a0<a href=\"..\/psiquiatria\/centros-rehabilitacion-psicosocial\/index.html\" target=\"_blank\" rel=\"noopener\">Centros de Rehabilitaci\u00f3n Psicosocial<\/a>\u00a0 (CRPS). Recogieron el premio, de manos del padre <b>Mart\u00edn Baraiazarra<\/b>, presidente de Argia, <b>Vicente Hueso<\/b>, coordinador de los\u00a0dispositivos comunitarios para personas con enfermedad mental\u00a0gestionados por nuestro hospital, e <b>Intza Maiora<\/b>, educadora social del CRPS de Beasain.<\/p>\n<h2 class=\"titulo2\">El corto \u2018Zarena Gara\u2019<\/h2>\n<p>&#8216;Zarena Gara&#8217;, en castellano &#8216;Somos lo que eres&#8217;, es el primer proyecto de colaboraci\u00f3n que Aita Menni llev\u00f3 a cabo en 2018 con la Facultad de Humanidades y Ciencias de la Educaci\u00f3n de Mondragon Unibertsitatea. La pel\u00edcula forma parte del trabajo de fin de grado (TFG) del Grado en Comunicaci\u00f3n Audiovisual de: <b>Saioa Murua<\/b> y <b>Jon G\u00e1rate<\/b>, como guionistas, e <b>Iratz Urkizu<\/b>, c\u00e1mara. La direcci\u00f3n ha corrido a cargo de <b>Idoia Astigarraga<\/b>, tutora del proyecto, y <b>Aitor Zuberogoitia<\/b>, coordinador del TFG.<\/p>\n<p>El cortometraje muestra un d\u00eda completo de un joven de 30 a\u00f1os diagnosticado con esquizofrenia que hace vida normal, yendo a trabajar, haciendo deporte y saliendo con sus amigos para cenar.<\/p>\n<div class=\"cookieconsent-optout-marketing\">\n<div class=\"alert alert-warning\">Este contenido est\u00e1 alojado en un proveedor externo. Si quieres verlo, debes <a href=\"javascript:Cookiebot.renew()\" style=\"cursor:pointer;text-decoration:underline;\">aceptar las cookies de la categor\u00eda \"Otras\"<\/a> en la Configuraci\u00f3n de Cookies.<\/div><\/div><iframe loading=\"lazy\" title=\"&#039;Zarena gara&#039;, un corto contra el estigma. Hospital Aita Menni - Mondrag\u00f3n (Gipuzkoa)\" width=\"889\" height=\"500\" src=\"https:\/\/www.youtube.com\/embed\/AKbD7VI5vyA?feature=oembed\" frameborder=\"0\" allow=\"accelerometer; autoplay; clipboard-write; encrypted-media; gyroscope; picture-in-picture\" allowfullscreen><\/iframe><\/p>\n<p>&#8216;Zarena Gara&#8217; trata de poner en relieve las dificultades que tienen las personas con enfermedad mental para hacer una vida normal porque hay quienes de alguna\u00a0forma las excluyen y les hacen pensar que no tienen las capacidades para hacerlo. \u00abQuisimos realizar un corto porque el formato audiovisual llega m\u00e1s lejos que las palabras\u00bb, dijo <b>Vicente Hueso<\/b> al recoger el premio. Termin\u00f3 transmitiendo un mensaje de parte de las personas con enfermedad mental que atendemos:\u00a0\u00abSomos personas, somos como vosotros, como todos los dem\u00e1s. Que nos escuchen, que practiquen la empat\u00eda y que nos conozcan. Posiblemente entonces llegar\u00e1n a la conclusi\u00f3n de que somos iguales\u00bb, concluy\u00f3.<\/p>\n<h2 class=\"titulo2\">M\u00e1s de 115 propuestas<\/h2>\n<p>En total, han sido 115 las propuestas que se han presentado en esta segunda edici\u00f3n de Dokumentala, de diferentes comunidades aut\u00f3nomas y pa\u00edses y donde cabe destacar, seg\u00fan se\u00f1alan desde la Fundaci\u00f3n Argia, \u201cla calidad de las propuestas y el abanico de las mismas, que han ido desde la denuncia de situaciones de vulneraci\u00f3n de derechos humanos, de desarraigo y abandono, hasta dibujar diferentes situaciones sociales donde las personas van tejiendo redes de apoyo para ir construyendo una comunidad donde sostener la diferencia\u201d.<\/p>\n<p>Un jurado formado por personas vinculadas al mundo del cine, a la Facultad de Bellas Artes de la UPV\/EHU, y usuarias y profesionales de Argia Fundazioa, han determinado los cuatro cortometrajes ganadores, en las categor\u00edas de premio junior, premios a mejores cortometrajes de ficci\u00f3n y el premio Argia Fundazioa que reconoce al mejor cortometraje presentado por una entidad social.<\/p>\n<h2 class=\"titulo2\">La noticia en los medios:<\/h2>\n<ul>\n<li><a href=\"https:\/\/www.diariovasco.com\/alto-deba\/arrasate\/premian-aita-menni-20211205211915-ntvo.html\" target=\"_blank\" rel=\"noopener nofollow\">Premian a Aita Menni por un corto sobre el estigma de la enfermedad mental<\/a><\/li>\n<li><a href=\"https:\/\/mondraberri.eus\/aita-menni-eta-huheziren-lan-batek-saria-lortu-du-estigmaren-aurka\/\" target=\"_blank\" rel=\"noopener nofollow\">Estigmen aurka, HUHEZI eta Aita Menniren film laburrak saria lortu du<\/a><\/li>\n<li><a href=\"https:\/\/www.20minutos.es\/noticia\/4915732\/0\/premian-al-hospital-aita-menni-de-arrasate-por-un-corto-contra-el-estigma-hacia-las-personas-con-enfermedad-mental\/\" target=\"_blank\" rel=\"noopener nofollow\">Premian al Hospital Aita Menni de Arrasate por un corto contra el estigma hacia las personas con enfermedad mental<\/a><\/li>\n<\/ul>\n<\/div>\n","protected":false},"excerpt":{"rendered":"<div class=\"entry-summary\">\nPor su mensaje de esperanza para las personas con trastorno mental grave. El cortometraje fue realizado junto con el Grado de Comunicaci\u00f3n Audiovisual de  Facultad de Humanidades y Ciencias de la Educaci\u00f3n de Mondragon Unibertsitatea.\n<\/div>\n<div class=\"link-more\"><a href=\"https:\/\/ospitalarioakfundazioaeuskadi.org\/es\/festival-dokumentala-organizado-argia-fundazioa-14628\/\" class=\"more-link\">Seguir leyendo<span class=\"screen-reader-text\"> &ldquo;El festival Dokumentala, organizado por Argia Fundazioa, premia nuestro corto &#8216;Zarena Gara&#8217;&rdquo;<\/span>&hellip;<\/a><\/div>\n","protected":false},"author":1,"featured_media":46127,"comment_status":"closed","ping_status":"closed","sticky":false,"template":"","format":"standard","meta":{"footnotes":""},"categories":[646,1008],"tags":[],"linea-asistencial":[979],"class_list":["post-46124","post","type-post","status-publish","format-standard","has-post-thumbnail","hentry","category-aita-menni","category-hospital-aita-menni","linea-asistencial-1-salud-mental","entry"],"_links":{"self":[{"href":"https:\/\/ospitalarioakfundazioaeuskadi.org\/es\/wp-json\/wp\/v2\/posts\/46124","targetHints":{"allow":["GET"]}}],"collection":[{"href":"https:\/\/ospitalarioakfundazioaeuskadi.org\/es\/wp-json\/wp\/v2\/posts"}],"about":[{"href":"https:\/\/ospitalarioakfundazioaeuskadi.org\/es\/wp-json\/wp\/v2\/types\/post"}],"author":[{"embeddable":true,"href":"https:\/\/ospitalarioakfundazioaeuskadi.org\/es\/wp-json\/wp\/v2\/users\/1"}],"replies":[{"embeddable":true,"href":"https:\/\/ospitalarioakfundazioaeuskadi.org\/es\/wp-json\/wp\/v2\/comments?post=46124"}],"version-history":[{"count":3,"href":"https:\/\/ospitalarioakfundazioaeuskadi.org\/es\/wp-json\/wp\/v2\/posts\/46124\/revisions"}],"predecessor-version":[{"id":46942,"href":"https:\/\/ospitalarioakfundazioaeuskadi.org\/es\/wp-json\/wp\/v2\/posts\/46124\/revisions\/46942"}],"wp:featuredmedia":[{"embeddable":true,"href":"https:\/\/ospitalarioakfundazioaeuskadi.org\/es\/wp-json\/wp\/v2\/media\/46127"}],"wp:attachment":[{"href":"https:\/\/ospitalarioakfundazioaeuskadi.org\/es\/wp-json\/wp\/v2\/media?parent=46124"}],"wp:term":[{"taxonomy":"category","embeddable":true,"href":"https:\/\/ospitalarioakfundazioaeuskadi.org\/es\/wp-json\/wp\/v2\/categories?post=46124"},{"taxonomy":"post_tag","embeddable":true,"href":"https:\/\/ospitalarioakfundazioaeuskadi.org\/es\/wp-json\/wp\/v2\/tags?post=46124"},{"taxonomy":"linea-asistencial","embeddable":true,"href":"https:\/\/ospitalarioakfundazioaeuskadi.org\/es\/wp-json\/wp\/v2\/linea-asistencial?post=46124"}],"curies":[{"name":"wp","href":"https:\/\/api.w.org\/{rel}","templated":true}]}}