{"id":46140,"date":"2021-10-14T00:00:00","date_gmt":"2021-10-14T00:00:00","guid":{"rendered":"http:\/\/194.35.43.170\/~aitamenninueva\/?p=46140"},"modified":"2022-10-25T11:39:47","modified_gmt":"2022-10-25T11:39:47","slug":"hospital-aita-menni-presente-congreso-14521","status":"publish","type":"post","link":"https:\/\/ospitalarioakfundazioaeuskadi.org\/es\/hospital-aita-menni-presente-congreso-14521\/","title":{"rendered":"El Hospital Aita Menni, muy presente en el XIV Congreso Nacional de Psiquiatr\u00eda Privada"},"content":{"rendered":"<div class=\"texto wysiwyg\">\n<p>Bajo el lema \u201cCambio social, Psiquiatr\u00eda y covid\u201d, durante los d\u00edas 14 al 16 octubre, la <a href=\"https:\/\/www.asepp.es\/\" target=\"_blank\" rel=\"noopener nofollow\">Asociaci\u00f3n Espa\u00f1ola de Psiquiatr\u00eda Privada<\/a> (ASEPP) ha celebrado, en la sede de la Sociedad Bilba\u00edna de Bilbao, su XIV Congreso. En este encuentro ha participado un buen n\u00famero de profesionales del Hospital Aita Menni, no solo de la psiquiatr\u00eda sino tambi\u00e9n de otras disciplinas, como la psicolog\u00eda, la enfermer\u00eda o el trabajo social. Adem\u00e1s, los doctores <b>I\u00f1aki Madariaga Zamalloa<\/b>, responsable de nuestra <a href=\"..\/psiquiatria\/psiquiatria-legal\/unidad-psiquiatria-legal.html\" target=\"_blank\" rel=\"noopener\">Unidad de Psiquiatr\u00eda Legal<\/a>, y <b>Manuel Mart\u00edn Carrasco<\/b>, director m\u00e9dico de nuestro hospital, tomaron parte activa y formaron parte del comit\u00e9 organizador de este congreso.<\/p>\n<p><span>\u00abAcudir a congresos como este es muy importante, por cuanto que supone la actualizaci\u00f3n de conocimientos\u00a0y puesta al d\u00eda\u00bb,\u00a0destacaba la psiquiatra de Aita Menni\u00a0<\/span><b>Eglee Castillo<\/b><span>, quien agradec\u00eda, adem\u00e1s, la posibilidad de compartir el encuentro\u00a0con compa\u00f1eros y compa\u00f1eras del hospital. Para una trabajadora social como\u00a0<\/span><b>Izaskun Arrese,<\/b><span>\u00a0poder asistir a un congreso de psiquiatr\u00eda es enriquecedor y no resulta ajeno, \u00abya que trata de la realidad que vivimos cada d\u00eda tan directamente\u00bb. La enfermera\u00a0<\/span><b>Eva Cobos\u00a0<\/b><span>corroboraba que le hab\u00eda parecido muy interesante\u00a0escuchar que, en general,\u00a0el paciente psic\u00f3tico se ha adaptado muy bien a la pandemia, al igual que ha sucedido en nuestro hospital.\u00a0<\/span><\/p>\n<p><span><img decoding=\"async\" src=\"https:\/\/www.ospitalarioakfundazioaeuskadi.org\/wp-content\/uploads\/2022\/09\/profesionales-am-XxXx80\ufe561.jpg\" alt=\"\" title=\"\"><\/span><\/p>\n<p class=\"titulo2\"><b style=\"color: rgb(120, 204, 207); font-family: \"><img decoding=\"async\" src=\"https:\/\/www.ospitalarioakfundazioaeuskadi.org\/wp-content\/uploads\/2022\/09\/profesionales-am2\ufe561.jpg\" alt=\"\" title=\"\"><\/b><\/p>\n<p class=\"titulo2\"><b style=\"color: rgb(120, 204, 207); font-family: \">La pandemia como punto de inflexi\u00f3n<\/b><\/p>\n<p><span>Desde 2007, la ASEPP canaliza las iniciativas de un grupo de profesionales de la psiquiatr\u00eda privada que trabajan conjuntamente en \u00e1mbitos de utilidad com\u00fan y celebra un congreso anual. Este a\u00f1o 2021, para seguir las recomendaciones sanitarias se ha restringido el n\u00famero de psiquiatras asistentes.\u00a0<\/span><\/p>\n<p><span>El grupo de especialistas en Psiquiatr\u00eda que participaron como ponentes, discusores, moderadores, etc. valoraron las repercusiones que el coronavirus puede llegar a tener en el \u00e1mbito de la salud mental. Desde la organizaci\u00f3n se destacaba la oportunidad que nos brinda esta crisis sanitaria, \u201cde la cual tenemos que sacar muchas conclusiones que despu\u00e9s deber\u00e1n convertirse en cambios\u201d. Precisamente para llegar a las conclusiones, hacen falta muchas reflexiones. Y eso intent\u00f3 el XIV Congreso ASEPP. El programa ahond\u00f3 en distintos aspectos, tratando de proponer diferentes perspectivas desde la aportaci\u00f3n que pueda hacer la Psiquiatr\u00eda, sin perjuicio de que puedan complementar a otras que provengan de otros sectores.<\/span><\/p>\n<p><span>La pandemia por COVID-19 puede llegar a convertirse en un punto de inflexi\u00f3n y cambio en muchos aspectos de nuestra forma de vivir. Por las consultas psiqui\u00e1tricas han pasado personas que han sufrido el duelo por las v\u00edctimas de la enfermedad, las secuelas, los miedos y angustias ante el contagio, la sensaci\u00f3n de impotencia, la agresividad mal canalizada, los abrumadores sentimientos de tristeza, las penurias por la incertidumbre social y econ\u00f3mica que se vive. \u201cPero tambi\u00e9n la exacerbaci\u00f3n de patolog\u00edas previas o la modificaci\u00f3n nosomorfol\u00f3gica de las mismas\u201d, recordaba el doctor <\/span><b>Juan Luis Mend\u00edvil<\/b><span>, presidente de ASEPP. Como pacientes, un buen porcentaje de profesionales de la sanidad, que han sido y son, protagonistas de esta conflictiva \u00e9poca que nos est\u00e1 tocando vivir.<\/span><\/p>\n<p class=\"Pa5 titulo2\">Ponentes de reconocido prestigio<\/p>\n<p class=\"Pa5\"><span>Durante los tres d\u00edas del congreso, ponentes de reconocido prestigio impartieron talleres de formaci\u00f3n sobre distintos temas con contenidos de car\u00e1cter pr\u00e1ctico. La primera ponencia del congreso se celebr\u00f3 el jueves d\u00eda 14 y gir\u00f3 en torno a la ponencia del doctor <\/span><b>Nestor Szerman<\/b><span>\u00a0(Madrid). \u201cLa psicoterapia y el tratamiento de los cuadros de abuso de sustancias t\u00f3xicas durante la pandemia\u201d. Posteriormente se abord\u00f3 la problem\u00e1tica de la atenci\u00f3n en la psicosis; el papel de la psiquiatr\u00eda p\u00fablica y privada en la atenci\u00f3n durante la pandemia con un interesant\u00edsimo debate al respecto; la atenci\u00f3n con especial focalizaci\u00f3n en la infancia y adolescencia en la atenci\u00f3n en los TDAH, tambi\u00e9n durante la pandemia. En el \u00e1mbito de los talleres, destac\u00f3 el que se centr\u00f3 en la investigaci\u00f3n sobre la enfermedad mental en tiempos de pandemia.\u00a0<\/span><\/p>\n<p class=\"Pa13\"><img decoding=\"async\" src=\"https:\/\/www.ospitalarioakfundazioaeuskadi.org\/wp-content\/uploads\/2022\/09\/congreso-asepp2\ufe560.jpg\" alt=\"\" title=\"\"><\/p>\n<p class=\"Pa13\">Igualmente fueron muy bien acogidas las intervenciones testimoniales del doctor\u00a0<b>Arumi<\/b>, psiquiatra de Barcelona, que\u00a0cont\u00f3 su propia experiencia como paciente de covid, enfermedad que le oblig\u00f3 a estar cuatro meses hospitalizado en una UCI con grave riesgo vital; y, posteriormente, la del jefe de Servicio de Psiquiatr\u00eda del Hospital General de la Palma,\u00a0<b>F\u00e9lix Andr\u00e9s Gonz\u00e1lez<\/b>, quien expuso cu\u00e1les son, a su juicio, las repercusiones que puede tener en el \u00e1mbito de la salud mental de la ciudadan\u00eda de la isla la actual situaci\u00f3n volc\u00e1nica.\u00a0<\/p>\n<p class=\"Pa13\">Y no podemos por menos que destacar la conferencia de clausura del profesor <b>German Berrios<\/b> (catedr\u00e1tico em\u00e9rito de Psiquiatr\u00eda de la Universidad de Cambridge y persona muy reconocida en la psiquiatr\u00eda internacional, y tambi\u00e9n, muy allegada a nuestro hospital), quien puso punto final a la jornada con una exposici\u00f3n sobre el panorama actual de la salud mental y sus l\u00edmites (linderos, utilizando su terminolog\u00eda), todo ello desde su reconocida perspectiva tanto como neuropsiquiatra as\u00ed como como fil\u00f3sofo e historiador.<\/p>\n<p class=\"Pa13\"><img decoding=\"async\" src=\"https:\/\/www.ospitalarioakfundazioaeuskadi.org\/wp-content\/uploads\/2022\/09\/congreso-asepp\ufe561.jpg\" alt=\"\" title=\"\"><\/p>\n<p class=\"Pa13\">La presencia institucional estuvo al cargo del doctor\u00a0<b>Jos\u00e9 Luis Quintas<\/b> (viceconsejero de Sanidad del Gobierno Vasco), quien expuso cu\u00e1l ha sido a su juicio el quehacer de la Consejer\u00eda de Sanidad del Gobierno Vasco en lo que hace referencia a la atenci\u00f3n de la ciudadan\u00eda en el \u00e1mbito de la salud mental durante la pandemia.<\/p>\n<p class=\"Default\">El s\u00e1bado d\u00eda 16 de octubre se cerr\u00f3 el congreso, una vez celebrada la asamblea general de la ASEPP, con la presentaci\u00f3n del libro &#8216;Un regalo de Julia&#8217;, por parte de su autor, el doctor <b>Luis Caballero<\/b>, presentaci\u00f3n en la que el doctor <b>Madariaga <\/b>actu\u00f3 como moderador y en la que se abord\u00f3 desde una perspectiva hist\u00f3rica la interrelaci\u00f3n entre la histeria y la hipnosis\u00a0<span>a lo largo de los siglos XIX y XX<\/span><span>.\u00a0\u00a0<\/span><\/p><\/div>\n","protected":false},"excerpt":{"rendered":"<div class=\"entry-summary\">\nUn buen n\u00famero de profesionales (de enfermer\u00eda, trabajo social, psicolog\u00eda y psiquiatr\u00eda) del Hospital Aita Menni particip\u00f3 el encuentro &#8216;Cambio social, Psiquiatr\u00eda y covid&#8217; que la ASEPP celebr\u00f3 del 14 al 16 de octubre en Bilbao. Los doctores I\u00f1aki Madariaga Zamalloa, responsable de nuestra Unidad de Psiquiatr\u00eda Legal, y Manuel Mart\u00edn Carrasco, director m\u00e9dico de nuestro hospital, tomaron parte activa y formaron parte del comit\u00e9 organizador.\n<\/div>\n<div class=\"link-more\"><a href=\"https:\/\/ospitalarioakfundazioaeuskadi.org\/es\/hospital-aita-menni-presente-congreso-14521\/\" class=\"more-link\">Seguir leyendo<span class=\"screen-reader-text\"> &ldquo;El Hospital Aita Menni, muy presente en el XIV Congreso Nacional de Psiquiatr\u00eda Privada&rdquo;<\/span>&hellip;<\/a><\/div>\n","protected":false},"author":1,"featured_media":46149,"comment_status":"closed","ping_status":"closed","sticky":false,"template":"","format":"standard","meta":{"footnotes":""},"categories":[646,1041,1036],"tags":[],"linea-asistencial":[979],"class_list":["post-46140","post","type-post","status-publish","format-standard","has-post-thumbnail","hentry","category-aita-menni","category-calidad","category-conocimiento","linea-asistencial-1-salud-mental","entry"],"_links":{"self":[{"href":"https:\/\/ospitalarioakfundazioaeuskadi.org\/es\/wp-json\/wp\/v2\/posts\/46140","targetHints":{"allow":["GET"]}}],"collection":[{"href":"https:\/\/ospitalarioakfundazioaeuskadi.org\/es\/wp-json\/wp\/v2\/posts"}],"about":[{"href":"https:\/\/ospitalarioakfundazioaeuskadi.org\/es\/wp-json\/wp\/v2\/types\/post"}],"author":[{"embeddable":true,"href":"https:\/\/ospitalarioakfundazioaeuskadi.org\/es\/wp-json\/wp\/v2\/users\/1"}],"replies":[{"embeddable":true,"href":"https:\/\/ospitalarioakfundazioaeuskadi.org\/es\/wp-json\/wp\/v2\/comments?post=46140"}],"version-history":[{"count":2,"href":"https:\/\/ospitalarioakfundazioaeuskadi.org\/es\/wp-json\/wp\/v2\/posts\/46140\/revisions"}],"predecessor-version":[{"id":46337,"href":"https:\/\/ospitalarioakfundazioaeuskadi.org\/es\/wp-json\/wp\/v2\/posts\/46140\/revisions\/46337"}],"wp:featuredmedia":[{"embeddable":true,"href":"https:\/\/ospitalarioakfundazioaeuskadi.org\/es\/wp-json\/wp\/v2\/media\/46149"}],"wp:attachment":[{"href":"https:\/\/ospitalarioakfundazioaeuskadi.org\/es\/wp-json\/wp\/v2\/media?parent=46140"}],"wp:term":[{"taxonomy":"category","embeddable":true,"href":"https:\/\/ospitalarioakfundazioaeuskadi.org\/es\/wp-json\/wp\/v2\/categories?post=46140"},{"taxonomy":"post_tag","embeddable":true,"href":"https:\/\/ospitalarioakfundazioaeuskadi.org\/es\/wp-json\/wp\/v2\/tags?post=46140"},{"taxonomy":"linea-asistencial","embeddable":true,"href":"https:\/\/ospitalarioakfundazioaeuskadi.org\/es\/wp-json\/wp\/v2\/linea-asistencial?post=46140"}],"curies":[{"name":"wp","href":"https:\/\/api.w.org\/{rel}","templated":true}]}}