{"id":46159,"date":"2021-11-24T00:00:00","date_gmt":"2021-11-24T00:00:00","guid":{"rendered":"http:\/\/194.35.43.170\/~aitamenninueva\/?p=46159"},"modified":"2022-12-09T10:52:04","modified_gmt":"2022-12-09T10:52:04","slug":"interes-nuestro-programa-educacion-para-14608","status":"publish","type":"post","link":"https:\/\/ospitalarioakfundazioaeuskadi.org\/es\/interes-nuestro-programa-educacion-para-14608\/","title":{"rendered":"Inter\u00e9s por nuestro programa de Educaci\u00f3n para la salud en pacientes psiqui\u00e1tricos"},"content":{"rendered":"<div class=\"texto wysiwyg\">\n<p><b>Maider Iglesias Garc\u00eda<\/b>, enfermera de la <a href=\"..\/psiquiatria\/psiquiatria-legal\/unidad-psiquiatria-legal.html\" target=\"_blank\" rel=\"noopener\">Unidad de Psiquiatr\u00eda Legal (UPL)<\/a> del Hospital Aita Menni, imparti\u00f3 un taller sobre Educaci\u00f3n para la salud en pacientes psiqui\u00e1tricos en el <a href=\"https:\/\/alcala2020.congresosesp.es\/\" target=\"_blank\" rel=\"noopener nofollow\">XIII Congreso Nacional y XXI Jornadas de la Sociedad Espa\u00f1ola de Sanidad Penitenciaria<\/a>.<\/p>\n<p>En el marco de este encuentro, que tuvo lugar los d\u00edas 28, 29 y 30 de octubre en Alcal\u00e1 de Henares (Madrid), nuestra ponente expuso las distintas t\u00e9cnicas educativas grupales que utilizamos, deteni\u00e9ndose en las t\u00e9cnicas de an\u00e1lisis para\u00a0valoraci\u00f3n de situaciones\u00a0sin olvidar el abordaje emocional y en las t\u00e9cnicas\u00a0de desarrollo de habilidades mediante el entrenamiento de habilidades concretas y el desarrollo del comportamiento en situaciones reales.<\/p>\n<p>El prop\u00f3sito de este programa, dirigido a pacientes ingresados en la Unidad de Psiquiatr\u00eda Legal, es educar y promover h\u00e1bitos de vida saludables y, a la par, detectar las necesidades, desequilibrios y alteraciones. Las materias que se imparten tienen que ver con el sistema digestivo, el sistema respiratorio, el aparato locomotor, el sistema circulatorio, los sistemas reproductores masculino y femenino, el ciclo menstrual y el embarazo, los sentidos y los efectos del alcohol. Las sesiones, de una duraci\u00f3n entre 30 y 45 minutos, se desarrollan semanalmente en grupos de 10 personas, que acuden de manera voluntaria. Se trata de sesiones estructuradas en las que se proporciona a las personas asistentes informaci\u00f3n clara y con frases sencillas, con informaci\u00f3n impresa y audiovisual en ocasiones.<\/p>\n<p><img decoding=\"async\" src=\"https:\/\/www.ospitalarioakfundazioaeuskadi.org\/wp-content\/uploads\/2022\/09\/educacion-para-la-salud-2\ufe560.jpg\" alt=\"\" title=\"\"><\/p>\n<h2 class=\"titulo2\">Intervenci\u00f3n y prevenci\u00f3n del s\u00edndrome metab\u00f3lico<\/h2>\n<p>En el Hospital Aita Menni desarrollamos desde hace m\u00e1s de cuatro a\u00f1os programas de <a href=\"intervencion-sobre-sindrome-metabolico-nuestra-11110.html\" target=\"_blank\" rel=\"noopener\">intervenci\u00f3n y prevenci\u00f3n del s\u00edndrome metab\u00f3lico<\/a>. Llamamos s\u00edndrome metab\u00f3lico al conjunto de factores que conllevan un aumento del riesgo de padecer una enfermedad cardiovascular y fallecer por ello. Este s\u00edndrome, tambi\u00e9n denominado s\u00edndrome X, s\u00edndrome plurimetab\u00f3lico, s\u00edndrome de insulinoresistencia y s\u00edndrome de Reaven, constituye uno de los principales problemas de salud p\u00fablica del siglo XXI.<\/p>\n<p>Mediante sesiones espec\u00edficas de educaci\u00f3n para la salud, el objetivo es:<\/p>\n<ul>\n<li>Concienciar al paciente de la importancia del cuidado de\u00a0 la salud.<\/li>\n<li>Promover cambios de h\u00e1bitos y conductas en los pacientes que ayuden a perfilar un estilo de vida sano.<\/li>\n<li>Aumentar de manera progresiva la realizaci\u00f3n de ejercicio f\u00edsico.<\/li>\n<\/ul>\n<p>Previamente, desde el \u00e1rea de enfermer\u00eda se realiza una valoraci\u00f3n inicial: peso, talla, per\u00edmetro abdominal, tensi\u00f3n arterial, anamnesis inicial (h\u00e1bitos de vida, tabaquismo, ejercicio f\u00edsico, limitaciones de movilidad). Desde el \u00e1rea m\u00e9dica, por su parte, se aportan datos m\u00e9dicos de inter\u00e9s para el s\u00edndrome metab\u00f3lico (anal\u00edtica inicial, antecedentes som\u00e1ticos con valoraci\u00f3n de necesidad glucemia capilar, control de\u00a0tensi\u00f3n arterial&#8230;).<\/p>\n<p>Adem\u00e1s de las sesiones mensuales, que comienzan en octubre y finalizan en junio, una vez al mes celebramos la semana tem\u00e1tica de prevenci\u00f3n s\u00edndrome metab\u00f3lico, para reforzar la concienciaci\u00f3n sobre la importancia de mantener h\u00e1bitos saludables, de progresar en la disminuci\u00f3n en el peso y de realizar ejercicios.<\/p>\n<p>Maider Iglesias record\u00f3 que, seg\u00fan <a href=\"https:\/\/www.agamfec.com\/pdf\/CADERNOS\/VOL19\/vol_4\/2.Orixinais\/Orixinais_vol19_n4_1.pdf\" target=\"_blank\" rel=\"noopener nofollow\">un reciente estudio entre la poblaci\u00f3n espa\u00f1ola<\/a>, los pacientes con enfermedades mentales graves, como esquizofrenia o trastorno bipolar, presentan mayor morbilidad y una tasa de mortalidad 2-3 veces mayor que la poblaci\u00f3n general, atribuible en un\u00a060% a enfermedades som\u00e1ticas (enfermedad cerebrovascular\u00a0y s\u00edndrome metab\u00f3lico). Respecto al s\u00edndrome metab\u00f3lico, las\u00a0prevalencias son de dos a cuatro veces mayores que en el resto de\u00a0la poblaci\u00f3n.<\/p>\n<\/div>\n","protected":false},"excerpt":{"rendered":"<div class=\"entry-summary\">\nMaider Iglesias habl\u00f3 sobre nuestra formaci\u00f3n en el XIII Congreso Nacional y XXI Jornadas de la Sociedad Espa\u00f1ola de Sanidad Penitenciaria. Integrar nociones b\u00e1sicas de salud y a su vez fomentar h\u00e1bitos de vida saludables es el objetivo de las sesiones con nuestros pacientes.\n<\/div>\n<div class=\"link-more\"><a href=\"https:\/\/ospitalarioakfundazioaeuskadi.org\/es\/interes-nuestro-programa-educacion-para-14608\/\" class=\"more-link\">Seguir leyendo<span class=\"screen-reader-text\"> &ldquo;Inter\u00e9s por nuestro programa de Educaci\u00f3n para la salud en pacientes psiqui\u00e1tricos&rdquo;<\/span>&hellip;<\/a><\/div>\n","protected":false},"author":1,"featured_media":46160,"comment_status":"closed","ping_status":"closed","sticky":false,"template":"","format":"standard","meta":{"footnotes":""},"categories":[646,1041,1036,1045],"tags":[],"linea-asistencial":[979],"class_list":["post-46159","post","type-post","status-publish","format-standard","has-post-thumbnail","hentry","category-aita-menni","category-calidad","category-conocimiento","category-psiquiatria-legal","linea-asistencial-1-salud-mental","entry"],"_links":{"self":[{"href":"https:\/\/ospitalarioakfundazioaeuskadi.org\/es\/wp-json\/wp\/v2\/posts\/46159","targetHints":{"allow":["GET"]}}],"collection":[{"href":"https:\/\/ospitalarioakfundazioaeuskadi.org\/es\/wp-json\/wp\/v2\/posts"}],"about":[{"href":"https:\/\/ospitalarioakfundazioaeuskadi.org\/es\/wp-json\/wp\/v2\/types\/post"}],"author":[{"embeddable":true,"href":"https:\/\/ospitalarioakfundazioaeuskadi.org\/es\/wp-json\/wp\/v2\/users\/1"}],"replies":[{"embeddable":true,"href":"https:\/\/ospitalarioakfundazioaeuskadi.org\/es\/wp-json\/wp\/v2\/comments?post=46159"}],"version-history":[{"count":3,"href":"https:\/\/ospitalarioakfundazioaeuskadi.org\/es\/wp-json\/wp\/v2\/posts\/46159\/revisions"}],"predecessor-version":[{"id":46939,"href":"https:\/\/ospitalarioakfundazioaeuskadi.org\/es\/wp-json\/wp\/v2\/posts\/46159\/revisions\/46939"}],"wp:featuredmedia":[{"embeddable":true,"href":"https:\/\/ospitalarioakfundazioaeuskadi.org\/es\/wp-json\/wp\/v2\/media\/46160"}],"wp:attachment":[{"href":"https:\/\/ospitalarioakfundazioaeuskadi.org\/es\/wp-json\/wp\/v2\/media?parent=46159"}],"wp:term":[{"taxonomy":"category","embeddable":true,"href":"https:\/\/ospitalarioakfundazioaeuskadi.org\/es\/wp-json\/wp\/v2\/categories?post=46159"},{"taxonomy":"post_tag","embeddable":true,"href":"https:\/\/ospitalarioakfundazioaeuskadi.org\/es\/wp-json\/wp\/v2\/tags?post=46159"},{"taxonomy":"linea-asistencial","embeddable":true,"href":"https:\/\/ospitalarioakfundazioaeuskadi.org\/es\/wp-json\/wp\/v2\/linea-asistencial?post=46159"}],"curies":[{"name":"wp","href":"https:\/\/api.w.org\/{rel}","templated":true}]}}