{"id":46164,"date":"2022-03-09T00:00:00","date_gmt":"2022-03-09T00:00:00","guid":{"rendered":"http:\/\/194.35.43.170\/~aitamenninueva\/?p=46164"},"modified":"2022-10-25T11:36:57","modified_gmt":"2022-10-25T11:36:57","slug":"internacional-mujeres-2022-aita-menni-14814","status":"publish","type":"post","link":"https:\/\/ospitalarioakfundazioaeuskadi.org\/es\/internacional-mujeres-2022-aita-menni-14814\/","title":{"rendered":"D\u00eda Internacional de las Mujeres 2022 en Aita Menni"},"content":{"rendered":"<div class=\"texto wysiwyg\">\n<p>El 8 de marzo se conmemora la lucha de las mujeres por su participaci\u00f3n en el trabajo remunerado y en la sociedad en general. Este D\u00eda Internacional de las Mujeres, reconocido por Naciones Unidas, es una fecha se\u00f1alada tambi\u00e9n para las distintas Unidades del Hospital Aita Menni, que a su modo celebran el 8 M y reivindican los derechos del sexo femenino y la erradicaci\u00f3n de la violencia machista.<\/p>\n<p>El mismo d\u00eda 8 de marzo, pacientes de las diferentes \u00e1reas participaron en la creaci\u00f3n de murales en sus distintos talleres. Previamente reunieron perfiles de muchas mujeres que por su labor han destacado a lo largo de la historia, desde <b>Marie Curie<\/b> a <b>Frida Kahlo<\/b>, sin olvidar, por ejemplo, a <b>Mar\u00eda Josefa Recio<\/b>, fundadora y primera superiora general de la congregaci\u00f3n de Hermanas Hospitalarias, o a la alpinista <b>Edurne Pasaban.<\/b><\/p>\n<p>Por la tarde visionaron la pel\u00edcula \u2018Sufragistas\u2019, dirigida por <b>Sarah Gavron<\/b>, que narra el maltrato que sufr\u00edan las obreras en las primeras d\u00e9cadas del siglo XX en Inglaterra y su incansable lucha por la dignidad y la igualdad.<\/p>\n<p>Para apoyar estas reivindicaciones y seguir se\u00f1alando la necesidad de una igualdad efectiva entre mujeres y hombres, tambi\u00e9n se elaboraron unos pines que se repartieron entre el personal del HAM.<\/p>\n<p>Estas y otras actividades nos llevaron a reflexionar en torno a la igualdad de g\u00e9nero, asunto que no es cuesti\u00f3n de un d\u00eda sino con el que debemos comprometernos todo el a\u00f1o.<\/p>\n<p style=\"font-weight: bold;\"><img decoding=\"async\" src=\"https:\/\/www.ospitalarioakfundazioaeuskadi.org\/wp-content\/uploads\/2022\/09\/collage8m2022\ufe560.jpg\" alt=\"\" title=\"\"><\/p>\n<\/div>\n","protected":false},"excerpt":{"rendered":"<div class=\"entry-summary\">\nLas distintas Unidades celebran el 8 de marzo. Numerosos murales reivindican la igualdad de derechos y oportunidades, y el reconocimiento al trabajo realizado por las mujeres.\n<\/div>\n<div class=\"link-more\"><a href=\"https:\/\/ospitalarioakfundazioaeuskadi.org\/es\/internacional-mujeres-2022-aita-menni-14814\/\" class=\"more-link\">Seguir leyendo<span class=\"screen-reader-text\"> &ldquo;D\u00eda Internacional de las Mujeres 2022 en Aita Menni&rdquo;<\/span>&hellip;<\/a><\/div>\n","protected":false},"author":1,"featured_media":46165,"comment_status":"closed","ping_status":"closed","sticky":false,"template":"","format":"standard","meta":{"footnotes":""},"categories":[646,1008,1043],"tags":[],"linea-asistencial":[],"class_list":["post-46164","post","type-post","status-publish","format-standard","has-post-thumbnail","hentry","category-aita-menni","category-hospital-aita-menni","category-igualdad","entry"],"_links":{"self":[{"href":"https:\/\/ospitalarioakfundazioaeuskadi.org\/es\/wp-json\/wp\/v2\/posts\/46164","targetHints":{"allow":["GET"]}}],"collection":[{"href":"https:\/\/ospitalarioakfundazioaeuskadi.org\/es\/wp-json\/wp\/v2\/posts"}],"about":[{"href":"https:\/\/ospitalarioakfundazioaeuskadi.org\/es\/wp-json\/wp\/v2\/types\/post"}],"author":[{"embeddable":true,"href":"https:\/\/ospitalarioakfundazioaeuskadi.org\/es\/wp-json\/wp\/v2\/users\/1"}],"replies":[{"embeddable":true,"href":"https:\/\/ospitalarioakfundazioaeuskadi.org\/es\/wp-json\/wp\/v2\/comments?post=46164"}],"version-history":[{"count":3,"href":"https:\/\/ospitalarioakfundazioaeuskadi.org\/es\/wp-json\/wp\/v2\/posts\/46164\/revisions"}],"predecessor-version":[{"id":46981,"href":"https:\/\/ospitalarioakfundazioaeuskadi.org\/es\/wp-json\/wp\/v2\/posts\/46164\/revisions\/46981"}],"wp:featuredmedia":[{"embeddable":true,"href":"https:\/\/ospitalarioakfundazioaeuskadi.org\/es\/wp-json\/wp\/v2\/media\/46165"}],"wp:attachment":[{"href":"https:\/\/ospitalarioakfundazioaeuskadi.org\/es\/wp-json\/wp\/v2\/media?parent=46164"}],"wp:term":[{"taxonomy":"category","embeddable":true,"href":"https:\/\/ospitalarioakfundazioaeuskadi.org\/es\/wp-json\/wp\/v2\/categories?post=46164"},{"taxonomy":"post_tag","embeddable":true,"href":"https:\/\/ospitalarioakfundazioaeuskadi.org\/es\/wp-json\/wp\/v2\/tags?post=46164"},{"taxonomy":"linea-asistencial","embeddable":true,"href":"https:\/\/ospitalarioakfundazioaeuskadi.org\/es\/wp-json\/wp\/v2\/linea-asistencial?post=46164"}],"curies":[{"name":"wp","href":"https:\/\/api.w.org\/{rel}","templated":true}]}}