{"id":46194,"date":"2021-12-09T00:00:00","date_gmt":"2021-12-09T00:00:00","guid":{"rendered":"http:\/\/194.35.43.170\/~aitamenninueva\/?p=46194"},"modified":"2022-10-25T11:39:26","modified_gmt":"2022-10-25T11:39:26","slug":"llevamos-nuestra-experiencia-atencion-trastorno-14629","status":"publish","type":"post","link":"https:\/\/ospitalarioakfundazioaeuskadi.org\/es\/llevamos-nuestra-experiencia-atencion-trastorno-14629\/","title":{"rendered":"Llevamos nuestra experiencia en atenci\u00f3n al trastorno mental severo a la XII Jornada de Fundaci\u00f3n Argia"},"content":{"rendered":"<div class=\"texto wysiwyg\">\n<p>Un a\u00f1o m\u00e1s, y desde 2010, <a href=\"http:\/\/www.argiafundazioa.org\/gw_argia\/index.aspx\" target=\"_blank\" rel=\"noopener nofollow\">Argia Fundazioa<\/a> ha celebrado su Jornada de Intercambio y Sensibilizaci\u00f3n, un espacio de puesta en com\u00fan de conocimientos y buenas pr\u00e1cticas entre entidades, tanto p\u00fablicas como privadas, que trabajan en el \u00e1mbito de la salud mental. Durante dos d\u00edas, en el Bizkaia Aretoa de Bilbao\u00a0M\u00e1s de trescientas personas estuvieron trabajando en torno a los retos del futuro m\u00e1s inmediato y reflexionando sobre el valor del apoyo entre las personas como motor de transformaci\u00f3n social.<\/p>\n<p>El <a href=\"http:\/\/www.argiafundazioa.org\/gw_argia\/images\/secciones236\/item837\/PROGRA~1.PDF\" target=\"_blank\" rel=\"noopener nofollow\">programa de este encuentro<\/a>\u00a0gir\u00f3 en torno a un tema central: \u2018El tercer sector social ante la diversidad funcional\u2019. El mi\u00e9rcoles 1 de diciembre, la jornada se centr\u00f3 en los retos del sector en primera persona. Personas con enfermedad mental usuarias de distintos recursos expusieron con su voz y su perspectiva su visi\u00f3n sobre este tema. El mismo mi\u00e9rcoles a la tarde, la sesi\u00f3n tom\u00f3 como eje la perspectiva de las personas como agentes de apoyo mutuo y los retos a los que se enfrentan.<\/p>\n<p>El jueves 2 de diciembre, tras la apertura institucional por parte de la gerenta de Argia, <b>Nerea Loizaga<\/b>;\u00a0de la alcaldesa de Getxo,<b> Amaia Agirre<\/b>, y del diputado de Acci\u00f3n Social de la Diputaci\u00f3n foral de Bizkaia, <b>Sergio Murillo<\/b>, se abordaron los retos del sector desde la perspectiva de profesionales y entidades de la salud mental. A trav\u00e9s de diferentes mesas y din\u00e1micas, el objetivo era avanzar sobre los retos a los que nos enfrentamos: en palabras del diputado de Acci\u00f3n Social, reconocernos como personas, seguir avanzando en apoyos y eliminar la &#8216;g&#8217; de estigma para convertirlo en estima.<\/p>\n<p>En este marco,<b> Vicente Hueso<\/b>, coordinador de los <a href=\"..\/psiquiatria\/centros-rehabilitacion-psicosocial\/index.html\" target=\"_blank\" rel=\"noopener\">dispositivos comunitarios para personas con enfermedad mental<\/a> gestionados por Aita Menni, habl\u00f3 sobre los retos de la atenci\u00f3n a las personas con trastorno mental severo en Gipuzkoa. Tras contextualizar el Hospital Aita Menni en el tiempo y el espacio, deteni\u00e9ndose en nuestros 123 a\u00f1os de historia y en nuestras cuatro l\u00edneas asistenciales (Trastorno mental severo, Discapacidad intelectual con alteraciones de conducta, Da\u00f1o cerebral y Persona mayor), el responsable de los recursos comunitarios gestionados por Aita Menni -Centros de Rehabilitaci\u00f3n Psicosocial (CRPS), Unidades Residenciales de Trastorno Mental Severo (URTMS) y pisos tutelados- explic\u00f3 que el gran reto es conseguir una gran coordinaci\u00f3n entre Osakidetza, Diputaci\u00f3n Foral de Gipuzkoa y\u00a0las entidades part\u00edcipes de la atenci\u00f3n. \u00abTendr\u00edamos que mejorar la comunicaci\u00f3n entre las distintas instancias, de modo que pueda decirse que verdaderamente\u00a0trabajamos en red\u00bb.<\/p>\n<p>Aparte de luchar contra el estigma que rodea la enfermedad mental, de construir una red de comunicaci\u00f3n fluida entre las diferentes entidades y de favorecer coordinaci\u00f3n entre los sistemas sanitario y social, \u201cque no siempre es f\u00e1cil\u201d, <b>Vicente Hueso<\/b> aludi\u00f3 a la conveniencia de generar nuevos dispositivos residenciales, desde hogares a pisos de apoyo para:<\/p>\n<ul>\n<li>J\u00f3venes con recorrido en dispositivos para menores de la DFG que cumplen mayor\u00eda edad.<\/li>\n<li>J\u00f3venes con trastorno mental y consumo t\u00f3xicos sin hospitalizaci\u00f3n prolongada.<\/li>\n<li>J\u00f3venes con dificultad para actividad laboral o formativa, ocio\u2026<\/li>\n<li>Personas con trastorno mental severo usuarias del circuito cuando cumplen 65 a\u00f1os.<\/li>\n<\/ul>\n<div class=\"cookieconsent-optout-marketing\">\n<div class=\"alert alert-warning\">Este contenido est\u00e1 alojado en un proveedor externo. Si quieres verlo, debes <a href=\"javascript:Cookiebot.renew()\" style=\"cursor:pointer;text-decoration:underline;\">aceptar las cookies de la categor\u00eda \"Otras\"<\/a> en la Configuraci\u00f3n de Cookies.<\/div><\/div><iframe loading=\"lazy\" title=\"&#039;Zarena gara&#039;, un corto contra el estigma. Hospital Aita Menni - Mondrag\u00f3n (Gipuzkoa)\" width=\"889\" height=\"500\" src=\"https:\/\/www.youtube.com\/embed\/AKbD7VI5vyA?feature=oembed\" frameborder=\"0\" allow=\"accelerometer; autoplay; clipboard-write; encrypted-media; gyroscope; picture-in-picture\" allowfullscreen><\/iframe><\/p>\n<h2 class=\"titulo2\">Premio Dokumentala<\/h2>\n<p>El mismo jueves a \u00faltima hora de la tarde, Fundaci\u00f3n Argia celebr\u00f3 la II Edici\u00f3n de Dokumentala, un festival de cortometrajes que quiere visibilizar y dar valor al apoyo entre las personas como motor de transformaci\u00f3n social. En la gala, el corto \u2018Zarena Gara\u2019 producido por el Hospital Aita Menni en colaboraci\u00f3n con Mondragon Unibersitatea se llev\u00f3 el <a href=\"festival-dokumentala-organizado-argia-fundazioa-14628.html\" target=\"_blank\" rel=\"noopener\">premio en la categor\u00eda de mejor cortometraje de una entidad social<\/a>.<\/p>\n<\/div>\n","protected":false},"excerpt":{"rendered":"<div class=\"entry-summary\">\nEl tema eje de esta edici\u00f3n fue &#8216;El tercer sector social ante la diversidad funcional&#8217;. M\u00e1s de trescientas personas estuvieron trabajando en torno a los retos del futuro m\u00e1s inmediato y reflexionando sobre el valor del apoyo entre las personas como motor de transformaci\u00f3n social.\n<\/div>\n<div class=\"link-more\"><a href=\"https:\/\/ospitalarioakfundazioaeuskadi.org\/es\/llevamos-nuestra-experiencia-atencion-trastorno-14629\/\" class=\"more-link\">Seguir leyendo<span class=\"screen-reader-text\"> &ldquo;Llevamos nuestra experiencia en atenci\u00f3n al trastorno mental severo a la XII Jornada de Fundaci\u00f3n Argia&rdquo;<\/span>&hellip;<\/a><\/div>\n","protected":false},"author":1,"featured_media":46195,"comment_status":"closed","ping_status":"closed","sticky":false,"template":"","format":"standard","meta":{"footnotes":""},"categories":[646,1041,1036],"tags":[],"linea-asistencial":[979],"class_list":["post-46194","post","type-post","status-publish","format-standard","has-post-thumbnail","hentry","category-aita-menni","category-calidad","category-conocimiento","linea-asistencial-1-salud-mental","entry"],"_links":{"self":[{"href":"https:\/\/ospitalarioakfundazioaeuskadi.org\/es\/wp-json\/wp\/v2\/posts\/46194","targetHints":{"allow":["GET"]}}],"collection":[{"href":"https:\/\/ospitalarioakfundazioaeuskadi.org\/es\/wp-json\/wp\/v2\/posts"}],"about":[{"href":"https:\/\/ospitalarioakfundazioaeuskadi.org\/es\/wp-json\/wp\/v2\/types\/post"}],"author":[{"embeddable":true,"href":"https:\/\/ospitalarioakfundazioaeuskadi.org\/es\/wp-json\/wp\/v2\/users\/1"}],"replies":[{"embeddable":true,"href":"https:\/\/ospitalarioakfundazioaeuskadi.org\/es\/wp-json\/wp\/v2\/comments?post=46194"}],"version-history":[{"count":3,"href":"https:\/\/ospitalarioakfundazioaeuskadi.org\/es\/wp-json\/wp\/v2\/posts\/46194\/revisions"}],"predecessor-version":[{"id":46957,"href":"https:\/\/ospitalarioakfundazioaeuskadi.org\/es\/wp-json\/wp\/v2\/posts\/46194\/revisions\/46957"}],"wp:featuredmedia":[{"embeddable":true,"href":"https:\/\/ospitalarioakfundazioaeuskadi.org\/es\/wp-json\/wp\/v2\/media\/46195"}],"wp:attachment":[{"href":"https:\/\/ospitalarioakfundazioaeuskadi.org\/es\/wp-json\/wp\/v2\/media?parent=46194"}],"wp:term":[{"taxonomy":"category","embeddable":true,"href":"https:\/\/ospitalarioakfundazioaeuskadi.org\/es\/wp-json\/wp\/v2\/categories?post=46194"},{"taxonomy":"post_tag","embeddable":true,"href":"https:\/\/ospitalarioakfundazioaeuskadi.org\/es\/wp-json\/wp\/v2\/tags?post=46194"},{"taxonomy":"linea-asistencial","embeddable":true,"href":"https:\/\/ospitalarioakfundazioaeuskadi.org\/es\/wp-json\/wp\/v2\/linea-asistencial?post=46194"}],"curies":[{"name":"wp","href":"https:\/\/api.w.org\/{rel}","templated":true}]}}