{"id":46202,"date":"2021-10-07T00:00:00","date_gmt":"2021-10-07T00:00:00","guid":{"rendered":"http:\/\/194.35.43.170\/~aitamenninueva\/?p=46202"},"modified":"2022-10-25T11:39:59","modified_gmt":"2022-10-25T11:39:59","slug":"mundial-salud-mental-2021-14510","status":"publish","type":"post","link":"https:\/\/ospitalarioakfundazioaeuskadi.org\/es\/mundial-salud-mental-2021-14510\/","title":{"rendered":"D\u00eda Mundial de la Salud Mental 2021"},"content":{"rendered":"<div class=\"texto wysiwyg\">\n<p class=\"MsoListParagraph\">\n<p class=\"MsoListParagraph\">\u00a7\u00a0 <i>\u00a0\u201cPermite que las personas con enfermedad mental expresen sus propias opiniones, en lugar de preguntar a sus familiares\u201d<\/i><\/p>\n<p class=\"MsoListParagraph\"><b>Lydia Fosu<\/b>, enfermera senior de Salud Mental de Hermanas Hospitalarias en Foso, Ghana.<\/p>\n<p class=\"MsoListParagraph\">\u00a7\u00a0 <i>\u201cPiensa que las personas con enfermedad mental tienen un problema, no son un problema\u201d.<\/i><\/p>\n<p class=\"MsoListParagraph\"><b>Giampaolo Perna<\/b>, director del departamento de Neurociencia Cl\u00ednica de Hermanas Hospitalarias en Albese, Italia.<\/p>\n<p class=\"MsoListParagraph\">\u00a7\u00a0 <i>\u201cOfrece tu apoyo y comprensi\u00f3n a las personas con enfermedad mental, c\u00e9ntrate en sus posibilidades\u201d<\/i><\/p>\n<p class=\"MsoListParagraph\"><b>Sor Wenda A. Cellan<\/b>, trabajadora social de Hermanas Hospitalarias en Cebu, Filipinas.<\/p>\n<p class=\"MsoListParagraph\">\u00a7\u00a0 <i>\u201cSi lo piensas saludable-mente, si eliminas el estigma aparece la igualdad. El estigma convierte en diferente al que es igual\u201d.<\/i><\/p>\n<p class=\"MsoListParagraph\"><span><b>Daniel Guti\u00e9rrez Jord\u00e1n<\/b>, director del Centro de Rehabilitaci\u00f3n Psicosocial de Hermanas Hospitalarias en Cantabria, Espa\u00f1a.<\/span><\/p>\n<p class=\"MsoListParagraph\">\u00a0<img decoding=\"async\" src=\"https:\/\/www.ospitalarioakfundazioaeuskadi.org\/wp-content\/uploads\/2022\/09\/igualdad\ufe560.jpg\" alt=\"\" title=\"\"><\/p>\n<p class=\"MsoListParagraph\">\u00a7\u00a0 <i>\u201cFomenta el uso de la tecnolog\u00eda y la comunicaci\u00f3n, para reducir la brecha digital y promover la equidad\u201d<\/i><\/p>\n<p class=\"MsoListParagraph\"><b>Oscar Javier Ribero Salazar<\/b>, m\u00e9dico psiquiatra y director cient\u00edfico de Hermanas Hospitalarias en Bogot\u00e1, Colombia.<\/p>\n<p class=\"MsoListParagraph\">\u00a0<span>\u00a7\u00a0 <\/span><i>\u00a0\u201cNo etiquetes a las personas con reca\u00eddas en su enfermedad mental como: persona sin esperanza de recuperaci\u00f3n, esa actitud de desconfianza les perjudica en su evoluci\u00f3n\u00bb<\/i><\/p>\n<p class=\"MsoListParagraph\"><b>Massimo Marconi<\/b>, m\u00e9dico psiquiatra de Hermanas Hospitalarias en Acoli Piceno, Italia.<\/p>\n<p class=\"MsoListParagraph\">\u00a7\u00a0 <i>\u00a0\u201cLas enfermedades mentales no se eligen. Trata a las personas con enfermedad mental como si fueras t\u00fa. Recuerda, cualquiera puede tener una enfermedad mental\u201d <\/i><\/p>\n<p class=\"MsoListParagraph\"><b>Timopthy Dalieh<\/b>, m\u00e9dico especializado en salud mental de Hospitalarias en Monrovia, Liberia.<\/p>\n<p class=\"MsoListParagraph\">\u00a7\u00a0 <i>\u201cSi entablas relaci\u00f3n con una persona y sabes que tiene un problema de salud mental, intenta que ese aspecto no cambie tu manera de tratarla, no determina nada diferente\u201d.<\/i><\/p>\n<p><b>Gema Manzanera<\/b>, trabajadora social de Hermanas Hospitalarias en Madrid, Espa\u00f1a.<\/p>\n<p class=\"MsoListParagraph\">\u00a7\u00a0 <i>\u00a0\u201cAyuda a las personas con enfermedad mental a desarrollar habilidades para vivir su propia vida\u201d<\/i><\/p>\n<p><b>Jolsna Raj<\/b>, enfermera de Hermanas Hospitalarias en Kerala, India.<\/p>\n<p class=\"MsoListParagraph\">\u00a0<img decoding=\"async\" src=\"https:\/\/www.ospitalarioakfundazioaeuskadi.org\/wp-content\/uploads\/2022\/09\/voz-personas-enfermedad-mental\ufe560.jpg\" alt=\"\" title=\"\"><\/p>\n<p class=\"MsoListParagraph\">\u00a7\u00a0 <i>\u00a0\u201cHabla de la enfermedad mental para conocerla. La informaci\u00f3n y el conocimiento normalizan las situaciones\u201d.<\/i><\/p>\n<p><b>Laura Zorraquino<\/b>, supervisora de Enfermer\u00eda de Hermanas Hospitalarias en Pamplona, Espa\u00f1a.<\/p>\n<p class=\"MsoListParagraph\">\u00a7\u00a0 <i>\u201cPara referirte a una persona con enfermedad mental, utiliza siempre su nombre en lugar de su condici\u00f3n \u201c<\/i><\/p>\n<p class=\"MsoListParagraph\"><b>Lydia Fosu<\/b>, enfermera senior de salud mental de Hermanas Hospitalarias en Foso, Ghana.<\/p>\n<p class=\"MsoListParagraph\">\u00a7\u00a0 <i>\u201cAyuda a eliminar el estigma social que existe en tu entorno, habla sobre las capacidades que poseen las personas con enfermedad mental\u201d<\/i><\/p>\n<p class=\"MsoListParagraph\"><b>Athira V Mathew<\/b>, trabajadora social de Hermanas Hospitalarias en Kerala, India.<\/p>\n<p class=\"MsoListParagraph\">\u00a7\u00a0 <i>\u201cEs humano sentirse triste, cansado\u2026 pide ayuda. Ser fuerte significa pedir ayuda siempre que lo necesites\u201d.<\/i><\/p>\n<p><b>Melissa Panichi<\/b>, psic\u00f3loga de Hermanas Hospitalarias en Acoli Piceno, Italia.<\/p>\n<p class=\"MsoListParagraph\">\u00a7\u00a0 <i>\u201cEl respeto y la consideraci\u00f3n por los dem\u00e1s, y por uno mismo, son fundamentales para construir una adecuada Salud Mental\u201d<\/i><\/p>\n<p class=\"MsoListParagraph\"><b>Germ\u00e1n Posada<\/b>, m\u00e9dico psiquiatra de Hermanas Hospitalarias en Bogot\u00e1, Colombia.<\/p>\n<p class=\"MsoListParagraph\">\u00a7\u00a0 <i>\u00a0\u201cSi tienes un familiar con enfermedad mental, contribuye a su integraci\u00f3n, no lo excluyas\u201d<\/i><\/p>\n<p class=\"MsoListParagraph\"><b>Athira V Mathew<\/b>, trabajadora social de Hermanas Hospitalarias en Kerala, India.<\/p>\n<p class=\"MsoListParagraph\">\u00a7\u00a0 <i>\u201cLas personas con enfermedad mental deben tener acceso a su tratamiento sin sufrir discriminaci\u00f3n por su edad, g\u00e9nero, clase social o raza\u201d <\/i><\/p>\n<p class=\"MsoListParagraph\"><b>Tufaie L. Domah<\/b>, trabajador Social de Hermanas Hospitalarias en Monrovia, Liberia.<\/p>\n<p class=\"MsoListParagraph\">\u00a7\u00a0 <i>\u201cA cada persona con enfermedad mental, que conozcas, escr\u00edbele en un papel una fortaleza que tenga, y t\u00fa no tengas, y d\u00e1selo\u201d.<\/i><\/p>\n<p class=\"MsoListParagraph\"><b>Giampaolo Perna<\/b>, director del Departamento de Neurociencia de Hermanas Hospitalarias en Albese, Italia.<\/p>\n<p class=\"MsoListParagraph\">\u00a7\u00a0 <i>\u201cAcerca a las nuevas generaciones la realidad de la Salud Mental, porque ellos son la clave del cambio\u201d.<\/i><\/p>\n<p><b>Gloria Gonzalez<\/b>, supervisora del \u00c1rea de Salud Mental de Hermanas Hospitalarias en Palencia, Espa\u00f1a.<\/p>\n<p class=\"MsoListParagraph\">\u00a0<img decoding=\"async\" src=\"https:\/\/www.ospitalarioakfundazioaeuskadi.org\/wp-content\/uploads\/2022\/09\/enfermedad-mental-problema\ufe560.jpg\" alt=\"\" title=\"\"><\/p>\n<p class=\"MsoListParagraph\">\u00a7\u00a0 <i>\u00a0\u201cCombatir la depresi\u00f3n no significa decirle a la persona \u00ablev\u00e1ntate\u00bb, significa saber escuchar y entender c\u00f3mo tratar su sufrimiento\u201d.<\/i><\/p>\n<p><b>Walter Roberto<\/b>, m\u00e9dico psiquiatra de Hermanas Hospitalarias en Acoli Piceno, Italia.<\/p>\n<p class=\"MsoListParagraph\">\u00a7\u00a0 <i>\u201cLa recuperaci\u00f3n de las personas con enfermedad mental, en ocasiones, es un proceso lento. No pierdas la paciencia\u201d<\/i><\/p>\n<p class=\"MsoListParagraph\"><b>Jolsna Raj<\/b>, enfermera de Hermanas Hospitalarias en Kerala, India.<\/p>\n<p class=\"MsoListParagraph\">\u00a7\u00a0 <i>\u201cPide ayuda cuando sientas dolor emocional, cualquiera puede sufrirlo\u201d.\u00a0<\/i><\/p>\n<p><b>Mar\u00eda V\u00e1zquez<\/b>, psic\u00f3loga de Hermanas Hospitalarias en Valladolid, Espa\u00f1a.<\/p>\n<p class=\"MsoListParagraph\">\u00a7\u00a0 <i>\u201cGenera un entorno seguro, limpio y respetuoso, para facilitar la recuperaci\u00f3n de las personas con enfermedad mental\u201d<\/i><\/p>\n<p class=\"MsoListParagraph\"><b>Shirley Konnah<\/b>, conserje de Hermanas Hospitalarias en Monrovia, Liberia.<\/p>\n<p class=\"MsoListParagraph\">\u00a7\u00a0 <i>\u201cNo olvides hacer deporte, descansar y mantener una alimentaci\u00f3n saludable para cuidar tu salud mental\u201d<\/i><\/p>\n<p class=\"MsoListParagraph\"><b>Mar\u00eda Ang\u00e9lica Botero<\/b>, m\u00e9dica psiquiatra de Hermanas Hospitalarias en Bogot\u00e1, Colombia.<\/p><\/div>\n","protected":false},"excerpt":{"rendered":"<div class=\"entry-summary\">\n#SaludMentalEnUnMundoDesigual. A continuaci\u00f3n mostramos algunos consejos pr\u00e1cticos, realizados por profesionales de los centros de Hermanas Hospitalarias, sobre c\u00f3mo podemos mitigar la desigualdad que sufren las personas con enfermedad mental.\n<\/div>\n<div class=\"link-more\"><a href=\"https:\/\/ospitalarioakfundazioaeuskadi.org\/es\/mundial-salud-mental-2021-14510\/\" class=\"more-link\">Seguir leyendo<span class=\"screen-reader-text\"> &ldquo;D\u00eda Mundial de la Salud Mental 2021&rdquo;<\/span>&hellip;<\/a><\/div>\n","protected":false},"author":1,"featured_media":46209,"comment_status":"closed","ping_status":"closed","sticky":false,"template":"","format":"standard","meta":{"footnotes":""},"categories":[646],"tags":[],"linea-asistencial":[],"class_list":["post-46202","post","type-post","status-publish","format-standard","has-post-thumbnail","hentry","category-aita-menni","entry"],"_links":{"self":[{"href":"https:\/\/ospitalarioakfundazioaeuskadi.org\/es\/wp-json\/wp\/v2\/posts\/46202","targetHints":{"allow":["GET"]}}],"collection":[{"href":"https:\/\/ospitalarioakfundazioaeuskadi.org\/es\/wp-json\/wp\/v2\/posts"}],"about":[{"href":"https:\/\/ospitalarioakfundazioaeuskadi.org\/es\/wp-json\/wp\/v2\/types\/post"}],"author":[{"embeddable":true,"href":"https:\/\/ospitalarioakfundazioaeuskadi.org\/es\/wp-json\/wp\/v2\/users\/1"}],"replies":[{"embeddable":true,"href":"https:\/\/ospitalarioakfundazioaeuskadi.org\/es\/wp-json\/wp\/v2\/comments?post=46202"}],"version-history":[{"count":2,"href":"https:\/\/ospitalarioakfundazioaeuskadi.org\/es\/wp-json\/wp\/v2\/posts\/46202\/revisions"}],"predecessor-version":[{"id":46340,"href":"https:\/\/ospitalarioakfundazioaeuskadi.org\/es\/wp-json\/wp\/v2\/posts\/46202\/revisions\/46340"}],"wp:featuredmedia":[{"embeddable":true,"href":"https:\/\/ospitalarioakfundazioaeuskadi.org\/es\/wp-json\/wp\/v2\/media\/46209"}],"wp:attachment":[{"href":"https:\/\/ospitalarioakfundazioaeuskadi.org\/es\/wp-json\/wp\/v2\/media?parent=46202"}],"wp:term":[{"taxonomy":"category","embeddable":true,"href":"https:\/\/ospitalarioakfundazioaeuskadi.org\/es\/wp-json\/wp\/v2\/categories?post=46202"},{"taxonomy":"post_tag","embeddable":true,"href":"https:\/\/ospitalarioakfundazioaeuskadi.org\/es\/wp-json\/wp\/v2\/tags?post=46202"},{"taxonomy":"linea-asistencial","embeddable":true,"href":"https:\/\/ospitalarioakfundazioaeuskadi.org\/es\/wp-json\/wp\/v2\/linea-asistencial?post=46202"}],"curies":[{"name":"wp","href":"https:\/\/api.w.org\/{rel}","templated":true}]}}