{"id":46216,"date":"2021-11-23T00:00:00","date_gmt":"2021-11-23T00:00:00","guid":{"rendered":"http:\/\/194.35.43.170\/~aitamenninueva\/?p=46216"},"modified":"2022-10-25T11:39:29","modified_gmt":"2022-10-25T11:39:29","slug":"onate-rinde-homenaje-juan-carlos-14605","status":"publish","type":"post","link":"https:\/\/ospitalarioakfundazioaeuskadi.org\/es\/onate-rinde-homenaje-juan-carlos-14605\/","title":{"rendered":"O\u00f1ate rinde homenaje a Juan Carlos Irizar"},"content":{"rendered":"<div class=\"texto wysiwyg\">\n<p>En el escenario de Santa Ana Antzokia, las Jornadas Musicales Musikegunak de O\u00f1ate tuvieron una de sus citas m\u00e1s especiales de su 43\u00aa edici\u00f3n, con un concierto dedicado a nuestro querido Juan Carlos Irizar, incansable colaborador con numerosas iniciativas de nuestro hospital, como el <a href=\"juan-carlos-irizar-dirige-coro-8262.html\" target=\"_blank\" rel=\"noopener\">coro de pacientes<\/a>. Tambi\u00e9n fue uno de los mayores benefactores de nuestro proyecto <a href=\"..\/pastoral-proyectos-sociales\/proyectos-cooperacion-internacional.html\" target=\"_blank\" rel=\"noopener\">We Are Like You en Liberia<\/a>.<\/p>\n<p>Particip\u00f3 en esta cita tan especial <i>Aran Saiz Trio eta gonbidatuak<\/i>, la formaci\u00f3n de la pianista o\u00f1atiarra <b>Arantzazu Saiz<\/b>, que tambi\u00e9n integran <b>Iosu Izagirre<\/b> (bajo) y <b>Hasier Oleaga<\/b> (bater\u00eda), y que estuvo acompa\u00f1ada de otros m\u00fasicos que conoc\u00edan bien al homenajeado: <b>Xabier Zeberio<\/b> (viol\u00edn), <b>Karmelo Bengoetxea<\/b> (acorde\u00f3n), <b>Xabier Ugarte<\/b> (guitarra), <b>Iker Orozco<\/b> (oboe) y <b>Jes\u00fas Mari Aranburu<\/b> (bajo).<\/p>\n<p>El acto cont\u00f3 con la intervenci\u00f3n, asimismo, de nuestro director gerente de Aita Menni y responsable de proyectos del <a href=\"https:\/\/www.wearelikeyou.org\/\" target=\"_blank\" rel=\"noopener nofollow\">Saint Benedict Menni Center de Monrovia<\/a>, <b>Mikel Tellaeche<\/b>.<\/p>\n<p>En el concierto sonaron nueve temas de Irizar, parte de ellos centrados en la naturaleza, una de sus principales fuentes de inspiraci\u00f3n, otros dedicados a los lugares que fueron su residencia y tambi\u00e9n piezas creadas por el artista para las personas que dejaron huella en \u00e9l. Un merecido tributo a este m\u00fasico, apreciado adem\u00e1s de por su calidad art\u00edstica por su gran calidad humana.<\/p>\n<p>Juan Carlos Irizar\u00a0<a href=\"goian-bego.-descansa-juan-carlos-14318.html\" target=\"_blank\" rel=\"noopener\">falleci\u00f3 el 22 de abril de 2021<\/a>\u00a0a los 69 a\u00f1os, dejando un extenso legado musical formado por m\u00e1s de una treintena de discos y composiciones, entre ellas el\u00a0<a href=\"charla-sobre-vida-benito-menni-8468.html\" target=\"_blank\" rel=\"noopener\">himno a nuestro fundador, San Benito Menni<\/a>, el himno del Zinemaldia donostiarra o la marcha de Marijaia de la Aste Nagusia de Bilbao.<\/p>\n<p>&nbsp;<\/p>\n<p class=\"caja-sombra\">La noticia del concierto homenaje en <a href=\"https:\/\/goiena.eus\/oinati\/1637522010225-juan-carlos-irizar-gogoan-omenaldi-sentitua-santa-anan\" target=\"_blank\" rel=\"noopener nofollow\">Goiena<\/a>:<\/p>\n<div class=\"embed-responsive embed-responsive-16by9\"><div class=\"cookieconsent-optout-marketing\">\n<div class=\"alert alert-warning\">Este contenido est\u00e1 alojado en un proveedor externo. Si quieres verlo, debes <a href=\"javascript:Cookiebot.renew()\" style=\"cursor:pointer;text-decoration:underline;\">aceptar las cookies de la categor\u00eda \"Otras\"<\/a> en la Configuraci\u00f3n de Cookies.<\/div><\/div><iframe class=\"embed-responsive-item\" src=\"https:\/\/cloud.tokimedia.eus\/public\/bideo\/58414\/embed\"><\/iframe><\/div>\n<\/div>\n","protected":false},"excerpt":{"rendered":"<div class=\"entry-summary\">\nEl compositor y pianista, que falleci\u00f3 el pasado 22 de abril, recibi\u00f3 un sentido tributo en su localidad natal. Incansable colaborador de nuestro hospital, nos leg\u00f3, entre sus numerosas composiciones, el himno a San Benito Menni.\n<\/div>\n<div class=\"link-more\"><a href=\"https:\/\/ospitalarioakfundazioaeuskadi.org\/es\/onate-rinde-homenaje-juan-carlos-14605\/\" class=\"more-link\">Seguir leyendo<span class=\"screen-reader-text\"> &ldquo;O\u00f1ate rinde homenaje a Juan Carlos Irizar&rdquo;<\/span>&hellip;<\/a><\/div>\n","protected":false},"author":1,"featured_media":46217,"comment_status":"closed","ping_status":"closed","sticky":false,"template":"","format":"standard","meta":{"footnotes":""},"categories":[1042,1032],"tags":[],"linea-asistencial":[],"class_list":["post-46216","post","type-post","status-publish","format-standard","has-post-thumbnail","hentry","category-solidaridad","category-voluntariado","entry"],"_links":{"self":[{"href":"https:\/\/ospitalarioakfundazioaeuskadi.org\/es\/wp-json\/wp\/v2\/posts\/46216","targetHints":{"allow":["GET"]}}],"collection":[{"href":"https:\/\/ospitalarioakfundazioaeuskadi.org\/es\/wp-json\/wp\/v2\/posts"}],"about":[{"href":"https:\/\/ospitalarioakfundazioaeuskadi.org\/es\/wp-json\/wp\/v2\/types\/post"}],"author":[{"embeddable":true,"href":"https:\/\/ospitalarioakfundazioaeuskadi.org\/es\/wp-json\/wp\/v2\/users\/1"}],"replies":[{"embeddable":true,"href":"https:\/\/ospitalarioakfundazioaeuskadi.org\/es\/wp-json\/wp\/v2\/comments?post=46216"}],"version-history":[{"count":3,"href":"https:\/\/ospitalarioakfundazioaeuskadi.org\/es\/wp-json\/wp\/v2\/posts\/46216\/revisions"}],"predecessor-version":[{"id":46930,"href":"https:\/\/ospitalarioakfundazioaeuskadi.org\/es\/wp-json\/wp\/v2\/posts\/46216\/revisions\/46930"}],"wp:featuredmedia":[{"embeddable":true,"href":"https:\/\/ospitalarioakfundazioaeuskadi.org\/es\/wp-json\/wp\/v2\/media\/46217"}],"wp:attachment":[{"href":"https:\/\/ospitalarioakfundazioaeuskadi.org\/es\/wp-json\/wp\/v2\/media?parent=46216"}],"wp:term":[{"taxonomy":"category","embeddable":true,"href":"https:\/\/ospitalarioakfundazioaeuskadi.org\/es\/wp-json\/wp\/v2\/categories?post=46216"},{"taxonomy":"post_tag","embeddable":true,"href":"https:\/\/ospitalarioakfundazioaeuskadi.org\/es\/wp-json\/wp\/v2\/tags?post=46216"},{"taxonomy":"linea-asistencial","embeddable":true,"href":"https:\/\/ospitalarioakfundazioaeuskadi.org\/es\/wp-json\/wp\/v2\/linea-asistencial?post=46216"}],"curies":[{"name":"wp","href":"https:\/\/api.w.org\/{rel}","templated":true}]}}