{"id":49158,"date":"2021-12-19T00:00:00","date_gmt":"2021-12-19T00:00:00","guid":{"rendered":"http:\/\/194.35.43.170\/~aitamenninueva\/?p=49158"},"modified":"2022-11-20T08:17:08","modified_gmt":"2022-11-20T08:17:08","slug":"pulseras-con-mensaje-en-el-dia-del-euskera","status":"publish","type":"post","link":"https:\/\/ospitalarioakfundazioaeuskadi.org\/es\/pulseras-con-mensaje-en-el-dia-del-euskera\/","title":{"rendered":"Pulseras con mensaje en el D\u00eda del Euskera"},"content":{"rendered":"<p>El d\u00eda 3 de diciembre celebramos en la <a href=\"https:\/\/ospitalarioakfundazioaeuskadi.org\/es\/centro\/residencia-mayores-bilbao-txurdinagabarri\/\">Residencia de mayores Txurdinagabarri<\/a>, como todos los a\u00f1os, el <strong>D\u00eda del Euskera<\/strong>.<\/p>\n<p><!--more-->Este a\u00f1o lo hemos hecho con un acercamiento a este idioma que para muchos de los y las residentes es desconocido pero muy querido, y que les despierta curiosidad. La actividad ha consistido en una la elaboraci\u00f3n de unas pulseras con mensaje, en las que salen diferentes palabras en euskera y sus significados. Y las hemos puesto en recepci\u00f3n para que familiares, residentes y personal de la Residencia puedan cogerlas y conocer algunas de estas palabras y sus significados.<\/p>\n<p>Adem\u00e1s, realizamos una din\u00e1mica que consisti\u00f3 en conocer la historia del euskera y algunas de las tradiciones vascas, como el bertsolarismo o las <em>euskal dantzak<\/em>.<\/p>\n<p>&nbsp;<\/p>\n<p><a href=\"https:\/\/www.personamayor.org\/wp-content\/uploads\/residencia-txurdinagabarri-dia-euskera-2021-11.jpg\" rel=\"nofollow noopener\" target=\"_blank\"><img loading=\"lazy\" decoding=\"async\" class=\"alignleft size-medium wp-image-28502\" src=\"https:\/\/www.ospitalarioakfundazioaeuskadi.org\/wp-content\/uploads\/2022\/10\/residencia-txurdinagabarri-dia-euskera-2021-11-134x179-1.jpg\" alt=\"D\u00eda del Euskera 2021 en la Residencia Txurdinagabarri\" width=\"134\" height=\"179\" title=\"\"><\/a> <a href=\"https:\/\/www.personamayor.org\/wp-content\/uploads\/residencia-txurdinagabarri-dia-euskera-2021-10.jpg\" rel=\"nofollow noopener\" target=\"_blank\"><img loading=\"lazy\" decoding=\"async\" class=\"alignleft size-medium wp-image-28500\" src=\"https:\/\/www.ospitalarioakfundazioaeuskadi.org\/wp-content\/uploads\/2022\/10\/residencia-txurdinagabarri-dia-euskera-2021-10-134x179-1.jpg\" alt=\"D\u00eda del Euskera 2021 en la Residencia Txurdinagabarri\" width=\"134\" height=\"179\" title=\"\"><\/a> <a href=\"https:\/\/www.personamayor.org\/wp-content\/uploads\/residencia-txurdinagabarri-dia-euskera-2021-8.jpg\" rel=\"nofollow noopener\" target=\"_blank\"><img loading=\"lazy\" decoding=\"async\" class=\"alignleft size-medium wp-image-28496\" src=\"https:\/\/www.ospitalarioakfundazioaeuskadi.org\/wp-content\/uploads\/2022\/10\/residencia-txurdinagabarri-dia-euskera-2021-8-134x179-1.jpg\" alt=\"D\u00eda del Euskera 2021 en la Residencia Txurdinagabarri\" width=\"134\" height=\"179\" title=\"\"><\/a> <a href=\"https:\/\/www.personamayor.org\/wp-content\/uploads\/residencia-txurdinagabarri-dia-euskera-2021-7.jpg\" rel=\"nofollow noopener\" target=\"_blank\"><img loading=\"lazy\" decoding=\"async\" class=\"alignleft size-medium wp-image-28494\" src=\"https:\/\/www.ospitalarioakfundazioaeuskadi.org\/wp-content\/uploads\/2022\/10\/residencia-txurdinagabarri-dia-euskera-2021-7-134x179-1.jpg\" alt=\"D\u00eda del Euskera 2021 en la Residencia Txurdinagabarri\" width=\"134\" height=\"179\" title=\"\"><\/a> <a href=\"https:\/\/www.personamayor.org\/wp-content\/uploads\/residencia-txurdinagabarri-dia-euskera-2021-6.jpg\" rel=\"nofollow noopener\" target=\"_blank\"><img loading=\"lazy\" decoding=\"async\" class=\"alignleft size-medium wp-image-28492\" src=\"https:\/\/www.ospitalarioakfundazioaeuskadi.org\/wp-content\/uploads\/2022\/10\/residencia-txurdinagabarri-dia-euskera-2021-6-134x179-1.jpg\" alt=\"D\u00eda del Euskera 2021 en la Residencia Txurdinagabarri\" width=\"134\" height=\"179\" title=\"\"><\/a> <a href=\"https:\/\/www.personamayor.org\/wp-content\/uploads\/residencia-txurdinagabarri-dia-euskera-2021-5.jpg\" rel=\"nofollow noopener\" target=\"_blank\"><img loading=\"lazy\" decoding=\"async\" class=\"alignleft size-medium wp-image-28490\" src=\"https:\/\/www.ospitalarioakfundazioaeuskadi.org\/wp-content\/uploads\/2022\/10\/residencia-txurdinagabarri-dia-euskera-2021-5-134x179-1.jpg\" alt=\"D\u00eda del Euskera 2021 en la Residencia Txurdinagabarri\" width=\"134\" height=\"179\" title=\"\"><\/a> <a href=\"https:\/\/www.personamayor.org\/wp-content\/uploads\/residencia-txurdinagabarri-dia-euskera-2021-4.jpg\" rel=\"nofollow noopener\" target=\"_blank\"><img loading=\"lazy\" decoding=\"async\" class=\"alignleft size-medium wp-image-28488\" src=\"https:\/\/www.ospitalarioakfundazioaeuskadi.org\/wp-content\/uploads\/2022\/10\/residencia-txurdinagabarri-dia-euskera-2021-4-134x179-1.jpg\" alt=\"D\u00eda del Euskera 2021 en la Residencia Txurdinagabarri\" width=\"134\" height=\"179\" title=\"\"><\/a> <a href=\"https:\/\/www.personamayor.org\/wp-content\/uploads\/residencia-txurdinagabarri-dia-euskera-2021-3.jpg\" rel=\"nofollow noopener\" target=\"_blank\"><img loading=\"lazy\" decoding=\"async\" class=\"alignleft size-medium wp-image-28486\" src=\"https:\/\/www.ospitalarioakfundazioaeuskadi.org\/wp-content\/uploads\/2022\/10\/residencia-txurdinagabarri-dia-euskera-2021-3-134x179-1.jpg\" alt=\"D\u00eda del Euskera 2021 en la Residencia Txurdinagabarri\" width=\"134\" height=\"179\" title=\"\"><\/a> <a href=\"https:\/\/www.personamayor.org\/wp-content\/uploads\/residencia-txurdinagabarri-dia-euskera-2021-2.jpg\" rel=\"nofollow noopener\" target=\"_blank\"><img loading=\"lazy\" decoding=\"async\" class=\"alignleft size-medium wp-image-28484\" src=\"https:\/\/www.ospitalarioakfundazioaeuskadi.org\/wp-content\/uploads\/2022\/10\/residencia-txurdinagabarri-dia-euskera-2021-2-134x179-1.jpg\" alt=\"D\u00eda del Euskera 2021 en la Residencia Txurdinagabarri\" width=\"134\" height=\"179\" title=\"\"><\/a> <a href=\"https:\/\/www.personamayor.org\/wp-content\/uploads\/residencia-txurdinagabarri-dia-euskera-2021-1.jpg\" rel=\"nofollow noopener\" target=\"_blank\"><img loading=\"lazy\" decoding=\"async\" class=\"alignleft size-medium wp-image-28482\" src=\"https:\/\/www.ospitalarioakfundazioaeuskadi.org\/wp-content\/uploads\/2022\/10\/residencia-txurdinagabarri-dia-euskera-2021-1-134x179-1.jpg\" alt=\"D\u00eda del Euskera 2021 en la Residencia Txurdinagabarri\" width=\"134\" height=\"179\" title=\"\"><\/a><\/p>\n","protected":false},"excerpt":{"rendered":"<p>El d\u00eda 3 de diciembre celebramos en la <a href=\"https:\/\/ospitalarioakfundazioaeuskadi.org\/es\/centro\/residencia-mayores-bilbao-txurdinagabarri\/\">Residencia de mayores Txurdinagabarri<\/a>, como todos los a\u00f1os, el <strong>D\u00eda del Euskera<\/strong>.<\/p>\n<div class=\"link-more\"><a href=\"https:\/\/ospitalarioakfundazioaeuskadi.org\/es\/pulseras-con-mensaje-en-el-dia-del-euskera\/#more-49158\" class=\"more-link\">Seguir leyendo<span class=\"screen-reader-text\"> &ldquo;Pulseras con mensaje en el D\u00eda del Euskera&rdquo;<\/span>&hellip;<\/a><\/div>\n","protected":false},"author":1,"featured_media":28498,"comment_status":"closed","ping_status":"closed","sticky":false,"template":"","format":"standard","meta":{"footnotes":""},"categories":[646,648],"tags":[702],"linea-asistencial":[980],"class_list":["post-49158","post","type-post","status-publish","format-standard","has-post-thumbnail","hentry","category-aita-menni","category-residencia-txurdinagabarri-bilbao","tag-residencia-txurdinagabarri","linea-asistencial-4-persona-mayor","entry"],"_links":{"self":[{"href":"https:\/\/ospitalarioakfundazioaeuskadi.org\/es\/wp-json\/wp\/v2\/posts\/49158","targetHints":{"allow":["GET"]}}],"collection":[{"href":"https:\/\/ospitalarioakfundazioaeuskadi.org\/es\/wp-json\/wp\/v2\/posts"}],"about":[{"href":"https:\/\/ospitalarioakfundazioaeuskadi.org\/es\/wp-json\/wp\/v2\/types\/post"}],"author":[{"embeddable":true,"href":"https:\/\/ospitalarioakfundazioaeuskadi.org\/es\/wp-json\/wp\/v2\/users\/1"}],"replies":[{"embeddable":true,"href":"https:\/\/ospitalarioakfundazioaeuskadi.org\/es\/wp-json\/wp\/v2\/comments?post=49158"}],"version-history":[{"count":1,"href":"https:\/\/ospitalarioakfundazioaeuskadi.org\/es\/wp-json\/wp\/v2\/posts\/49158\/revisions"}],"predecessor-version":[{"id":53271,"href":"https:\/\/ospitalarioakfundazioaeuskadi.org\/es\/wp-json\/wp\/v2\/posts\/49158\/revisions\/53271"}],"wp:featuredmedia":[{"embeddable":true,"href":"https:\/\/ospitalarioakfundazioaeuskadi.org\/es\/wp-json\/wp\/v2\/media\/28498"}],"wp:attachment":[{"href":"https:\/\/ospitalarioakfundazioaeuskadi.org\/es\/wp-json\/wp\/v2\/media?parent=49158"}],"wp:term":[{"taxonomy":"category","embeddable":true,"href":"https:\/\/ospitalarioakfundazioaeuskadi.org\/es\/wp-json\/wp\/v2\/categories?post=49158"},{"taxonomy":"post_tag","embeddable":true,"href":"https:\/\/ospitalarioakfundazioaeuskadi.org\/es\/wp-json\/wp\/v2\/tags?post=49158"},{"taxonomy":"linea-asistencial","embeddable":true,"href":"https:\/\/ospitalarioakfundazioaeuskadi.org\/es\/wp-json\/wp\/v2\/linea-asistencial?post=49158"}],"curies":[{"name":"wp","href":"https:\/\/api.w.org\/{rel}","templated":true}]}}