{"id":55908,"date":"2022-11-11T10:15:06","date_gmt":"2022-11-11T10:15:06","guid":{"rendered":"http:\/\/194.35.43.170\/~aitamenninueva\/?p=55908"},"modified":"2023-01-16T10:09:36","modified_gmt":"2023-01-16T10:09:36","slug":"unidad-salud-mental-aita-menni-15103","status":"publish","type":"post","link":"https:\/\/ospitalarioakfundazioaeuskadi.org\/es\/unidad-salud-mental-aita-menni-15103\/","title":{"rendered":"La Unidad de Salud Mental que Aita Menni puso en marcha en \u00c1frica cumple 5 a\u00f1os"},"content":{"rendered":"<p>La\u00a0<b>Unidad de Salud Mental que el Hospital Aita Menni puso en marcha en Monrovia (Liberia) para atender a mujeres ha cumplido 5 a\u00f1os<\/b>. El programa de atenci\u00f3n sanitaria est\u00e1 englobado dentro de los programas de salud mental del Ministerio de Sanidad de Liberia bajo el nombre de \u201cBenedict Menni Step Down Unit\u201d y cuenta con el reconocimiento de la Organizaci\u00f3n Mundial de la Salud (OMS).<\/p>\n<p><b>La puesta en marcha de la unidad fue posible gracias a\u00a0<a href=\"https:\/\/www.wearelikeyou.org\" rel=\"nofollow noopener\" target=\"_blank\">We Are Like You (WALY)<\/a><\/b>, que es un proyecto de colaboraci\u00f3n entre nuestro <a href=\"\/es?p=39027\">Hospital Aita Menni<\/a> de Arrasate-Mondrag\u00f3n y el Centro de Salud Benedict Menni de Monrovia (centro donde est\u00e1 ubicada la unidad), ambos pertenecientes a la orden de las Hermanas Hospitalarias.<\/p>\n<p>WALY tiene como objetivo mejorar las condiciones sociosanitarias de los pacientes del centro de salud y atender a pacientes con enfermedad mental y\/o abuso de drogas y a pacientes con retraso mental. En concreto, WALY busca recabar los fondos necesarios para desarrollar instalaciones sanitarias en Liberia (\u00c1frica) que permitan proporcionar tratamiento adecuado a mujeres con enfermedad mental o discapacidad intelectual.<\/p>\n<p>Con motivo de la conmemoraci\u00f3n de dicho aniversario, el Hospital Aita Menni organiz\u00f3 en su sede de Arrasate la\u00a0<b>jornada \u201cSalud Mental en \u00c1frica\u201d<\/b>\u00a0en la que se dieron cita varias personas y organizaciones centradas en el \u00e1mbito del voluntariado y de la cooperaci\u00f3n internacional que forman parte del proyecto.<\/p>\n<p>En la jornada participaron:\u00a0<b>Fernando San Mart\u00edn<\/b>, director general de Cooperaci\u00f3n Internacional de la Diputaci\u00f3n Foral de Gipuzkoa;\u00a0<b>Maitane Mu\u00f1oz<\/b>, concejala de Servicios Sociales y Juventud del Ayuntamiento de Arrasate \/ Mondrag\u00f3n; <b>Sabrina Haboba<\/b>, coordinadora de la <a href=\"https:\/\/www.fbmenni.org\" rel=\"nofollow noopener\" target=\"_blank\">Fundaci\u00f3n Benito Menni<\/a>;\u00a0<b>Manuel Mart\u00edn Carrasco<\/b>, psiquiatra y director m\u00e9dico de Aita Menni;\u00a0<b>Mikel Tellaeche<\/b>, director gerente de Aita Menni;\u00a0<b>Ato Kwamena Sagoe<\/b>, enfermero en Psiquiatr\u00eda y coordinador de la Unidad de Salud Mental del Saint Benedict Health Center de Monrovia (Liberia);\u00a0<b>Izaro Uribarren<\/b>, soci\u00f3loga del Hospital Aita Menni,\u00a0y\u00a0<b>Jos\u00e9 Luis Gir\u00f3n<\/b>, director asistencial de Aita Menni. Como maestro de ceremonias estuvo\u00a0<b>Egoitz Zabala<\/b>, responsable de <a href=\"https:\/\/ospitalarioakfundazioaeuskadi.org\/es\/hospitalidad\/pastoral-atencion-espiritual\/\">Pastoral<\/a>, <a href=\"https:\/\/ospitalarioakfundazioaeuskadi.org\/es\/hospitalidad\/voluntariado\/\">Voluntariado<\/a> y <a href=\"https:\/\/ospitalarioakfundazioaeuskadi.org\/es\/hospitalidad\/solidaridad\/\">Solidaridad<\/a> de Aita Menni.<\/p>\n<p>\u201cCuando tenemos la posibilidad de llevar a cabo proyectos que sabemos que transforman la realidad de las personas, y sobre todo de mujeres, es un orgullo hacerlo y un gran aliciente para seguir trabajando por y para los derechos de las mujeres para que puedan tener una salud mental atendida\u201d, explic\u00f3 la coordinadora de la\u00a0Fundaci\u00f3n Benito Menni, creada por las Hermanas Hospitalarias en el a\u00f1o 2004.<\/p>\n<p>Por su parte, la concejala de Servicios Sociales y Juventud del Ayuntamiento de Arrasate-Mondrag\u00f3n lament\u00f3 que \u201cla pandemia haya marcado un antes y un despu\u00e9s en nuestras vidas\u201d, pero se congratul\u00f3 porque \u201cha sacado a la luz problemas que antes no se ten\u00edan en cuenta, que estaban escondidos y que simplemente no se sacaban a la luz. Ahora, afortunadamente, podemos hablar de salud mental\u201d.<\/p>\n<figure id=\"attachment_55913\" aria-describedby=\"caption-attachment-55913\" style=\"width: 790px\" class=\"wp-caption alignnone\"><img loading=\"lazy\" decoding=\"async\" class=\"wp-image-55913 size-full\" src=\"https:\/\/www.ospitalarioakfundazioaeuskadi.org\/wp-content\/uploads\/2022\/11\/20221103-AM-cooperacion-b-11.jpg\" alt=\"Fernando San Mart\u00edn\" width=\"790\" height=\"527\" title=\"\" srcset=\"https:\/\/ospitalarioakfundazioaeuskadi.org\/wp-content\/uploads\/2022\/11\/20221103-AM-cooperacion-b-11.jpg 790w, https:\/\/ospitalarioakfundazioaeuskadi.org\/wp-content\/uploads\/2022\/11\/20221103-AM-cooperacion-b-11-744x496.jpg 744w, https:\/\/ospitalarioakfundazioaeuskadi.org\/wp-content\/uploads\/2022\/11\/20221103-AM-cooperacion-b-11-768x512.jpg 768w\" sizes=\"auto, (max-width: 790px) 100vw, 790px\" \/><figcaption id=\"caption-attachment-55913\" class=\"wp-caption-text\">Fernando San Mart\u00edn.<\/figcaption><\/figure>\n<p>El director general de Cooperaci\u00f3n Internacional de la Diputaci\u00f3n Foral de Gipuzkoa puso de relieve la \u201cimportancia de contar con un mecanismo que gestione y visualice la ayuda al desarrollo\u201d. \u201cEntre todos nuestros puntos de trabajo, hay uno espec\u00edfico para \u00c1frica, para ONGs que trabajan en este continente\u201d, afirm\u00f3\u00a0<b>San Mart\u00edn<\/b>, a la par que aplaudi\u00f3 la labor que Aita Menni y Hermanas Hospitalarias realizan en \u00c1frica.<\/p>\n<h2 class=\"titulo2\">La salud mental en \u00c1frica<\/h2>\n<p>El siguiente en intervenir fue el director m\u00e9dico de Aita Menni, qui\u00e9n hizo una radiograf\u00eda de la salud mental en \u00c1frica y en el conjunto de pa\u00edses. As\u00ed, el doctor\u00a0<b>Mart\u00edn Carrasco<\/b>\u00a0evidenci\u00f3 que \u201cen t\u00e9rminos globales, en el mundo, hay un avance en la salud f\u00edsica, pero hay un retroceso en la salud mental\u201d. \u201cEste retroceso, por desgracia, tiene pocos visos de arreglarse. Tiene que haber un aumento de la inversi\u00f3n y de las pol\u00edticas hacia la salud mental. Evidentemente, los pa\u00edses con menos ingresos son los que m\u00e1s lo sufren, como est\u00e1 sucediendo en \u00c1frica\u201d, afirm\u00f3.<\/p>\n<figure id=\"attachment_55911\" aria-describedby=\"caption-attachment-55911\" style=\"width: 790px\" class=\"wp-caption alignnone\"><img loading=\"lazy\" decoding=\"async\" class=\"size-full wp-image-55911\" src=\"https:\/\/www.ospitalarioakfundazioaeuskadi.org\/wp-content\/uploads\/2022\/11\/20221103-AM-cooperacion-b-18.jpg\" alt=\"Mikel Tellaeche.\" width=\"790\" height=\"527\" title=\"\" srcset=\"https:\/\/ospitalarioakfundazioaeuskadi.org\/wp-content\/uploads\/2022\/11\/20221103-AM-cooperacion-b-18.jpg 790w, https:\/\/ospitalarioakfundazioaeuskadi.org\/wp-content\/uploads\/2022\/11\/20221103-AM-cooperacion-b-18-744x496.jpg 744w, https:\/\/ospitalarioakfundazioaeuskadi.org\/wp-content\/uploads\/2022\/11\/20221103-AM-cooperacion-b-18-768x512.jpg 768w\" sizes=\"auto, (max-width: 790px) 100vw, 790px\" \/><figcaption id=\"caption-attachment-55911\" class=\"wp-caption-text\">Mikel Tellaeche.<\/figcaption><\/figure>\n<h2>La Unidad de Salud Mental en Liberia y el proyecto We Are Like You<\/h2>\n<p>El director gerente de Aita Menni explic\u00f3 los inicios y el desarrollo de la Unidad de Salud Mental que el Hospital Aita Menni de Arrasate puso en marcha en el Centro de Salud Benedict Menni de Monrovia. En este contexto, se mostr\u00f3 satisfecho de la labor realizada y con la vista puesta en el futuro a corto plazo para que el proyecto siga adelante.\u00a0\u201cGracias a las Hermanas Hospitalarias, a los voluntarios y voluntarias, a las empresas colaboradoras y participantes, a Catholic Relief Services\u00a0(CRS), al Ministerio de Sanidad Liberia, la OMS, al Gobierno Vasco y la Diputaci\u00f3n Foral de Gipuzkoa el proyecto ha sido una realidad\u201d, afirm\u00f3\u00a0<b>Mikel Tellaeche<\/b>, qui\u00e9n tuvo un especial recuerdo para\u00a0<b><a href=\"https:\/\/www.ospitalarioakfundazioaeuskadi.org\/es\/noticias\/homenaje-nuestro-querido-juan-carlos-14897.html\" target=\"_blank\" rel=\"noopener\">Juan Carlos Irizar<\/a><\/b>, compositor y pianista o\u00f1atiarra, director del Coro de Pacientes de Aita Menni que colabor\u00f3 en conciertos.\u00a0\u201cGracias a su m\u00fasica solidaria recorrimos much\u00edsimos pueblos y rincones de Euskadi y recaudamos fondos para la causa con los mercadillos y giras que organizamos. Gracias a que la gente iba a verle, fuimos generando esa sensibilidad hacia \u00c1frica que de otra forma no habr\u00edamos conseguido\u201d, subray\u00f3.<\/p>\n<h2 class=\"titulo2\">La atenci\u00f3n en la Unidad, contada de primera mano<\/h2>\n<p>Por \u00faltimo, en la jornada estuvo presente el coordinador de la Unidad de Salud Mental del Saint Benedict Health Center de Monrovia, qui\u00e9n puso el foco en que \u201clos principales programas de salud de Liberia est\u00e1n destinados al VIH, tuberculosis, malaria y salud materno-infantil\u201d. \u201cApenas hay presupuesto dirigido a este \u00e1mbito de la salud mental\u201d, denunci\u00f3.<\/p>\n<p>Seg\u00fan explic\u00f3\u00a0<b>Ato Kwamena Sagoe<\/b>, la Unidad de Salud Mental forma parte del Comit\u00e9 T\u00e9cnico del Ministerio de Sanidad y Servicios Sociales de Liberia, donde \u201cponemos en marcha muchos programas como formaci\u00f3n de m\u00e9dicos, de enfermeros, de trabajadores sociales. El centro colabora con otros agentes sanitarios que ya conocemos como M\u00e9dicos Sin Fronteras, CRS, Cruz Roja, etc. Tambi\u00e9n hay un gran equipo de Psiquiatr\u00eda, terapia ocupacional y musicoterapia y desarrollamos \u00a0talleres habituales como cocina, peluquer\u00eda\u2026 Son talleres para mujeres para conocerse a s\u00ed mismas\u201d.\u00a0\u201cNo solo tratamos la enfermedad mental de las mujeres, sino que tambi\u00e9n tenemos formaci\u00f3n espec\u00edfica de formaci\u00f3n en salud mental, tanto para las mujeres como para las familiares. Ayudamos, adem\u00e1s, a insertar a estas personas en el mercado laboral, promover su inserci\u00f3n social a trav\u00e9s de diferentes talleres como econom\u00eda b\u00e1sica, econom\u00eda avanzada. Al final les damos las herramientas para que puedan conseguir sus propios objetivos vitales\u201d, concluy\u00f3.<\/p>\n","protected":false},"excerpt":{"rendered":"<div class=\"entry-summary\">\nCuenta con el reconocimiento de la Organizaci\u00f3n Mundial de la Salud (OMS) y el Ministerio de Sanidad de Liberia. Para conmemorar el aniversario, organizamos la jornada \u201cSalud Mental en \u00c1frica\u201d en la que se dieron cita varias de las entidades que forman parte del proyecto.<\/p>\n<\/div>\n<div class=\"link-more\"><a href=\"https:\/\/ospitalarioakfundazioaeuskadi.org\/es\/unidad-salud-mental-aita-menni-15103\/\" class=\"more-link\">Seguir leyendo<span class=\"screen-reader-text\"> &ldquo;La Unidad de Salud Mental que Aita Menni puso en marcha en \u00c1frica cumple 5 a\u00f1os&rdquo;<\/span>&hellip;<\/a><\/div>\n","protected":false},"author":1,"featured_media":55909,"comment_status":"closed","ping_status":"closed","sticky":false,"template":"","format":"standard","meta":{"footnotes":""},"categories":[646,1042],"tags":[],"linea-asistencial":[979],"class_list":["post-55908","post","type-post","status-publish","format-standard","has-post-thumbnail","hentry","category-aita-menni","category-solidaridad","linea-asistencial-1-salud-mental","entry"],"_links":{"self":[{"href":"https:\/\/ospitalarioakfundazioaeuskadi.org\/es\/wp-json\/wp\/v2\/posts\/55908","targetHints":{"allow":["GET"]}}],"collection":[{"href":"https:\/\/ospitalarioakfundazioaeuskadi.org\/es\/wp-json\/wp\/v2\/posts"}],"about":[{"href":"https:\/\/ospitalarioakfundazioaeuskadi.org\/es\/wp-json\/wp\/v2\/types\/post"}],"author":[{"embeddable":true,"href":"https:\/\/ospitalarioakfundazioaeuskadi.org\/es\/wp-json\/wp\/v2\/users\/1"}],"replies":[{"embeddable":true,"href":"https:\/\/ospitalarioakfundazioaeuskadi.org\/es\/wp-json\/wp\/v2\/comments?post=55908"}],"version-history":[{"count":3,"href":"https:\/\/ospitalarioakfundazioaeuskadi.org\/es\/wp-json\/wp\/v2\/posts\/55908\/revisions"}],"predecessor-version":[{"id":55931,"href":"https:\/\/ospitalarioakfundazioaeuskadi.org\/es\/wp-json\/wp\/v2\/posts\/55908\/revisions\/55931"}],"wp:featuredmedia":[{"embeddable":true,"href":"https:\/\/ospitalarioakfundazioaeuskadi.org\/es\/wp-json\/wp\/v2\/media\/55909"}],"wp:attachment":[{"href":"https:\/\/ospitalarioakfundazioaeuskadi.org\/es\/wp-json\/wp\/v2\/media?parent=55908"}],"wp:term":[{"taxonomy":"category","embeddable":true,"href":"https:\/\/ospitalarioakfundazioaeuskadi.org\/es\/wp-json\/wp\/v2\/categories?post=55908"},{"taxonomy":"post_tag","embeddable":true,"href":"https:\/\/ospitalarioakfundazioaeuskadi.org\/es\/wp-json\/wp\/v2\/tags?post=55908"},{"taxonomy":"linea-asistencial","embeddable":true,"href":"https:\/\/ospitalarioakfundazioaeuskadi.org\/es\/wp-json\/wp\/v2\/linea-asistencial?post=55908"}],"curies":[{"name":"wp","href":"https:\/\/api.w.org\/{rel}","templated":true}]}}