{"id":55925,"date":"2022-11-14T13:11:40","date_gmt":"2022-11-14T13:11:40","guid":{"rendered":"http:\/\/194.35.43.170\/~aitamenninueva\/?p=55925"},"modified":"2023-01-16T10:09:06","modified_gmt":"2023-01-16T10:09:06","slug":"dedicamos-dias-concienciacion-medioambiental-15104","status":"publish","type":"post","link":"https:\/\/ospitalarioakfundazioaeuskadi.org\/es\/dedicamos-dias-concienciacion-medioambiental-15104\/","title":{"rendered":"Dedicamos 30 d\u00edas a la concienciaci\u00f3n medioambiental"},"content":{"rendered":"<div class=\"wysuwyg\">\n<p>A lo largo de este a\u00f1o, el Taller de limpieza de exteriores que mantiene el <a href=\"https:\/\/www.ospitalarioakfundazioaeuskadi.org\/es\/psiquiatria\/servicio-rehabilitacion-dinamizacion-social.html\" target=\"_blank\" rel=\"noopener\">Servicio de Rehabilitaci\u00f3n y Dinamizaci\u00f3n Social<\/a> ha ido observando que en el entorno del <a href=\"\/es?p=39027\">Hospital Aita Menni<\/a>, a pesar de que se limpia continuamente, se acumula basura y suciedad que no tendr\u00eda que estar en el suelo sino en papeleras y contenedores. Por esta raz\u00f3n \u2014tal y como nos cuenta su coordinadora, la psic\u00f3loga <b>Amaia Bulumburu\u2014<\/b>, el Servicio decidi\u00f3 comenzar a primeros de octubre el Mes de la Concienciaci\u00f3n Medioambiental.<\/p>\n<p>La primera actividad, que se prolong\u00f3 desde el d\u00eda 3 hasta el 7 de octubre, se concret\u00f3 en la observaci\u00f3n, separaci\u00f3n y an\u00e1lisis de los residuos que se generan en el Hospital Aita Menni. As\u00ed comenz\u00f3 el Mes de la Concienciaci\u00f3n Medioambiental que se prolong\u00f3 hasta el 4 de noviembre con distintas actividades, entre las que destacan:<\/p>\n<ul>\n<li><strong>Limpieza de exteriores<\/strong> por las diferentes Unidades: ver en qu\u00e9 puntos se acumulaba la suciedad, marcar las zonas en un mapa y clasificar el tipo de basura (latas, cajetillas de tabaco, colillas, etc.) y anotar si hay cerca un punto con papeleras para arrojarla. No solo han participado las personas que salen a limpiar habitualmente de 10 a 11 horas todos los d\u00edas de la semana, sino que han acompa\u00f1ado a estas brigadas durante una semana pacientes de otras Unidades, para extender as\u00ed la labor de concienciaci\u00f3n. Es decir, que todos los pacientes sean conscientes de lo que supone limpiar lo que no se ha echado a los recipientes destinados a la basura.<\/li>\n<li><strong>Exposici\u00f3n<\/strong> sobre la importancia del cuidado del medioambiente, incluido el mar, visionado de un documental y posterior debate. Elaboraci\u00f3n de distintos materiales para un mural sobre este tema.<\/li>\n<li>Visionado de un <strong>documental sobre reciclaje<\/strong>. Realizaci\u00f3n de carteles para colocar murales en la galer\u00eda.<\/li>\n<li>Realizaci\u00f3n de <strong>esculturas<\/strong> a partir de los residuos recogidos en el hospital.<\/li>\n<li><strong>Observaci\u00f3n de los residuo<\/strong>s en el Hospital tras el ejercicio de concienciaci\u00f3n.<\/li>\n<li><strong>Jornada de concienciaci\u00f3<\/strong>n con la ayuda de <a href=\"http:\/\/natureskola.eus\/\" target=\"_blank\" rel=\"noopener nofollow\">Natur Eskola<\/a>, de O\u00f1ati,\u00a0sobre el volumen de basura que generamos\u00a0y su repercusi\u00f3n en el planeta y en el ser humano.<\/li>\n<li><strong>Fiesta<\/strong> de culminaci\u00f3n del Mes de la Concienciaci\u00f3n, en la que mostramos en diferentes recipientes los residuos que hemos encontrado (llama la atenci\u00f3n la cantidad de colillas) y agradecimos la ayuda a todas las personas que han participado.<\/li>\n<\/ul>\n<figure id=\"attachment_55942\" aria-describedby=\"caption-attachment-55942\" style=\"width: 535px\" class=\"wp-caption alignnone\"><img loading=\"lazy\" decoding=\"async\" class=\"size-full wp-image-55942\" src=\"https:\/\/www.ospitalarioakfundazioaeuskadi.org\/wp-content\/uploads\/2022\/11\/murales-conciencicion-medioambiental-p.jpg\" alt=\"Dibujos para el mural sobre medio ambiente\" width=\"535\" height=\"440\" title=\"\"><figcaption id=\"caption-attachment-55942\" class=\"wp-caption-text\">Dibujos para el mural sobre medio ambiente.<\/figcaption><\/figure>\n<\/div>\n<figure id=\"attachment_55946\" aria-describedby=\"caption-attachment-55946\" style=\"width: 535px\" class=\"wp-caption alignnone\"><img loading=\"lazy\" decoding=\"async\" class=\"size-full wp-image-55946\" src=\"https:\/\/www.ospitalarioakfundazioaeuskadi.org\/wp-content\/uploads\/2022\/11\/esculturas-realizadas-con-basura.jpg\" alt=\"Esculturas hechas con residuos en el Hospital Aita Menni\" width=\"535\" height=\"327\" title=\"\"><figcaption id=\"caption-attachment-55946\" class=\"wp-caption-text\">Esculturas hechas con residuos en el Hospital Aita Menni.<\/figcaption><\/figure>\n<div class=\"wysuwyg\">\n<figure id=\"attachment_55944\" aria-describedby=\"caption-attachment-55944\" style=\"width: 535px\" class=\"wp-caption alignnone\"><img loading=\"lazy\" decoding=\"async\" class=\"size-full wp-image-55944\" src=\"https:\/\/www.ospitalarioakfundazioaeuskadi.org\/wp-content\/uploads\/2022\/11\/taller-de-limpieza-de-exteriores.jpg\" alt=\"Una caja llena de colillas recogidas en el Taller de limpieza de exteriores\" width=\"535\" height=\"220\" title=\"\"><figcaption id=\"caption-attachment-55944\" class=\"wp-caption-text\">Colillas recogidas en el Taller de limpieza de exteriores.<\/figcaption><\/figure>\n<div class=\"mceTemp\"><\/div>\n<div class=\"mceTemp\"><\/div>\n<h2 class=\"titulo2\">\u00abCuidemos el medio ambiente entre todos\u00bb<\/h2>\n<p>El balance de este Mes de Concienciaci\u00f3n Medioambiental celebrado bajo el lema \u00abCuidemos el medio ambiente entre todos\u00bb14, seg\u00fan <b>Amaia Bulumburu<\/b>, \u00abha sido muy muy positivo, por la implicaci\u00f3n de los pacientes, por lo que han disfrutado y por el modo en el que se ha transmitido el mensaje, que creemos les ha llegado. A ver si a partir de ahora entre todos podemos cuidar un poco m\u00e1s nuestro entorno\u00bb.<\/p>\n<div class=\"mceTemp\"><\/div>\n<\/div>\n","protected":false},"excerpt":{"rendered":"<div class=\"entry-summary\">\n\u00abCuidemos el medio ambiente entre todos\u00bb ha sido el lema elegido por el Servicio de Rehabilitaci\u00f3n y Dinamizaci\u00f3n Social. Del 3 de octubre al 4 de noviembre, con la organizaci\u00f3n de distintas actividades se ha apelado a la toma de conciencia sobre el modo en que consumimos, los residuos que generamos y d\u00f3nde tiramos la basura.<\/p>\n<\/div>\n<div class=\"link-more\"><a href=\"https:\/\/ospitalarioakfundazioaeuskadi.org\/es\/dedicamos-dias-concienciacion-medioambiental-15104\/\" class=\"more-link\">Seguir leyendo<span class=\"screen-reader-text\"> &ldquo;Dedicamos 30 d\u00edas a la concienciaci\u00f3n medioambiental&rdquo;<\/span>&hellip;<\/a><\/div>\n","protected":false},"author":1,"featured_media":55940,"comment_status":"closed","ping_status":"closed","sticky":false,"template":"","format":"standard","meta":{"footnotes":""},"categories":[646,1008,1044],"tags":[],"linea-asistencial":[],"class_list":["post-55925","post","type-post","status-publish","format-standard","has-post-thumbnail","hentry","category-aita-menni","category-hospital-aita-menni","category-medio-ambiente","entry"],"_links":{"self":[{"href":"https:\/\/ospitalarioakfundazioaeuskadi.org\/es\/wp-json\/wp\/v2\/posts\/55925","targetHints":{"allow":["GET"]}}],"collection":[{"href":"https:\/\/ospitalarioakfundazioaeuskadi.org\/es\/wp-json\/wp\/v2\/posts"}],"about":[{"href":"https:\/\/ospitalarioakfundazioaeuskadi.org\/es\/wp-json\/wp\/v2\/types\/post"}],"author":[{"embeddable":true,"href":"https:\/\/ospitalarioakfundazioaeuskadi.org\/es\/wp-json\/wp\/v2\/users\/1"}],"replies":[{"embeddable":true,"href":"https:\/\/ospitalarioakfundazioaeuskadi.org\/es\/wp-json\/wp\/v2\/comments?post=55925"}],"version-history":[{"count":3,"href":"https:\/\/ospitalarioakfundazioaeuskadi.org\/es\/wp-json\/wp\/v2\/posts\/55925\/revisions"}],"predecessor-version":[{"id":55952,"href":"https:\/\/ospitalarioakfundazioaeuskadi.org\/es\/wp-json\/wp\/v2\/posts\/55925\/revisions\/55952"}],"wp:featuredmedia":[{"embeddable":true,"href":"https:\/\/ospitalarioakfundazioaeuskadi.org\/es\/wp-json\/wp\/v2\/media\/55940"}],"wp:attachment":[{"href":"https:\/\/ospitalarioakfundazioaeuskadi.org\/es\/wp-json\/wp\/v2\/media?parent=55925"}],"wp:term":[{"taxonomy":"category","embeddable":true,"href":"https:\/\/ospitalarioakfundazioaeuskadi.org\/es\/wp-json\/wp\/v2\/categories?post=55925"},{"taxonomy":"post_tag","embeddable":true,"href":"https:\/\/ospitalarioakfundazioaeuskadi.org\/es\/wp-json\/wp\/v2\/tags?post=55925"},{"taxonomy":"linea-asistencial","embeddable":true,"href":"https:\/\/ospitalarioakfundazioaeuskadi.org\/es\/wp-json\/wp\/v2\/linea-asistencial?post=55925"}],"curies":[{"name":"wp","href":"https:\/\/api.w.org\/{rel}","templated":true}]}}