{"id":57160,"date":"2022-12-28T16:34:17","date_gmt":"2022-12-28T16:34:17","guid":{"rendered":"https:\/\/www.personamayor.org\/?p=31793"},"modified":"2023-02-02T18:17:58","modified_gmt":"2023-02-02T18:17:58","slug":"chorizo-sidra-y-musica-para-celebrar-santo-tomas","status":"publish","type":"post","link":"https:\/\/ospitalarioakfundazioaeuskadi.org\/es\/chorizo-sidra-y-musica-para-celebrar-santo-tomas\/","title":{"rendered":"Chorizo, sidra y m\u00fasica para celebrar Santo Tom\u00e1s"},"content":{"rendered":"<p>El 21 de diciembre, como es costumbre con motivo del <strong>d\u00eda de Santo Tom\u00e1s<\/strong>, el chorizo, la sidra y la m\u00fasica fueron los protagonistas de la jornada en la <a href=\"https:\/\/ospitalarioakfundazioaeuskadi.org\/es\/centro\/residencia-mayores-bilbao-txurdinagabarri\/\">Residencia Txurdinagabarri<\/a>.<\/p>\n<p>Un grupo de ni\u00f1as y ni\u00f1os del Colegio Hijas de la Caridad de Bego\u00f1a tuvieron el detalle de acercarse a la residencia a cantarnos villancicos en el sal\u00f3n principal, al que bajamos residentes de todas las plantas.<\/p>\n<p><img loading=\"lazy\" decoding=\"async\" class=\"alignleft size-thumbnail wp-image-57296\" src=\"https:\/\/www.ospitalarioakfundazioaeuskadi.org\/wp-content\/uploads\/2023\/01\/202212-residencia-txurdinagabarri-santo-tomas-1-400x300.jpg\" alt=\"D\u00eda de Santo Tom\u00e1s en la Residencia de mayores Txurdinagabarri\" width=\"400\" height=\"300\" title=\"\"> <img loading=\"lazy\" decoding=\"async\" class=\"alignleft size-thumbnail wp-image-57298\" src=\"https:\/\/www.ospitalarioakfundazioaeuskadi.org\/wp-content\/uploads\/2023\/01\/202212-residencia-txurdinagabarri-santo-tomas-2-400x300.jpg\" alt=\"D\u00eda de Santo Tom\u00e1s en la Residencia de mayores Txurdinagabarri\" width=\"400\" height=\"300\" title=\"\"> <img loading=\"lazy\" decoding=\"async\" class=\"alignleft size-thumbnail wp-image-57300\" src=\"https:\/\/www.ospitalarioakfundazioaeuskadi.org\/wp-content\/uploads\/2023\/01\/202212-residencia-txurdinagabarri-santo-tomas-3-400x300.jpg\" alt=\"D\u00eda de Santo Tom\u00e1s en la Residencia de mayores Txurdinagabarri\" width=\"400\" height=\"300\" title=\"\"> <img loading=\"lazy\" decoding=\"async\" class=\"alignleft size-thumbnail wp-image-57302\" src=\"https:\/\/www.ospitalarioakfundazioaeuskadi.org\/wp-content\/uploads\/2023\/01\/202212-residencia-txurdinagabarri-santo-tomas-4-400x300.jpg\" alt=\"D\u00eda de Santo Tom\u00e1s en la Residencia de mayores Txurdinagabarri\" width=\"400\" height=\"300\" title=\"\"> <img loading=\"lazy\" decoding=\"async\" class=\"alignleft size-thumbnail wp-image-57304\" src=\"https:\/\/www.ospitalarioakfundazioaeuskadi.org\/wp-content\/uploads\/2023\/01\/202212-residencia-txurdinagabarri-santo-tomas-5-400x300.jpg\" alt=\"D\u00eda de Santo Tom\u00e1s en la Residencia de mayores Txurdinagabarri\" width=\"400\" height=\"300\" title=\"\"> <img loading=\"lazy\" decoding=\"async\" class=\"alignleft size-thumbnail wp-image-57306\" src=\"https:\/\/www.ospitalarioakfundazioaeuskadi.org\/wp-content\/uploads\/2023\/01\/202212-residencia-txurdinagabarri-santo-tomas-6-400x300.jpg\" alt=\"D\u00eda de Santo Tom\u00e1s en la Residencia de mayores Txurdinagabarri\" width=\"400\" height=\"300\" title=\"\"> <img loading=\"lazy\" decoding=\"async\" class=\"alignleft size-thumbnail wp-image-57308\" src=\"https:\/\/www.ospitalarioakfundazioaeuskadi.org\/wp-content\/uploads\/2023\/01\/202212-residencia-txurdinagabarri-santo-tomas-7-400x300.jpg\" alt=\"D\u00eda de Santo Tom\u00e1s en la Residencia de mayores Txurdinagabarri\" width=\"400\" height=\"300\" title=\"\"> <img loading=\"lazy\" decoding=\"async\" class=\"alignleft size-thumbnail wp-image-57310\" src=\"https:\/\/www.ospitalarioakfundazioaeuskadi.org\/wp-content\/uploads\/2023\/01\/202212-residencia-txurdinagabarri-santo-tomas-8-400x300.jpg\" alt=\"D\u00eda de Santo Tom\u00e1s en la Residencia de mayores Txurdinagabarri\" width=\"400\" height=\"300\" title=\"\"> <img loading=\"lazy\" decoding=\"async\" class=\"alignleft size-thumbnail wp-image-57312\" src=\"https:\/\/www.ospitalarioakfundazioaeuskadi.org\/wp-content\/uploads\/2023\/01\/202212-residencia-txurdinagabarri-santo-tomas-9-400x300.jpg\" alt=\"D\u00eda de Santo Tom\u00e1s en la Residencia de mayores Txurdinagabarri\" width=\"400\" height=\"300\" title=\"\"> <img loading=\"lazy\" decoding=\"async\" class=\"alignleft size-thumbnail wp-image-57314\" src=\"https:\/\/www.ospitalarioakfundazioaeuskadi.org\/wp-content\/uploads\/2023\/01\/202212-residencia-txurdinagabarri-santo-tomas-10-400x300.jpg\" alt=\"D\u00eda de Santo Tom\u00e1s en la Residencia de mayores Txurdinagabarri\" width=\"400\" height=\"300\" title=\"\"> <img loading=\"lazy\" decoding=\"async\" class=\"alignleft size-thumbnail wp-image-57316\" src=\"https:\/\/www.ospitalarioakfundazioaeuskadi.org\/wp-content\/uploads\/2023\/01\/202212-residencia-txurdinagabarri-santo-tomas-11-400x300.jpg\" alt=\"D\u00eda de Santo Tom\u00e1s en la Residencia de mayores Txurdinagabarri\" width=\"400\" height=\"300\" title=\"\"> <img loading=\"lazy\" decoding=\"async\" class=\"alignleft size-thumbnail wp-image-57318\" src=\"https:\/\/www.ospitalarioakfundazioaeuskadi.org\/wp-content\/uploads\/2023\/01\/202212-residencia-txurdinagabarri-santo-tomas-12-400x300.jpg\" alt=\"D\u00eda de Santo Tom\u00e1s en la Residencia de mayores Txurdinagabarri\" width=\"400\" height=\"300\" title=\"\"> <img loading=\"lazy\" decoding=\"async\" class=\"alignleft size-thumbnail wp-image-57320\" src=\"https:\/\/www.ospitalarioakfundazioaeuskadi.org\/wp-content\/uploads\/2023\/01\/202212-residencia-txurdinagabarri-santo-tomas-13-400x300.jpg\" alt=\"D\u00eda de Santo Tom\u00e1s en la Residencia de mayores Txurdinagabarri\" width=\"400\" height=\"300\" title=\"\" srcset=\"https:\/\/ospitalarioakfundazioaeuskadi.org\/wp-content\/uploads\/2023\/01\/202212-residencia-txurdinagabarri-santo-tomas-13-400x300.jpg 400w, https:\/\/ospitalarioakfundazioaeuskadi.org\/wp-content\/uploads\/2023\/01\/202212-residencia-txurdinagabarri-santo-tomas-13-768x576.jpg 768w, https:\/\/ospitalarioakfundazioaeuskadi.org\/wp-content\/uploads\/2023\/01\/202212-residencia-txurdinagabarri-santo-tomas-13.jpg 850w\" sizes=\"auto, (max-width: 400px) 100vw, 400px\" \/> <img loading=\"lazy\" decoding=\"async\" class=\"alignleft size-thumbnail wp-image-57324\" src=\"https:\/\/www.ospitalarioakfundazioaeuskadi.org\/wp-content\/uploads\/2023\/01\/202212-residencia-txurdinagabarri-santo-tomas-15-400x300.jpg\" alt=\"D\u00eda de Santo Tom\u00e1s en la Residencia de mayores Txurdinagabarri\" width=\"400\" height=\"300\" title=\"\" srcset=\"https:\/\/ospitalarioakfundazioaeuskadi.org\/wp-content\/uploads\/2023\/01\/202212-residencia-txurdinagabarri-santo-tomas-15-400x300.jpg 400w, https:\/\/ospitalarioakfundazioaeuskadi.org\/wp-content\/uploads\/2023\/01\/202212-residencia-txurdinagabarri-santo-tomas-15-768x576.jpg 768w, https:\/\/ospitalarioakfundazioaeuskadi.org\/wp-content\/uploads\/2023\/01\/202212-residencia-txurdinagabarri-santo-tomas-15.jpg 850w\" sizes=\"auto, (max-width: 400px) 100vw, 400px\" \/> <img loading=\"lazy\" decoding=\"async\" class=\"size-thumbnail wp-image-57326 alignnone\" src=\"https:\/\/www.ospitalarioakfundazioaeuskadi.org\/wp-content\/uploads\/2023\/01\/202212-residencia-txurdinagabarri-santo-tomas-16-400x300.jpg\" alt=\"D\u00eda de Santo Tom\u00e1s en la Residencia de mayores Txurdinagabarri\" width=\"400\" height=\"300\" title=\"\" srcset=\"https:\/\/ospitalarioakfundazioaeuskadi.org\/wp-content\/uploads\/2023\/01\/202212-residencia-txurdinagabarri-santo-tomas-16-400x300.jpg 400w, https:\/\/ospitalarioakfundazioaeuskadi.org\/wp-content\/uploads\/2023\/01\/202212-residencia-txurdinagabarri-santo-tomas-16-768x576.jpg 768w, https:\/\/ospitalarioakfundazioaeuskadi.org\/wp-content\/uploads\/2023\/01\/202212-residencia-txurdinagabarri-santo-tomas-16.jpg 850w\" sizes=\"auto, (max-width: 400px) 100vw, 400px\" \/><\/p>\n","protected":false},"excerpt":{"rendered":"<div class=\"entry-summary\">\nEl 21 de diciembre, como es costumbre con motivo del d\u00eda de Santo Tom\u00e1s, el chorizo, la sidra y la m\u00fasica fueron los protagonistas de la jornada en la Residencia Txurdinagabarri. Un grupo de ni\u00f1as y ni\u00f1os del Colegio Hijas&hellip;\n<\/div>\n<div class=\"link-more\"><a href=\"https:\/\/ospitalarioakfundazioaeuskadi.org\/es\/chorizo-sidra-y-musica-para-celebrar-santo-tomas\/\" class=\"more-link\">Seguir leyendo<span class=\"screen-reader-text\"> &ldquo;Chorizo, sidra y m\u00fasica para celebrar Santo Tom\u00e1s&rdquo;<\/span>&hellip;<\/a><\/div>\n","protected":false},"author":1,"featured_media":57322,"comment_status":"closed","ping_status":"closed","sticky":false,"template":"","format":"standard","meta":{"footnotes":""},"categories":[648],"tags":[1098],"linea-asistencial":[980],"class_list":["post-57160","post","type-post","status-publish","format-standard","has-post-thumbnail","hentry","category-residencia-txurdinagabarri-bilbao","tag-residencia-txurdinagabarri-eu","linea-asistencial-4-persona-mayor","entry"],"_links":{"self":[{"href":"https:\/\/ospitalarioakfundazioaeuskadi.org\/es\/wp-json\/wp\/v2\/posts\/57160","targetHints":{"allow":["GET"]}}],"collection":[{"href":"https:\/\/ospitalarioakfundazioaeuskadi.org\/es\/wp-json\/wp\/v2\/posts"}],"about":[{"href":"https:\/\/ospitalarioakfundazioaeuskadi.org\/es\/wp-json\/wp\/v2\/types\/post"}],"author":[{"embeddable":true,"href":"https:\/\/ospitalarioakfundazioaeuskadi.org\/es\/wp-json\/wp\/v2\/users\/1"}],"replies":[{"embeddable":true,"href":"https:\/\/ospitalarioakfundazioaeuskadi.org\/es\/wp-json\/wp\/v2\/comments?post=57160"}],"version-history":[{"count":3,"href":"https:\/\/ospitalarioakfundazioaeuskadi.org\/es\/wp-json\/wp\/v2\/posts\/57160\/revisions"}],"predecessor-version":[{"id":58406,"href":"https:\/\/ospitalarioakfundazioaeuskadi.org\/es\/wp-json\/wp\/v2\/posts\/57160\/revisions\/58406"}],"wp:featuredmedia":[{"embeddable":true,"href":"https:\/\/ospitalarioakfundazioaeuskadi.org\/es\/wp-json\/wp\/v2\/media\/57322"}],"wp:attachment":[{"href":"https:\/\/ospitalarioakfundazioaeuskadi.org\/es\/wp-json\/wp\/v2\/media?parent=57160"}],"wp:term":[{"taxonomy":"category","embeddable":true,"href":"https:\/\/ospitalarioakfundazioaeuskadi.org\/es\/wp-json\/wp\/v2\/categories?post=57160"},{"taxonomy":"post_tag","embeddable":true,"href":"https:\/\/ospitalarioakfundazioaeuskadi.org\/es\/wp-json\/wp\/v2\/tags?post=57160"},{"taxonomy":"linea-asistencial","embeddable":true,"href":"https:\/\/ospitalarioakfundazioaeuskadi.org\/es\/wp-json\/wp\/v2\/linea-asistencial?post=57160"}],"curies":[{"name":"wp","href":"https:\/\/api.w.org\/{rel}","templated":true}]}}