{"id":60043,"date":"2023-04-24T08:39:34","date_gmt":"2023-04-24T08:39:34","guid":{"rendered":"https:\/\/www.aita-menni.org\/?p=60043"},"modified":"2023-04-24T09:58:29","modified_gmt":"2023-04-24T09:58:29","slug":"ruben-de-pedro-el-tratamiento-sociocomunitario-asertivo-es-la-psiquiatria-del-futuro","status":"publish","type":"post","link":"https:\/\/ospitalarioakfundazioaeuskadi.org\/es\/ruben-de-pedro-el-tratamiento-sociocomunitario-asertivo-es-la-psiquiatria-del-futuro\/","title":{"rendered":"Rub\u00e9n de Pedro: \u201cEl tratamiento sociocomunitario asertivo es la psiquiatr\u00eda del futuro\u201d"},"content":{"rendered":"<p>El psiquiatra <strong>Rub\u00e9n de Pedro<\/strong> es uno de los responsables del Equipo de Tratamiento Asertivo Comunitario (ETAC) que atiende a las personas sin hogar con problemas mentales de la capital vizca\u00edna. Su equipo se encarga, adem\u00e1s, de la atenci\u00f3n domiciliaria a pacientes con trastorno mental que no acuden a los CSM (centros de salud mental). Para contar su experiencia de trece a\u00f1os en este campo, ofreci\u00f3 la primera de las dos sesiones formativas organizadas en el <a href=\"https:\/\/ospitalarioakfundazioaeuskadi.org\/es\/centro\/hospital-aita-menni\/\">Hospital Aita Menni<\/a> dentro de la semana dedicada a San Benito Menni.<\/p>\n<p>De Pedro record\u00f3 que este tipo de tratamiento asertivo (sin juzgar, sin opinar, sin injerencia) tiene su origen en Wisconsin (Estados Unidos), cuando la administraci\u00f3n Carter (1977-1981) decidi\u00f3 prestar atenci\u00f3n a las personas con enfermedad mental grave fuera de los hospitales para ahorrar gastos. De esta primera experiencia \u201cque llev\u00f3 a la mayor\u00eda de los pacientes a las calles o a las c\u00e1rceles, aprendi\u00f3 el doctor <strong>Mart\u00ednez Jambrina<\/strong> y la traslad\u00f3 a Avil\u00e9s. El \u2018modelo Avil\u00e9s\u2019 lleg\u00f3 a Bilbao, de la mano del doctor <strong>Jos\u00e9 Uriarte<\/strong> hasta articularse, mediante un convenio en el a\u00f1o 2010 que a\u00fana asistencia social y psiqui\u00e1trica\u201d, explic\u00f3 el ponente.<\/p>\n<p>Rub\u00e9n de Pedro trabaja desde entonces junto a educadores sociales y profesionales de la psicolog\u00eda, la enfermer\u00eda y el trabajo social asistiendo a las personas con enfermedades mentales graves en su entorno social m\u00e1s pr\u00f3ximo. Esto en la pr\u00e1ctica se traduce en intervenciones en los dos albergues de Bilbao, en las calles y tambi\u00e9n en algunas viviendas. La doctora <strong>Eglee Castillo<\/strong>, m\u00e9dica responsable de <a href=\"https:\/\/ospitalarioakfundazioaeuskadi.org\/es\/unidad\/unidad-de-larga-estancia\/\">Unidades de Larga Estancia<\/a> de <a href=\"https:\/\/ospitalarioakfundazioaeuskadi.org\/es\/quienes-somos\/\">Hermanas Hospitalarias Aita Menni<\/a>, present\u00f3 al invitado como \u00e9l mismo se define: \u201calguien que pasa por aqu\u00ed y que hace lo que puede\u201d, como hicieron las hermanas hospitalarias fundadoras y el padre Menni cuando fundaron la congregaci\u00f3n y nuestro centro.<\/p>\n<h2>Relaci\u00f3n de confianza<\/h2>\n<p>\u201cHacemos lo que podemos \u2014dijo con humildad el invitado\u2014, cada persona es un mundo. En primer lugar, intentamos establecer una relaci\u00f3n de confianza. Esto lleva su tiempo; hay que pasarse muchas veces a ver a la persona, conseguir que nos d\u00e9 su n\u00famero de tel\u00e9fono (si lo tiene), llamarla peri\u00f3dicamente, tomar muchos caf\u00e9s hasta llegar a reunir informaci\u00f3n e intentar, por ejemplo, un tratamiento antipsic\u00f3tico, con antidepresivos o de desintoxicaci\u00f3n, si es preciso. Pero lo otro tambi\u00e9n es medicina. Hay que tener en cuenta que, en muchas ocasiones, somos las \u00fanicas personas con las que tienen familiaridad estos pacientes\u201d, a\u00f1adi\u00f3.<\/p>\n<figure id=\"attachment_60101\" aria-describedby=\"caption-attachment-60101\" style=\"width: 450px\" class=\"wp-caption alignnone\"><img loading=\"lazy\" decoding=\"async\" class=\"wp-image-60101 size-full\" src=\"https:\/\/www.ospitalarioakfundazioaeuskadi.org\/wp-content\/uploads\/2023\/04\/Ruben-de-Pedro-1.jpg\" alt=\"El psiquiatra de Osakidetza Rub\u00e9n de Pedro y la doctora Eglee Castillo\" width=\"450\" height=\"450\" title=\"\" srcset=\"https:\/\/ospitalarioakfundazioaeuskadi.org\/wp-content\/uploads\/2023\/04\/Ruben-de-Pedro-1.jpg 450w, https:\/\/ospitalarioakfundazioaeuskadi.org\/wp-content\/uploads\/2023\/04\/Ruben-de-Pedro-1-425x425.jpg 425w, https:\/\/ospitalarioakfundazioaeuskadi.org\/wp-content\/uploads\/2023\/04\/Ruben-de-Pedro-1-200x200.jpg 200w\" sizes=\"auto, (max-width: 450px) 100vw, 450px\" \/><figcaption id=\"caption-attachment-60101\" class=\"wp-caption-text\">El psiquiatra de Osakidetza Rub\u00e9n de Pedro y la doctora Eglee Castillo.<\/figcaption><\/figure>\n<p>Se estima que al menos medio millar de personas viven en la calle en Bilbao. Y la cifra tiende a aumentar. \u201cReciben atenci\u00f3n integral en la medida de lo posible y ese v\u00ednculo acaba pareci\u00e9ndose a la amistad. Aunque no hace falta recordar aqu\u00ed lo dif\u00edcil que puede ser acercarse al principio, desde el \u2018sistema\u2019, a alguien con esquizofrenia paranoide u otro trastorno mental grave que est\u00e1 fuera del sistema, que no quiere tomar medicaci\u00f3n, que bebe&#8230; A veces son personas que han ingresado en m\u00faltiples ocasiones\u201d, declar\u00f3.<\/p>\n<h2>Pisos, casas, techos<\/h2>\n<p>Fuera del programa de Osakidetza, Rub\u00e9n de Pedro organiz\u00f3 durante 8 a\u00f1os sesiones grupales semanales para todo tipo de personas, al amparo de una asociaci\u00f3n. A esos grupos iban personas que viv\u00edan la calle y con casa, con enfermedad mental diagnosticada o sin ella. Lo recuerda como una experiencia muy interesante.<\/p>\n<p>El ETAC de Bilbao hubo un momento en que dispon\u00eda tambi\u00e9n \u2014actualmente no se dan\u2014 de sesiones gratuitas de psicoterapia grupal, \u201cen las que las personas no diagnosticadas ayudamos a las personas con diagn\u00f3stico de salud mental. <span style=\"background-color: var(--color_content_background);color: var(--color_content_text);font-family: var(--typography_fonts_text)\">Descubrimos que ayudar ayuda, intentamos que se cubran sus necesidades. Pisos, casas, techos, eso es lo que pedir\u00eda\u201d, contest\u00f3 ante una de las preguntas. Previamente hab\u00eda destacado la importancia de puesta en marcha, con 20 piso en Bilbao, del programa \u201cHousing first\u201d, basado en ofrecer como primera medida de intervenci\u00f3n social una vivienda como parte de la lucha contra el \u201csinhogarismo\u201d.<\/span><\/p>\n<h2>El arte de la psiquiatr\u00eda<\/h2>\n<p>La sesi\u00f3n concluy\u00f3 entre aplausos tras el cierre, por parte de la doctora Eglee Castillo, que agradeci\u00f3 a su colega y amigo \u201cque nos recordara el arte del trabajo que realizan quienes se dedican a la psiquiatr\u00eda, a la atenci\u00f3n a la enfermedad mental, la importancia de generar ese v\u00ednculo con la persona enferma, de mirar con otros ojos que no sean solo los profesionales\u201d.<\/p>\n<p>&nbsp;<\/p>\n","protected":false},"excerpt":{"rendered":"<div class=\"entry-summary\">\nPsiquiatra de las personas sin hogar de Bilbao, el doctor asegura que salir a la calle es la forma m\u00e1s f\u00e1cil de atender a quienes no quieren o no tienen la capacidad de acceder a los servicios de salud. El Equipo de Tratamiento Asertivo Comunitario al que pertenece \u2014creado en 2010 por el Ayuntamiento de Bilbao y Osakidetza\u2014 a\u00fana asistencia social y psiqui\u00e1trica.\n<\/div>\n<div class=\"link-more\"><a href=\"https:\/\/ospitalarioakfundazioaeuskadi.org\/es\/ruben-de-pedro-el-tratamiento-sociocomunitario-asertivo-es-la-psiquiatria-del-futuro\/\" class=\"more-link\">Seguir leyendo<span class=\"screen-reader-text\"> &ldquo;Rub\u00e9n de Pedro: \u201cEl tratamiento sociocomunitario asertivo es la psiquiatr\u00eda del futuro\u201d&rdquo;<\/span>&hellip;<\/a><\/div>\n","protected":false},"author":5,"featured_media":60044,"comment_status":"closed","ping_status":"closed","sticky":false,"template":"","format":"standard","meta":{"footnotes":""},"categories":[646,1040,1036],"tags":[],"linea-asistencial":[1004,979],"class_list":["post-60043","post","type-post","status-publish","format-standard","has-post-thumbnail","hentry","category-aita-menni","category-bioetica","category-conocimiento","linea-asistencial-5-atencion-sociosanitaria","linea-asistencial-1-salud-mental","entry"],"_links":{"self":[{"href":"https:\/\/ospitalarioakfundazioaeuskadi.org\/es\/wp-json\/wp\/v2\/posts\/60043","targetHints":{"allow":["GET"]}}],"collection":[{"href":"https:\/\/ospitalarioakfundazioaeuskadi.org\/es\/wp-json\/wp\/v2\/posts"}],"about":[{"href":"https:\/\/ospitalarioakfundazioaeuskadi.org\/es\/wp-json\/wp\/v2\/types\/post"}],"author":[{"embeddable":true,"href":"https:\/\/ospitalarioakfundazioaeuskadi.org\/es\/wp-json\/wp\/v2\/users\/5"}],"replies":[{"embeddable":true,"href":"https:\/\/ospitalarioakfundazioaeuskadi.org\/es\/wp-json\/wp\/v2\/comments?post=60043"}],"version-history":[{"count":3,"href":"https:\/\/ospitalarioakfundazioaeuskadi.org\/es\/wp-json\/wp\/v2\/posts\/60043\/revisions"}],"predecessor-version":[{"id":60211,"href":"https:\/\/ospitalarioakfundazioaeuskadi.org\/es\/wp-json\/wp\/v2\/posts\/60043\/revisions\/60211"}],"wp:featuredmedia":[{"embeddable":true,"href":"https:\/\/ospitalarioakfundazioaeuskadi.org\/es\/wp-json\/wp\/v2\/media\/60044"}],"wp:attachment":[{"href":"https:\/\/ospitalarioakfundazioaeuskadi.org\/es\/wp-json\/wp\/v2\/media?parent=60043"}],"wp:term":[{"taxonomy":"category","embeddable":true,"href":"https:\/\/ospitalarioakfundazioaeuskadi.org\/es\/wp-json\/wp\/v2\/categories?post=60043"},{"taxonomy":"post_tag","embeddable":true,"href":"https:\/\/ospitalarioakfundazioaeuskadi.org\/es\/wp-json\/wp\/v2\/tags?post=60043"},{"taxonomy":"linea-asistencial","embeddable":true,"href":"https:\/\/ospitalarioakfundazioaeuskadi.org\/es\/wp-json\/wp\/v2\/linea-asistencial?post=60043"}],"curies":[{"name":"wp","href":"https:\/\/api.w.org\/{rel}","templated":true}]}}