{"id":60106,"date":"2023-04-21T08:45:16","date_gmt":"2023-04-21T08:45:16","guid":{"rendered":"https:\/\/www.aita-menni.org\/?p=60106"},"modified":"2023-04-21T09:34:53","modified_gmt":"2023-04-21T09:34:53","slug":"trabajadores-aita-menni-homenaje-2023","status":"publish","type":"post","link":"https:\/\/ospitalarioakfundazioaeuskadi.org\/es\/trabajadores-aita-menni-homenaje-2023\/","title":{"rendered":"Cari\u00f1oso homenaje a 24 trabajadores por su trayectoria y su compromiso con la Instituci\u00f3n"},"content":{"rendered":"<p>Un sencillo pero sentido homenaje a las personas que llevan 25 a\u00f1os de trayectoria profesional en <a href=\"https:\/\/ospitalarioakfundazioaeuskadi.org\/es\/quienes-somos\/\">Aita Menni<\/a> y a quienes se han jubilado tuvo lugar el d\u00eda 20 de abril en el sal\u00f3n de actos, <a href=\"https:\/\/ospitalarioakfundazioaeuskadi.org\/es\/semana-san-benito-menni-2023\/\">recinto reci\u00e9n dedicado a <strong>Juan Carlos Irizar<\/strong><\/a>. El homenaje, con la tradicional entrega de relojes conmemorativos, se enmarca dentro de la semana de San Benito Menni y en esta edici\u00f3n ha sido m\u00e1s concurrido; se han sumado m\u00e1s profesionales a la lista de personas homenajeadas, puesto que no hab\u00eda podido realizarse desde la pandemia debido a las restricciones.<\/p>\n<p><strong>Egoitz Zabala<\/strong>, responsable de <a href=\"https:\/\/ospitalarioakfundazioaeuskadi.org\/es\/hospitalidad\/pastoral-atencion-espiritual\/\">Pastoral<\/a> y <a href=\"https:\/\/ospitalarioakfundazioaeuskadi.org\/es\/hospitalidad\/solidaridad\/\">Solidaridad<\/a><strong>,<\/strong>\u00a0actu\u00f3 como maestro de ceremonias en esta entrega de flores y obsequios por parte de <strong>Mikel Tellaeche<\/strong> y del resto de profesionales que conforman la direcci\u00f3n (<strong>Manuel Mart\u00edn Carrrasco<\/strong>, director m\u00e9dico; <strong>Ver\u00f3nica San Rom\u00e1n<\/strong>, directora del \u00c1rea de Personas; <strong>Xabier Altuna<\/strong>, director financiero; <strong>Alo\u00f1a Teller\u00eda<\/strong>, directora de Servicios Generales; <strong>Jos\u00e9 Luis Gir\u00f3n<\/strong>, director asistencial; <strong>Nerea Guti\u00e9rrez<\/strong>, directora de Enfermer\u00eda). <strong>Sor Isabel Mart\u00ednez<\/strong>, superiora del centro, pidi\u00f3 un aplauso muy fuerte para quienes tanto han trabajado por la casa.<\/p>\n<p><img loading=\"lazy\" decoding=\"async\" class=\"size-full wp-image-60118 alignnone\" src=\"https:\/\/www.ospitalarioakfundazioaeuskadi.org\/wp-content\/uploads\/2023\/04\/Deiane-Madinabeitia.jpg\" alt=\"\" width=\"850\" height=\"440\" title=\"\" srcset=\"https:\/\/ospitalarioakfundazioaeuskadi.org\/wp-content\/uploads\/2023\/04\/Deiane-Madinabeitia.jpg 850w, https:\/\/ospitalarioakfundazioaeuskadi.org\/wp-content\/uploads\/2023\/04\/Deiane-Madinabeitia-425x220.jpg 425w, https:\/\/ospitalarioakfundazioaeuskadi.org\/wp-content\/uploads\/2023\/04\/Deiane-Madinabeitia-768x398.jpg 768w\" sizes=\"auto, (max-width: 850px) 100vw, 850px\" \/><\/p>\n<p>En el grupo de profesionales que han alcanzado la jubilaci\u00f3n se encontraban <strong>Jes\u00fas Mari Arizmendiarrieta<\/strong>, responsable de Recursos Humanos durante muchos a\u00f1os, la enfermera <strong>Esperanza Alonso<\/strong> y la auxiliar de enfermer\u00eda <strong>Mar\u00eda Teresa Romero<\/strong>. La lista de quienes llevan 25 a\u00f1os trabajando a tiempo completo en la casa la integraban: <strong>Jos\u00e9 Antonio Ezquerra<\/strong>, psic\u00f3logo; <strong>Deiane Madinabeitia<\/strong>, secretaria; <strong>Inmaculada Gonz\u00e1lez<\/strong>, <strong>Olatz Elorza<\/strong>, <strong>M\u00f3nica Legorburu<\/strong> y <strong>Mar\u00eda Isabel Pacheco<\/strong>, enfermeras; <strong>Nagore Izaguirre<\/strong>, <strong>Prudencia Vinagre<\/strong> y <strong>Luis Manuel Cebrino<\/strong>, trabajadores de Servicios Generales; <strong>Iban Arrien<\/strong>, fisioterapeuta; los auxiliares de enfermer\u00eda <strong>Pedro Mar\u00eda Cuevas<\/strong>, <strong>Rosa Espejo<\/strong>, <strong>Nerea Vega<\/strong>, <strong>Nerea Vi\u00f1aras<\/strong>, <strong>Bel\u00e9n Garc\u00eda<\/strong>, <strong>Leire Barrutia<\/strong>, <strong>Olivia G\u00f3mez<\/strong>, <strong>Juan Miguel Moreno <\/strong>y\u00a0<strong>Saturnina Izquierdo<\/strong>; y <strong>Jos\u00e9 Ignacio Quemada<\/strong> y <strong>Agust\u00edn Sagasta<\/strong>, m\u00e9dicos.<\/p>\n<p>De entre las personas homenajeadas, <strong>Deiane Madinabeitia<\/strong> quiso tomar la palabra para decir \u00abeskerrik asko\u00bb a pacientes, familiares, trabajadores, colaboradores, \u201ca todos sin excepci\u00f3n\u201d, pero sobre todo quiso recordar a dos mujeres que para ella han tenido especial significado en su vida en el hospital, <strong>sor In\u00e9s Torre<\/strong>, con quien trabaj\u00f3 en Administraci\u00f3n y que ahora vive en la comunidad de Burgos, y <strong>Arantza Beitia<\/strong>, compa\u00f1era que nos dej\u00f3 de forma prematura.<\/p>\n<p>Entre aplausos y abrazos concluy\u00f3 el emotivo acto, no sin antes posar para plasmar el momento en una foto juntos como recuerdo.<\/p>\n","protected":false},"excerpt":{"rendered":"<div class=\"entry-summary\">\nAita Menni aplaude y obsequia a tres trabajadores que han alcanzado la jubilaci\u00f3n y a una veintena de profesionales que han cumplido 25 a\u00f1os de dedicaci\u00f3n en la casa.\n<\/div>\n<div class=\"link-more\"><a href=\"https:\/\/ospitalarioakfundazioaeuskadi.org\/es\/trabajadores-aita-menni-homenaje-2023\/\" class=\"more-link\">Seguir leyendo<span class=\"screen-reader-text\"> &ldquo;Cari\u00f1oso homenaje a 24 trabajadores por su trayectoria y su compromiso con la Instituci\u00f3n&rdquo;<\/span>&hellip;<\/a><\/div>\n","protected":false},"author":5,"featured_media":60107,"comment_status":"closed","ping_status":"closed","sticky":false,"template":"","format":"standard","meta":{"footnotes":""},"categories":[646],"tags":[],"linea-asistencial":[],"class_list":["post-60106","post","type-post","status-publish","format-standard","has-post-thumbnail","hentry","category-aita-menni","entry"],"_links":{"self":[{"href":"https:\/\/ospitalarioakfundazioaeuskadi.org\/es\/wp-json\/wp\/v2\/posts\/60106","targetHints":{"allow":["GET"]}}],"collection":[{"href":"https:\/\/ospitalarioakfundazioaeuskadi.org\/es\/wp-json\/wp\/v2\/posts"}],"about":[{"href":"https:\/\/ospitalarioakfundazioaeuskadi.org\/es\/wp-json\/wp\/v2\/types\/post"}],"author":[{"embeddable":true,"href":"https:\/\/ospitalarioakfundazioaeuskadi.org\/es\/wp-json\/wp\/v2\/users\/5"}],"replies":[{"embeddable":true,"href":"https:\/\/ospitalarioakfundazioaeuskadi.org\/es\/wp-json\/wp\/v2\/comments?post=60106"}],"version-history":[{"count":5,"href":"https:\/\/ospitalarioakfundazioaeuskadi.org\/es\/wp-json\/wp\/v2\/posts\/60106\/revisions"}],"predecessor-version":[{"id":60145,"href":"https:\/\/ospitalarioakfundazioaeuskadi.org\/es\/wp-json\/wp\/v2\/posts\/60106\/revisions\/60145"}],"wp:featuredmedia":[{"embeddable":true,"href":"https:\/\/ospitalarioakfundazioaeuskadi.org\/es\/wp-json\/wp\/v2\/media\/60107"}],"wp:attachment":[{"href":"https:\/\/ospitalarioakfundazioaeuskadi.org\/es\/wp-json\/wp\/v2\/media?parent=60106"}],"wp:term":[{"taxonomy":"category","embeddable":true,"href":"https:\/\/ospitalarioakfundazioaeuskadi.org\/es\/wp-json\/wp\/v2\/categories?post=60106"},{"taxonomy":"post_tag","embeddable":true,"href":"https:\/\/ospitalarioakfundazioaeuskadi.org\/es\/wp-json\/wp\/v2\/tags?post=60106"},{"taxonomy":"linea-asistencial","embeddable":true,"href":"https:\/\/ospitalarioakfundazioaeuskadi.org\/es\/wp-json\/wp\/v2\/linea-asistencial?post=60106"}],"curies":[{"name":"wp","href":"https:\/\/api.w.org\/{rel}","templated":true}]}}