{"id":60282,"date":"2023-04-17T10:30:37","date_gmt":"2023-04-17T10:30:37","guid":{"rendered":"https:\/\/www.aita-menni.org\/?p=60282"},"modified":"2023-04-27T17:29:39","modified_gmt":"2023-04-27T17:29:39","slug":"damos-la-bienvenida-a-la-primavera-en-la-residencia-txurdinagabarri","status":"publish","type":"post","link":"https:\/\/ospitalarioakfundazioaeuskadi.org\/es\/damos-la-bienvenida-a-la-primavera-en-la-residencia-txurdinagabarri\/","title":{"rendered":"Damos la bienvenida a la primavera en la Residencia Txurdinagabarri"},"content":{"rendered":"<p>El pasado 28 de marzo, en la <a href=\"https:\/\/ospitalarioakfundazioaeuskadi.org\/es\/centro\/residencia-mayores-bilbao-txurdinagabarri\/\">Residencia Txurdinagabarri<\/a> quisimos celebrar la llegada de la primavera con una peque\u00f1a fiesta.<\/p>\n<p>Aprovechando el buen tiempo que hac\u00eda, decoramos un poco la terraza de la azotea y preparamos un peque\u00f1o picoteo. Subimos tambi\u00e9n unas plantas, que pusimos en macetas. A partir de ahora crecer\u00e1n en nuestra terraza y subiremos con frecuencia a regarlas y cuidarlas.<\/p>\n<p>Despu\u00e9s, dimos buena cuenta del aperitivo que hab\u00edamos tra\u00eddo y pusimos m\u00fasica para cantar y bailar.<\/p>\n<div id='gallery-1' class='gallery galleryid-60282 gallery-columns-4 gallery-size-thumbnail'><figure class='gallery-item'>\n\t\t\t<div class='gallery-icon portrait'>\n\t\t\t\t<a href='https:\/\/ospitalarioakfundazioaeuskadi.org\/wp-content\/uploads\/2023\/04\/20230328-residencia-txurdinagabarri-fiesta-primavera-1.jpg'><img loading=\"lazy\" decoding=\"async\" width=\"200\" height=\"200\" src=\"https:\/\/ospitalarioakfundazioaeuskadi.org\/wp-content\/uploads\/2023\/04\/20230328-residencia-txurdinagabarri-fiesta-primavera-1-200x200.jpg\" class=\"attachment-thumbnail size-thumbnail\" alt=\"FIesta de la primavera 2023 en la Residencia Txurdinagabarri\" title=\"\"><\/a>\n\t\t\t<\/div><\/figure><figure class='gallery-item'>\n\t\t\t<div class='gallery-icon portrait'>\n\t\t\t\t<a href='https:\/\/ospitalarioakfundazioaeuskadi.org\/wp-content\/uploads\/2023\/04\/20230328-residencia-txurdinagabarri-fiesta-primavera-2.jpg'><img loading=\"lazy\" decoding=\"async\" width=\"200\" height=\"200\" src=\"https:\/\/ospitalarioakfundazioaeuskadi.org\/wp-content\/uploads\/2023\/04\/20230328-residencia-txurdinagabarri-fiesta-primavera-2-200x200.jpg\" class=\"attachment-thumbnail size-thumbnail\" alt=\"FIesta de la primavera 2023 en la Residencia Txurdinagabarri\" title=\"\"><\/a>\n\t\t\t<\/div><\/figure><figure class='gallery-item'>\n\t\t\t<div class='gallery-icon portrait'>\n\t\t\t\t<a href='https:\/\/ospitalarioakfundazioaeuskadi.org\/wp-content\/uploads\/2023\/04\/20230328-residencia-txurdinagabarri-fiesta-primavera-3.jpg'><img loading=\"lazy\" decoding=\"async\" width=\"200\" height=\"200\" src=\"https:\/\/ospitalarioakfundazioaeuskadi.org\/wp-content\/uploads\/2023\/04\/20230328-residencia-txurdinagabarri-fiesta-primavera-3-200x200.jpg\" class=\"attachment-thumbnail size-thumbnail\" alt=\"FIesta de la primavera 2023 en la Residencia Txurdinagabarri\" title=\"\"><\/a>\n\t\t\t<\/div><\/figure><figure class='gallery-item'>\n\t\t\t<div class='gallery-icon portrait'>\n\t\t\t\t<a href='https:\/\/ospitalarioakfundazioaeuskadi.org\/wp-content\/uploads\/2023\/04\/20230328-residencia-txurdinagabarri-fiesta-primavera-4.jpg'><img loading=\"lazy\" decoding=\"async\" width=\"200\" height=\"200\" src=\"https:\/\/ospitalarioakfundazioaeuskadi.org\/wp-content\/uploads\/2023\/04\/20230328-residencia-txurdinagabarri-fiesta-primavera-4-200x200.jpg\" class=\"attachment-thumbnail size-thumbnail\" alt=\"FIesta de la primavera 2023 en la Residencia Txurdinagabarri\" title=\"\"><\/a>\n\t\t\t<\/div><\/figure><figure class='gallery-item'>\n\t\t\t<div class='gallery-icon portrait'>\n\t\t\t\t<a href='https:\/\/ospitalarioakfundazioaeuskadi.org\/wp-content\/uploads\/2023\/04\/20230328-residencia-txurdinagabarri-fiesta-primavera-5.jpg'><img loading=\"lazy\" decoding=\"async\" width=\"200\" height=\"200\" src=\"https:\/\/ospitalarioakfundazioaeuskadi.org\/wp-content\/uploads\/2023\/04\/20230328-residencia-txurdinagabarri-fiesta-primavera-5-200x200.jpg\" class=\"attachment-thumbnail size-thumbnail\" alt=\"FIesta de la primavera 2023 en la Residencia Txurdinagabarri\" title=\"\"><\/a>\n\t\t\t<\/div><\/figure><figure class='gallery-item'>\n\t\t\t<div class='gallery-icon portrait'>\n\t\t\t\t<a href='https:\/\/ospitalarioakfundazioaeuskadi.org\/wp-content\/uploads\/2023\/04\/20230328-residencia-txurdinagabarri-fiesta-primavera-6.jpg'><img loading=\"lazy\" decoding=\"async\" width=\"200\" height=\"200\" src=\"https:\/\/ospitalarioakfundazioaeuskadi.org\/wp-content\/uploads\/2023\/04\/20230328-residencia-txurdinagabarri-fiesta-primavera-6-200x200.jpg\" class=\"attachment-thumbnail size-thumbnail\" alt=\"FIesta de la primavera 2023 en la Residencia Txurdinagabarri\" title=\"\"><\/a>\n\t\t\t<\/div><\/figure><figure class='gallery-item'>\n\t\t\t<div class='gallery-icon portrait'>\n\t\t\t\t<a href='https:\/\/ospitalarioakfundazioaeuskadi.org\/wp-content\/uploads\/2023\/04\/20230328-residencia-txurdinagabarri-fiesta-primavera-7.jpg'><img loading=\"lazy\" decoding=\"async\" width=\"200\" height=\"200\" src=\"https:\/\/ospitalarioakfundazioaeuskadi.org\/wp-content\/uploads\/2023\/04\/20230328-residencia-txurdinagabarri-fiesta-primavera-7-200x200.jpg\" class=\"attachment-thumbnail size-thumbnail\" alt=\"FIesta de la primavera 2023 en la Residencia Txurdinagabarri\" title=\"\"><\/a>\n\t\t\t<\/div><\/figure><figure class='gallery-item'>\n\t\t\t<div class='gallery-icon portrait'>\n\t\t\t\t<a href='https:\/\/ospitalarioakfundazioaeuskadi.org\/wp-content\/uploads\/2023\/04\/20230328-residencia-txurdinagabarri-fiesta-primavera-8.jpg'><img loading=\"lazy\" decoding=\"async\" width=\"200\" height=\"200\" src=\"https:\/\/ospitalarioakfundazioaeuskadi.org\/wp-content\/uploads\/2023\/04\/20230328-residencia-txurdinagabarri-fiesta-primavera-8-200x200.jpg\" class=\"attachment-thumbnail size-thumbnail\" alt=\"FIesta de la primavera 2023 en la Residencia Txurdinagabarri\" title=\"\"><\/a>\n\t\t\t<\/div><\/figure><figure class='gallery-item'>\n\t\t\t<div class='gallery-icon portrait'>\n\t\t\t\t<a href='https:\/\/ospitalarioakfundazioaeuskadi.org\/wp-content\/uploads\/2023\/04\/20230328-residencia-txurdinagabarri-fiesta-primavera-9.jpg'><img loading=\"lazy\" decoding=\"async\" width=\"200\" height=\"200\" src=\"https:\/\/ospitalarioakfundazioaeuskadi.org\/wp-content\/uploads\/2023\/04\/20230328-residencia-txurdinagabarri-fiesta-primavera-9-200x200.jpg\" class=\"attachment-thumbnail size-thumbnail\" alt=\"FIesta de la primavera 2023 en la Residencia Txurdinagabarri\" title=\"\"><\/a>\n\t\t\t<\/div><\/figure><figure class='gallery-item'>\n\t\t\t<div class='gallery-icon portrait'>\n\t\t\t\t<a href='https:\/\/ospitalarioakfundazioaeuskadi.org\/wp-content\/uploads\/2023\/04\/20230328-residencia-txurdinagabarri-fiesta-primavera-10.jpg'><img loading=\"lazy\" decoding=\"async\" width=\"200\" height=\"200\" src=\"https:\/\/ospitalarioakfundazioaeuskadi.org\/wp-content\/uploads\/2023\/04\/20230328-residencia-txurdinagabarri-fiesta-primavera-10-200x200.jpg\" class=\"attachment-thumbnail size-thumbnail\" alt=\"FIesta de la primavera 2023 en la Residencia Txurdinagabarri\" title=\"\"><\/a>\n\t\t\t<\/div><\/figure><figure class='gallery-item'>\n\t\t\t<div class='gallery-icon portrait'>\n\t\t\t\t<a href='https:\/\/ospitalarioakfundazioaeuskadi.org\/wp-content\/uploads\/2023\/04\/20230328-residencia-txurdinagabarri-fiesta-primavera-11.jpg'><img loading=\"lazy\" decoding=\"async\" width=\"200\" height=\"200\" src=\"https:\/\/ospitalarioakfundazioaeuskadi.org\/wp-content\/uploads\/2023\/04\/20230328-residencia-txurdinagabarri-fiesta-primavera-11-200x200.jpg\" class=\"attachment-thumbnail size-thumbnail\" alt=\"FIesta de la primavera 2023 en la Residencia Txurdinagabarri\" title=\"\"><\/a>\n\t\t\t<\/div><\/figure><figure class='gallery-item'>\n\t\t\t<div class='gallery-icon portrait'>\n\t\t\t\t<a href='https:\/\/ospitalarioakfundazioaeuskadi.org\/wp-content\/uploads\/2023\/04\/20230328-residencia-txurdinagabarri-fiesta-primavera-12.jpg'><img loading=\"lazy\" decoding=\"async\" width=\"200\" height=\"200\" src=\"https:\/\/ospitalarioakfundazioaeuskadi.org\/wp-content\/uploads\/2023\/04\/20230328-residencia-txurdinagabarri-fiesta-primavera-12-200x200.jpg\" class=\"attachment-thumbnail size-thumbnail\" alt=\"FIesta de la primavera 2023 en la Residencia Txurdinagabarri\" title=\"\"><\/a>\n\t\t\t<\/div><\/figure><figure class='gallery-item'>\n\t\t\t<div class='gallery-icon portrait'>\n\t\t\t\t<a href='https:\/\/ospitalarioakfundazioaeuskadi.org\/wp-content\/uploads\/2023\/04\/20230328-residencia-txurdinagabarri-fiesta-primavera-13.jpg'><img loading=\"lazy\" decoding=\"async\" width=\"200\" height=\"200\" src=\"https:\/\/ospitalarioakfundazioaeuskadi.org\/wp-content\/uploads\/2023\/04\/20230328-residencia-txurdinagabarri-fiesta-primavera-13-200x200.jpg\" class=\"attachment-thumbnail size-thumbnail\" alt=\"FIesta de la primavera 2023 en la Residencia Txurdinagabarri\" title=\"\"><\/a>\n\t\t\t<\/div><\/figure><figure class='gallery-item'>\n\t\t\t<div class='gallery-icon landscape'>\n\t\t\t\t<a href='https:\/\/ospitalarioakfundazioaeuskadi.org\/wp-content\/uploads\/2023\/04\/20230328-residencia-txurdinagabarri-fiesta-primavera-14.jpg'><img loading=\"lazy\" decoding=\"async\" width=\"200\" height=\"200\" src=\"https:\/\/ospitalarioakfundazioaeuskadi.org\/wp-content\/uploads\/2023\/04\/20230328-residencia-txurdinagabarri-fiesta-primavera-14-200x200.jpg\" class=\"attachment-thumbnail size-thumbnail\" alt=\"FIesta de la primavera 2023 en la Residencia Txurdinagabarri\" title=\"\"><\/a>\n\t\t\t<\/div><\/figure><figure class='gallery-item'>\n\t\t\t<div class='gallery-icon portrait'>\n\t\t\t\t<a href='https:\/\/ospitalarioakfundazioaeuskadi.org\/wp-content\/uploads\/2023\/04\/20230328-residencia-txurdinagabarri-fiesta-primavera-15.jpg'><img loading=\"lazy\" decoding=\"async\" width=\"200\" height=\"200\" src=\"https:\/\/ospitalarioakfundazioaeuskadi.org\/wp-content\/uploads\/2023\/04\/20230328-residencia-txurdinagabarri-fiesta-primavera-15-200x200.jpg\" class=\"attachment-thumbnail size-thumbnail\" alt=\"FIesta de la primavera 2023 en la Residencia Txurdinagabarri\" title=\"\"><\/a>\n\t\t\t<\/div><\/figure><figure class='gallery-item'>\n\t\t\t<div class='gallery-icon portrait'>\n\t\t\t\t<a href='https:\/\/ospitalarioakfundazioaeuskadi.org\/wp-content\/uploads\/2023\/04\/20230328-residencia-txurdinagabarri-fiesta-primavera-16.jpg'><img loading=\"lazy\" decoding=\"async\" width=\"200\" height=\"200\" src=\"https:\/\/ospitalarioakfundazioaeuskadi.org\/wp-content\/uploads\/2023\/04\/20230328-residencia-txurdinagabarri-fiesta-primavera-16-200x200.jpg\" class=\"attachment-thumbnail size-thumbnail\" alt=\"FIesta de la primavera 2023 en la Residencia Txurdinagabarri\" title=\"\"><\/a>\n\t\t\t<\/div><\/figure><figure class='gallery-item'>\n\t\t\t<div class='gallery-icon portrait'>\n\t\t\t\t<a href='https:\/\/ospitalarioakfundazioaeuskadi.org\/wp-content\/uploads\/2023\/04\/20230328-residencia-txurdinagabarri-fiesta-primavera-17.jpg'><img loading=\"lazy\" decoding=\"async\" width=\"200\" height=\"200\" src=\"https:\/\/ospitalarioakfundazioaeuskadi.org\/wp-content\/uploads\/2023\/04\/20230328-residencia-txurdinagabarri-fiesta-primavera-17-200x200.jpg\" class=\"attachment-thumbnail size-thumbnail\" alt=\"FIesta de la primavera 2023 en la Residencia Txurdinagabarri\" title=\"\"><\/a>\n\t\t\t<\/div><\/figure><figure class='gallery-item'>\n\t\t\t<div class='gallery-icon portrait'>\n\t\t\t\t<a href='https:\/\/ospitalarioakfundazioaeuskadi.org\/wp-content\/uploads\/2023\/04\/20230328-residencia-txurdinagabarri-fiesta-primavera-18.jpg'><img loading=\"lazy\" decoding=\"async\" width=\"200\" height=\"200\" src=\"https:\/\/ospitalarioakfundazioaeuskadi.org\/wp-content\/uploads\/2023\/04\/20230328-residencia-txurdinagabarri-fiesta-primavera-18-200x200.jpg\" class=\"attachment-thumbnail size-thumbnail\" alt=\"FIesta de la primavera 2023 en la Residencia Txurdinagabarri\" title=\"\"><\/a>\n\t\t\t<\/div><\/figure><figure class='gallery-item'>\n\t\t\t<div class='gallery-icon portrait'>\n\t\t\t\t<a href='https:\/\/ospitalarioakfundazioaeuskadi.org\/wp-content\/uploads\/2023\/04\/20230328-residencia-txurdinagabarri-fiesta-primavera-19.jpg'><img loading=\"lazy\" decoding=\"async\" width=\"200\" height=\"200\" src=\"https:\/\/ospitalarioakfundazioaeuskadi.org\/wp-content\/uploads\/2023\/04\/20230328-residencia-txurdinagabarri-fiesta-primavera-19-200x200.jpg\" class=\"attachment-thumbnail size-thumbnail\" alt=\"FIesta de la primavera 2023 en la Residencia Txurdinagabarri\" title=\"\"><\/a>\n\t\t\t<\/div><\/figure><figure class='gallery-item'>\n\t\t\t<div class='gallery-icon portrait'>\n\t\t\t\t<a href='https:\/\/ospitalarioakfundazioaeuskadi.org\/wp-content\/uploads\/2023\/04\/20230328-residencia-txurdinagabarri-fiesta-primavera-20.jpg'><img loading=\"lazy\" decoding=\"async\" width=\"200\" height=\"200\" src=\"https:\/\/ospitalarioakfundazioaeuskadi.org\/wp-content\/uploads\/2023\/04\/20230328-residencia-txurdinagabarri-fiesta-primavera-20-200x200.jpg\" class=\"attachment-thumbnail size-thumbnail\" alt=\"FIesta de la primavera 2023 en la Residencia Txurdinagabarri\" title=\"\"><\/a>\n\t\t\t<\/div><\/figure>\n\t\t<\/div>\n\n<p>&nbsp;<\/p>\n","protected":false},"excerpt":{"rendered":"<div class=\"entry-summary\">\nEl pasado 28 de marzo, en la Residencia Txurdinagabarri quisimos celebrar la llegada de la primavera con una peque\u00f1a fiesta. Aprovechando el buen tiempo que hac\u00eda, decoramos un poco la terraza de la azotea y preparamos un peque\u00f1o picoteo. Subimos&hellip;\n<\/div>\n<div class=\"link-more\"><a href=\"https:\/\/ospitalarioakfundazioaeuskadi.org\/es\/damos-la-bienvenida-a-la-primavera-en-la-residencia-txurdinagabarri\/\" class=\"more-link\">Seguir leyendo<span class=\"screen-reader-text\"> &ldquo;Damos la bienvenida a la primavera en la Residencia Txurdinagabarri&rdquo;<\/span>&hellip;<\/a><\/div>\n","protected":false},"author":1,"featured_media":60283,"comment_status":"closed","ping_status":"closed","sticky":false,"template":"","format":"standard","meta":{"footnotes":""},"categories":[646,656,648],"tags":[],"linea-asistencial":[980],"class_list":["post-60282","post","type-post","status-publish","format-standard","has-post-thumbnail","hentry","category-aita-menni","category-bilbao-centro-de-dia-de-personas-mayores-txurdinagabarri-bilbao","category-residencia-txurdinagabarri-bilbao","linea-asistencial-4-persona-mayor","entry"],"_links":{"self":[{"href":"https:\/\/ospitalarioakfundazioaeuskadi.org\/es\/wp-json\/wp\/v2\/posts\/60282","targetHints":{"allow":["GET"]}}],"collection":[{"href":"https:\/\/ospitalarioakfundazioaeuskadi.org\/es\/wp-json\/wp\/v2\/posts"}],"about":[{"href":"https:\/\/ospitalarioakfundazioaeuskadi.org\/es\/wp-json\/wp\/v2\/types\/post"}],"author":[{"embeddable":true,"href":"https:\/\/ospitalarioakfundazioaeuskadi.org\/es\/wp-json\/wp\/v2\/users\/1"}],"replies":[{"embeddable":true,"href":"https:\/\/ospitalarioakfundazioaeuskadi.org\/es\/wp-json\/wp\/v2\/comments?post=60282"}],"version-history":[{"count":3,"href":"https:\/\/ospitalarioakfundazioaeuskadi.org\/es\/wp-json\/wp\/v2\/posts\/60282\/revisions"}],"predecessor-version":[{"id":60325,"href":"https:\/\/ospitalarioakfundazioaeuskadi.org\/es\/wp-json\/wp\/v2\/posts\/60282\/revisions\/60325"}],"wp:featuredmedia":[{"embeddable":true,"href":"https:\/\/ospitalarioakfundazioaeuskadi.org\/es\/wp-json\/wp\/v2\/media\/60283"}],"wp:attachment":[{"href":"https:\/\/ospitalarioakfundazioaeuskadi.org\/es\/wp-json\/wp\/v2\/media?parent=60282"}],"wp:term":[{"taxonomy":"category","embeddable":true,"href":"https:\/\/ospitalarioakfundazioaeuskadi.org\/es\/wp-json\/wp\/v2\/categories?post=60282"},{"taxonomy":"post_tag","embeddable":true,"href":"https:\/\/ospitalarioakfundazioaeuskadi.org\/es\/wp-json\/wp\/v2\/tags?post=60282"},{"taxonomy":"linea-asistencial","embeddable":true,"href":"https:\/\/ospitalarioakfundazioaeuskadi.org\/es\/wp-json\/wp\/v2\/linea-asistencial?post=60282"}],"curies":[{"name":"wp","href":"https:\/\/api.w.org\/{rel}","templated":true}]}}