{"id":61302,"date":"2023-06-19T16:37:10","date_gmt":"2023-06-19T16:37:10","guid":{"rendered":"https:\/\/www.aita-menni.org\/?p=61302"},"modified":"2023-11-09T08:51:38","modified_gmt":"2023-11-09T08:51:38","slug":"concierto-125-anos-hospitalidad","status":"publish","type":"post","link":"https:\/\/ospitalarioakfundazioaeuskadi.org\/es\/concierto-125-anos-hospitalidad\/","title":{"rendered":"Gran concierto coral en honor a nuestros 125 a\u00f1os de hospitalidad"},"content":{"rendered":"<p><a href=\"https:\/\/www.ospitalarioakfundazioaeuskadi.org\/es\/\">Hermanas Hospitalarias Aita Menni<\/a> y <a href=\"https:\/\/www.sanjuandediosgipuzkoa.es\/\" rel=\"nofollow noopener\" target=\"_blank\">San Juan de Dios de Arrasate-Mondrag\u00f3n<\/a> prosiguen durante todo el mes de junio los <a href=\"https:\/\/ospitalarioakfundazioaeuskadi.org\/es\/aita-menni-125-aniversario\/\">actos de celebraci\u00f3n del 125 aniversario<\/a> de su fundaci\u00f3n. El viernes 16, con el auditorio al completo del Kursaal de San Sebasti\u00e1n (1.800 butacas), tres j\u00f3venes coros de Euskadi cantaron al unison\u00f3 una de las mayores obras sinf\u00f3nico-corales del siglo XX: Carmina Burana, de <strong>Carl Orff<\/strong>.<\/p>\n<p>Voces j\u00f3venes, \u201cvoces del futuro\u201d \u2014como dijo el presentador del acto, <strong>Egoitz Zabala<\/strong> \u2014protagonizaron el homenaje a esta larga trayectoria de hospitalidad. El concierto, bajo la direcci\u00f3n de <strong>Alberto S\u00e1ez Puente, <\/strong>corri\u00f3 a cargo del <a href=\"https:\/\/coroeaso.com\/coros\/easo-gazte\/\" target=\"_blank\" rel=\"nofollow noopener\">Coro Easo Gazte Abesbatza<\/a>, de San Sebasti\u00e1n, el <a href=\"https:\/\/www.coraldebilbao.com\/coros\/coroeuskeria\/\" target=\"_blank\" rel=\"nofollow noopener\">Coro Euskeria de la Sociedad Coral de Bilbao<\/a> y <a href=\"https:\/\/musikalde.com\/nurat\/quienes-somos\/\" target=\"_blank\" rel=\"nofollow noopener\">Nurat Gazte Abesbatza<\/a>, de Vitoria,\u00a0acompa\u00f1ados por el <strong>grupo de percusi\u00f3n Taupa<\/strong> del Conservatorio Profesional de M\u00fasica Francisco Escudero, por los pianistas <strong>Javier P\u00e9rez de Azpeitia<\/strong> y <strong>Ander Marzana<\/strong>, y por la soprano <strong>Est\u00edbaliz S\u00e1nchez<\/strong>, el tenor <strong>Aitor Garitano<\/strong> y el bar\u00edtono <strong>Juan Laborer\u00eda<\/strong> como voces solistas.<\/p>\n<p>La velada dio comienzo con un aperitivo: \u2018Con amores, la mi madre\u2019, del compositor azpeitiarra <strong>Juan de Anchieta<\/strong>. La pieza fue dirigida por <strong>Urko Sangroniz,<\/strong> director del Coro Euskeria.<\/p>\n<p>Este extraordinario concierto no hubiera sido posible sin la inestimable ayuda de <strong>\u00cd\u00f1igo Alberdi<\/strong>, hoy gerente de la Sociedad Coral de Bilbao, durante a\u00f1os director general de la Orquesta Sinf\u00f3nica de Euskadi y <a href=\"https:\/\/ospitalarioakfundazioaeuskadi.org\/es\/orquesta-sinfonica-euskadi-actua-hospital-8266\/\" target=\"_blank\" rel=\"noopener\">siempre colaborador<\/a> del Hospital Aita Menni.<\/p>\n<p>Con la m\u00fasica queremos decir no al estigma, subray\u00f3 <strong>Egoitz Zabala<\/strong>. A la emoci\u00f3n de la voz humana, se uni\u00f3 el recuerdo agradecido a <a href=\"https:\/\/ospitalarioakfundazioaeuskadi.org\/es\/quienes-somos\/nuestra-historia\/\" target=\"_blank\" rel=\"noopener\"><strong>Benito Menni<\/strong><\/a> \u201cpor poner su coraz\u00f3n en Gipuzkoa\u201d y se record\u00f3 tambi\u00e9n a los m\u00e1s de 30.000 hombres y mujeres acogidos en ambos centros durante este siglo y cuarto de hospitalidad. Se dio las gracias a las administraciones p\u00fablicas, empresas, fundaciones, profesionales&#8230; gente y entidades sin las que, en palabras del presentador, \u00abno habr\u00edamos llegado hasta aqu\u00ed\u201d.<\/p>\n<p><img loading=\"lazy\" decoding=\"async\" class=\"alignnone wp-image-61323 size-full\" src=\"https:\/\/www.ospitalarioakfundazioaeuskadi.org\/wp-content\/uploads\/2023\/06\/concierto-20230614-11.jpg\" alt=\"Bittor Zubelzu se dirige al p\u00fablico desde el escenerio junto a Yolanda Ega\u00f1a y el presentador, Egoitz Zabala\" width=\"850\" height=\"567\" title=\"\" srcset=\"https:\/\/ospitalarioakfundazioaeuskadi.org\/wp-content\/uploads\/2023\/06\/concierto-20230614-11.jpg 850w, https:\/\/ospitalarioakfundazioaeuskadi.org\/wp-content\/uploads\/2023\/06\/concierto-20230614-11-425x284.jpg 425w, https:\/\/ospitalarioakfundazioaeuskadi.org\/wp-content\/uploads\/2023\/06\/concierto-20230614-11-768x512.jpg 768w\" sizes=\"auto, (max-width: 850px) 100vw, 850px\" \/><\/p>\n<p>Como un canto a la vida y en representaci\u00f3n de las personas enfermas que atendemos, dos pacientes, <strong>Yolanda Ega\u00f1a<\/strong>, de San Juan de Dios, y <strong>Bittor Zubelzu<\/strong>, de Aita Menni, dieron las gracias a ambas instituciones, en las cuales dijeron haber \u00abaprendido a vivir\u00bb. El concierto termin\u00f3 con el p\u00fablico en pie aplaudiendo el talento de los artistas y tambi\u00e9n sus palabras.<\/p>\n<p>Como colof\u00f3n de la velada \u2014a la que acudieron, por supuesto, un buen n\u00famero de profesionales de los dos centros hospitalarios, as\u00ed como hermanas y hermanos y personal directivo\u2014, largos aplausos y un bis de \u2018Fortuna imperatrix mundi\u2019, el primero de los poemas de la famosa cantata de <strong>Carl Orff<\/strong>.<\/p>\n<div id='gallery-1' class='gallery galleryid-61302 gallery-columns-3 gallery-size-thumbnail'><figure class='gallery-item'>\n\t\t\t<div class='gallery-icon landscape'>\n\t\t\t\t<a href=\"https:\/\/ospitalarioakfundazioaeuskadi.org\/wp-content\/uploads\/2023\/06\/concierto-20230614-1.jpg\"><img loading=\"lazy\" decoding=\"async\" width=\"200\" height=\"200\" src=\"https:\/\/ospitalarioakfundazioaeuskadi.org\/wp-content\/uploads\/2023\/06\/concierto-20230614-1-200x200.jpg\" class=\"attachment-thumbnail size-thumbnail\" alt=\"Concierto en San Sebasti\u00e1n organizado por Hermanas Hospitalarias Aita Menni y San Juan de Dios de Mondrag\u00f3n\" title=\"\"><\/a>\n\t\t\t<\/div><\/figure><figure class='gallery-item'>\n\t\t\t<div class='gallery-icon landscape'>\n\t\t\t\t<a href=\"https:\/\/ospitalarioakfundazioaeuskadi.org\/wp-content\/uploads\/2023\/06\/concierto-20230614-3.jpg\"><img loading=\"lazy\" decoding=\"async\" width=\"200\" height=\"200\" src=\"https:\/\/ospitalarioakfundazioaeuskadi.org\/wp-content\/uploads\/2023\/06\/concierto-20230614-3-200x200.jpg\" class=\"attachment-thumbnail size-thumbnail\" alt=\"Concierto en San Sebasti\u00e1n organizado por Hermanas Hospitalarias Aita Menni y San Juan de Dios de Mondrag\u00f3n\" title=\"\"><\/a>\n\t\t\t<\/div><\/figure><figure class='gallery-item'>\n\t\t\t<div class='gallery-icon landscape'>\n\t\t\t\t<a href=\"https:\/\/ospitalarioakfundazioaeuskadi.org\/wp-content\/uploads\/2023\/06\/concierto-20230614-4.jpg\"><img loading=\"lazy\" decoding=\"async\" width=\"200\" height=\"200\" src=\"https:\/\/ospitalarioakfundazioaeuskadi.org\/wp-content\/uploads\/2023\/06\/concierto-20230614-4-200x200.jpg\" class=\"attachment-thumbnail size-thumbnail\" alt=\"Concierto en San Sebasti\u00e1n organizado por Hermanas Hospitalarias Aita Menni y San Juan de Dios de Mondrag\u00f3n\" title=\"\"><\/a>\n\t\t\t<\/div><\/figure><figure class='gallery-item'>\n\t\t\t<div class='gallery-icon landscape'>\n\t\t\t\t<a href=\"https:\/\/ospitalarioakfundazioaeuskadi.org\/wp-content\/uploads\/2023\/06\/concierto-20230614-2.jpg\"><img loading=\"lazy\" decoding=\"async\" width=\"200\" height=\"200\" src=\"https:\/\/ospitalarioakfundazioaeuskadi.org\/wp-content\/uploads\/2023\/06\/concierto-20230614-2-200x200.jpg\" class=\"attachment-thumbnail size-thumbnail\" alt=\"Concierto en San Sebasti\u00e1n organizado por Hermanas Hospitalarias Aita Menni y San Juan de Dios de Mondrag\u00f3n\" title=\"\"><\/a>\n\t\t\t<\/div><\/figure><figure class='gallery-item'>\n\t\t\t<div class='gallery-icon landscape'>\n\t\t\t\t<a href=\"https:\/\/ospitalarioakfundazioaeuskadi.org\/wp-content\/uploads\/2023\/06\/concierto-20230614-5.jpg\"><img loading=\"lazy\" decoding=\"async\" width=\"200\" height=\"200\" src=\"https:\/\/ospitalarioakfundazioaeuskadi.org\/wp-content\/uploads\/2023\/06\/concierto-20230614-5-200x200.jpg\" class=\"attachment-thumbnail size-thumbnail\" alt=\"Concierto en San Sebasti\u00e1n organizado por Hermanas Hospitalarias Aita Menni y San Juan de Dios de Mondrag\u00f3n\" title=\"\"><\/a>\n\t\t\t<\/div><\/figure><figure class='gallery-item'>\n\t\t\t<div class='gallery-icon landscape'>\n\t\t\t\t<a href=\"https:\/\/ospitalarioakfundazioaeuskadi.org\/wp-content\/uploads\/2023\/06\/concierto-20230614-6.jpg\"><img loading=\"lazy\" decoding=\"async\" width=\"200\" height=\"200\" src=\"https:\/\/ospitalarioakfundazioaeuskadi.org\/wp-content\/uploads\/2023\/06\/concierto-20230614-6-200x200.jpg\" class=\"attachment-thumbnail size-thumbnail\" alt=\"Concierto en San Sebasti\u00e1n organizado por Hermanas Hospitalarias Aita Menni y San Juan de Dios de Mondrag\u00f3n\" title=\"\"><\/a>\n\t\t\t<\/div><\/figure><figure class='gallery-item'>\n\t\t\t<div class='gallery-icon landscape'>\n\t\t\t\t<a href=\"https:\/\/ospitalarioakfundazioaeuskadi.org\/wp-content\/uploads\/2023\/06\/concierto-20230614-9.jpg\"><img loading=\"lazy\" decoding=\"async\" width=\"200\" height=\"200\" src=\"https:\/\/ospitalarioakfundazioaeuskadi.org\/wp-content\/uploads\/2023\/06\/concierto-20230614-9-200x200.jpg\" class=\"attachment-thumbnail size-thumbnail\" alt=\"Concierto en San Sebasti\u00e1n organizado por Hermanas Hospitalarias Aita Menni y San Juan de Dios de Mondrag\u00f3n\" title=\"\"><\/a>\n\t\t\t<\/div><\/figure><figure class='gallery-item'>\n\t\t\t<div class='gallery-icon landscape'>\n\t\t\t\t<a href=\"https:\/\/ospitalarioakfundazioaeuskadi.org\/wp-content\/uploads\/2023\/06\/concierto-20230614-12.jpg\"><img loading=\"lazy\" decoding=\"async\" width=\"200\" height=\"200\" src=\"https:\/\/ospitalarioakfundazioaeuskadi.org\/wp-content\/uploads\/2023\/06\/concierto-20230614-12-200x200.jpg\" class=\"attachment-thumbnail size-thumbnail\" alt=\"Concierto en San Sebasti\u00e1n organizado por Hermanas Hospitalarias Aita Menni y San Juan de Dios de Mondrag\u00f3n\" title=\"\"><\/a>\n\t\t\t<\/div><\/figure><figure class='gallery-item'>\n\t\t\t<div class='gallery-icon landscape'>\n\t\t\t\t<a href=\"https:\/\/ospitalarioakfundazioaeuskadi.org\/wp-content\/uploads\/2023\/06\/concierto-20230614-10.jpg\"><img loading=\"lazy\" decoding=\"async\" width=\"200\" height=\"200\" src=\"https:\/\/ospitalarioakfundazioaeuskadi.org\/wp-content\/uploads\/2023\/06\/concierto-20230614-10-200x200.jpg\" class=\"attachment-thumbnail size-thumbnail\" alt=\"Concierto en San Sebasti\u00e1n organizado por Hermanas Hospitalarias Aita Menni y San Juan de Dios de Mondrag\u00f3n\" title=\"\"><\/a>\n\t\t\t<\/div><\/figure>\n\t\t<\/div>\n\n<h2>V\u00eddeo<\/h2>\n<div class=\"cookieconsent-optout-marketing\">\n<div class=\"alert alert-warning\">Este contenido est\u00e1 alojado en un proveedor externo. Si quieres verlo, debes <a href=\"javascript:Cookiebot.renew()\" style=\"cursor:pointer;text-decoration:underline;\">aceptar las cookies de la categor\u00eda \"Otras\"<\/a> en la Configuraci\u00f3n de Cookies.<\/div><\/div><br \/>\n<iframe loading=\"lazy\" title=\"Gran concierto coral, \u2018Carmina Burana\u2019 por el 125 aniversario del Hospital Aita Menni\" width=\"889\" height=\"500\" src=\"https:\/\/www.youtube.com\/embed\/bbEOY2dgqOQ?feature=oembed\" frameborder=\"0\" allow=\"accelerometer; autoplay; clipboard-write; encrypted-media; gyroscope; picture-in-picture; web-share\" allowfullscreen><\/iframe><\/p>\n<p>&nbsp;<\/p>\n","protected":false},"excerpt":{"rendered":"<div class=\"entry-summary\">\nEl Coro Easo Gazte Abesbatza, de San Sebasti\u00e1n, el Coro Euskeria de la Sociedad Coral de Bilbao y el Nurat Gazte Abesbatza, de Vitoria interpretaron un magn\u00edfico &#8216;Carmina Burana&#8217; para dos pianos y percusi\u00f3n en el Kursaal, bajo la direcci\u00f3n de Alberto S\u00e1ez Puente.\n<\/div>\n<div class=\"link-more\"><a href=\"https:\/\/ospitalarioakfundazioaeuskadi.org\/es\/concierto-125-anos-hospitalidad\/\" class=\"more-link\">Seguir leyendo<span class=\"screen-reader-text\"> &ldquo;Gran concierto coral en honor a nuestros 125 a\u00f1os de hospitalidad&rdquo;<\/span>&hellip;<\/a><\/div>\n","protected":false},"author":5,"featured_media":61303,"comment_status":"closed","ping_status":"closed","sticky":false,"template":"","format":"standard","meta":{"footnotes":""},"categories":[646,664,1008],"tags":[],"linea-asistencial":[],"class_list":["post-61302","post","type-post","status-publish","format-standard","has-post-thumbnail","hentry","category-aita-menni","category-hermanas-hospitalarias","category-hospital-aita-menni","entry"],"_links":{"self":[{"href":"https:\/\/ospitalarioakfundazioaeuskadi.org\/es\/wp-json\/wp\/v2\/posts\/61302","targetHints":{"allow":["GET"]}}],"collection":[{"href":"https:\/\/ospitalarioakfundazioaeuskadi.org\/es\/wp-json\/wp\/v2\/posts"}],"about":[{"href":"https:\/\/ospitalarioakfundazioaeuskadi.org\/es\/wp-json\/wp\/v2\/types\/post"}],"author":[{"embeddable":true,"href":"https:\/\/ospitalarioakfundazioaeuskadi.org\/es\/wp-json\/wp\/v2\/users\/5"}],"replies":[{"embeddable":true,"href":"https:\/\/ospitalarioakfundazioaeuskadi.org\/es\/wp-json\/wp\/v2\/comments?post=61302"}],"version-history":[{"count":3,"href":"https:\/\/ospitalarioakfundazioaeuskadi.org\/es\/wp-json\/wp\/v2\/posts\/61302\/revisions"}],"predecessor-version":[{"id":63764,"href":"https:\/\/ospitalarioakfundazioaeuskadi.org\/es\/wp-json\/wp\/v2\/posts\/61302\/revisions\/63764"}],"wp:featuredmedia":[{"embeddable":true,"href":"https:\/\/ospitalarioakfundazioaeuskadi.org\/es\/wp-json\/wp\/v2\/media\/61303"}],"wp:attachment":[{"href":"https:\/\/ospitalarioakfundazioaeuskadi.org\/es\/wp-json\/wp\/v2\/media?parent=61302"}],"wp:term":[{"taxonomy":"category","embeddable":true,"href":"https:\/\/ospitalarioakfundazioaeuskadi.org\/es\/wp-json\/wp\/v2\/categories?post=61302"},{"taxonomy":"post_tag","embeddable":true,"href":"https:\/\/ospitalarioakfundazioaeuskadi.org\/es\/wp-json\/wp\/v2\/tags?post=61302"},{"taxonomy":"linea-asistencial","embeddable":true,"href":"https:\/\/ospitalarioakfundazioaeuskadi.org\/es\/wp-json\/wp\/v2\/linea-asistencial?post=61302"}],"curies":[{"name":"wp","href":"https:\/\/api.w.org\/{rel}","templated":true}]}}