{"id":62225,"date":"2023-09-11T15:36:24","date_gmt":"2023-09-11T15:36:24","guid":{"rendered":"https:\/\/www.aita-menni.org\/?p=62225"},"modified":"2023-09-11T18:06:05","modified_gmt":"2023-09-11T18:06:05","slug":"lehendakari-consejera-salud-hospitales-aita-menni-san-juan-de-dios-125-aniversario","status":"publish","type":"post","link":"https:\/\/ospitalarioakfundazioaeuskadi.org\/es\/lehendakari-consejera-salud-hospitales-aita-menni-san-juan-de-dios-125-aniversario\/","title":{"rendered":"El lehendakari y la consejera de Salud visitan los hospitales Aita Menni y San Juan de Dios por su 125 aniversario"},"content":{"rendered":"<p>El lehendakari, <strong>I\u00f1igo Urkullu<\/strong>, y la consejera de Salud, <strong>Gotzone Sagardui<\/strong>, realizaron durante la ma\u00f1ana del lunes 11 de septiembre una visita institucional a los hospitales Aita Menni y San Juan de Dios por su <a href=\"https:\/\/ospitalarioakfundazioaeuskadi.org\/es\/apertura-125-aniversario\/\">125 aniversario<\/a>. Acudieron tambi\u00e9n el viceconsejero de Salud, <strong>Jos\u00e9 Luis Quintas<\/strong>; el coordinador sociosanitario de la CAPV, <strong>Jos\u00e9 A. de la Rica<\/strong>; y el director de la Red de Salud Mental de Gipuzkoa, <strong>\u00c1lvaro Iruin<\/strong>.<\/p>\n<p>En la visita tambi\u00e9n han estado el superior San Juan de Dios, <strong>Hno. Jos\u00e9 M\u00aa Ch\u00e1varri, <\/strong>la superiora de Hermanas Hospitalarias &#8211; Aita Menni, <strong>sor Isabel Mart\u00ednez, <\/strong>la directora gerente de San Juan de Dios Gipuzkoa y directora de la Unidad Territorial III, <strong>Elena Urdaneta, <\/strong>y el director de Aita Menni, <strong>Mikel Tellaeche<\/strong>.<\/p>\n<figure id=\"attachment_62304\" aria-describedby=\"caption-attachment-62304\" style=\"width: 850px\" class=\"wp-caption alignnone\"><img loading=\"lazy\" decoding=\"async\" class=\"size-full wp-image-62304\" src=\"https:\/\/www.ospitalarioakfundazioaeuskadi.org\/wp-content\/uploads\/2023\/09\/20230911-visita-lehendakari-125-aniversario-1.jpg\" alt=\"\" width=\"850\" height=\"566\" title=\"\" srcset=\"https:\/\/ospitalarioakfundazioaeuskadi.org\/wp-content\/uploads\/2023\/09\/20230911-visita-lehendakari-125-aniversario-1.jpg 850w, https:\/\/ospitalarioakfundazioaeuskadi.org\/wp-content\/uploads\/2023\/09\/20230911-visita-lehendakari-125-aniversario-1-425x283.jpg 425w, https:\/\/ospitalarioakfundazioaeuskadi.org\/wp-content\/uploads\/2023\/09\/20230911-visita-lehendakari-125-aniversario-1-768x511.jpg 768w\" sizes=\"auto, (max-width: 850px) 100vw, 850px\" \/><figcaption id=\"caption-attachment-62304\" class=\"wp-caption-text\">Foto: Irekia.<\/figcaption><\/figure>\n<h2>Vocaci\u00f3n de servicio p\u00fablico<\/h2>\n<p>El lehendakari ha querido agradecer el trabajo que desarrollan \u201ccon una profunda vocaci\u00f3n de servicio p\u00fablico\u201d, desde hace 125 a\u00f1os, estos dos centros referentes en atenci\u00f3n a la salud mental. \u201cFuisteis pioneros en crear servicios para las personas m\u00e1s vulnerables, d\u00e9cadas antes de que las instituciones p\u00fablicas asumieran nuestra responsabilidad. Y cuando lo hicimos, nos convertimos en compa\u00f1eros de viaje, sumando nuestras fuerzas\u201d, ha dicho.<strong>\u00a0<\/strong><\/p>\n<p>\u00abPor suerte, y gracias a la educaci\u00f3n que hemos recibido, nuestra percepci\u00f3n est\u00e1 cambiando en buena medida. La salud mental se ha convertido en una de nuestras prioridades. Pero tenemos que seguir insistiendo en lo que es la salud mental, los transtornos mentales, la enfermedad mental, todos los conceptos. Alzheimer, esquizofrenia, autismo\u2026 Todas y todos podemos padecerlas. Somos muy conscientes de ello. En Euskadi lo tenemos claro, la ciudadan\u00eda lo tiene muy claro. Y actuamos en consecuencia\u00bb, a\u00f1ad\u00eda el lehendakari.<\/p>\n<p>Por su parte, el director de Aita Menni, <strong>Mikel Tellaeche<\/strong>, ha agradecido al lehendakari y a la consejer\u00eda de Salud \u201csu cercan\u00eda, compromiso y apoyo en este aniversario que supone tambi\u00e9n un reconocimiento a la labor que desempe\u00f1amos ambas instituciones en la salud mental. Para todos los que componemos Aita Menni supone una muestra de confianza y reconocimiento a la labor diaria que realizan m\u00e1s de 1000 profesionales, a las familias y a pacientes y personas usuarias\u201d. \u201cManifestamos nuestro compromiso en defender los derechos de las personas en situaci\u00f3n de fragilidad y en continuar adapt\u00e1ndonos a las nuevas necesidades de la sociedad como lo han venido haciendo los que nos antecedieron en la misi\u00f3n hospitalaria desde 1898.\u201d, ha subrayado.<\/p>\n<p>La directora gerente de San Juan de Dios Gipuzkoa y directora de la Unidad Territorial III, <strong>Elena Urdaneta<\/strong>, tambi\u00e9n ha agradecido mucho esta visita \u201cporque sirve para visibilizar la situaci\u00f3n de muchas personas y sus familias con serios problemas de enfermedad mental que necesitan todo el apoyo institucional posible\u201d. \u201cEn San Juan de Dios llevamos 125 a\u00f1os en Euskadi atendiendo a estas personas, lo que no es m\u00e1s que el comienzo, ya que cada d\u00eda detectamos nuevas necesidades sociales en este sentido y nuestro compromiso es inquebrantable para que estas personas alcancen el mejor bienestar y toda la dignidad que cada ser humano merece\u201d, ha destacado.<\/p>\n<p><img loading=\"lazy\" decoding=\"async\" class=\"alignnone size-full wp-image-62312\" src=\"https:\/\/www.ospitalarioakfundazioaeuskadi.org\/wp-content\/uploads\/2023\/09\/20230911-visita-lehendakari-125-aniversario-13.jpg\" alt=\"El Lehendakari\" width=\"850\" height=\"478\" title=\"\" srcset=\"https:\/\/ospitalarioakfundazioaeuskadi.org\/wp-content\/uploads\/2023\/09\/20230911-visita-lehendakari-125-aniversario-13.jpg 850w, https:\/\/ospitalarioakfundazioaeuskadi.org\/wp-content\/uploads\/2023\/09\/20230911-visita-lehendakari-125-aniversario-13-425x239.jpg 425w, https:\/\/ospitalarioakfundazioaeuskadi.org\/wp-content\/uploads\/2023\/09\/20230911-visita-lehendakari-125-aniversario-13-768x432.jpg 768w\" sizes=\"auto, (max-width: 850px) 100vw, 850px\" \/><\/p>\n<h2>Referentes que se adaptan y dan respuesta a las necesidades de la sociedad<\/h2>\n<p>Los Hospitales de San Juan de Dios y <a href=\"https:\/\/ospitalarioakfundazioaeuskadi.org\/es\/centro\/hospital-aita-menni\/\">Aita Menni<\/a> en Arrasate (Gipuzkoa) han cumplido 125 a\u00f1os desde que Benito Menni, hermano de San Juan de Dios y fundador de la Congregaci\u00f3n de las Hermanas Hospitalarias del Sagrado Coraz\u00f3n de Jes\u00fas \u2014a la que pertenece Aita Menni\u2014, compr\u00f3 el Balneario de Santa \u00c1gueda de Arrasate-Mondrag\u00f3n, uno de los m\u00e1s famosos de Europa en aquellos a\u00f1os, para transformarlo en centro de asistencia psiqui\u00e1trica: el primero de Euskadi. Sus inicios se remontan a junio de 1898 cuando el Padre Benito Menni abri\u00f3 en este emplazamiento la Casa de Salud de Santa \u00c1gueda. Precisamente las autoridades han visitado este punto, situado en las instalaciones de San Juan de Dios de Arrasate.<\/p>\n<p>Desde 1898, tanto las Hermanas Hospitalarias como San Juan de Dios han estado presentes en el Pa\u00eds Vasco atendiendo el \u00e1mbito de la salud mental. En este largo recorrido, ambas instituciones han evolucionado con la sociedad vasca ampliando su cartera de servicios, m\u00e1s all\u00e1 de la visi\u00f3n tradicional de la salud mental, modernizando la atenci\u00f3n y llegando a sectores de la poblaci\u00f3n con un alto grado de vulnerabilidad, o directamente a personas en exclusi\u00f3n social.<\/p>\n<figure id=\"attachment_62308\" aria-describedby=\"caption-attachment-62308\" style=\"width: 850px\" class=\"wp-caption alignnone\"><img loading=\"lazy\" decoding=\"async\" class=\"size-full wp-image-62308\" src=\"https:\/\/www.ospitalarioakfundazioaeuskadi.org\/wp-content\/uploads\/2023\/09\/20230911-visita-lehendakari-125-aniversario-3.jpg\" alt=\"El Lehendakari y la consejera de Salud, junto a responsables y personal directivo de Hermanas Hospitalarias Aita Menni y San Juan de Dios\" width=\"850\" height=\"566\" title=\"\" srcset=\"https:\/\/ospitalarioakfundazioaeuskadi.org\/wp-content\/uploads\/2023\/09\/20230911-visita-lehendakari-125-aniversario-3.jpg 850w, https:\/\/ospitalarioakfundazioaeuskadi.org\/wp-content\/uploads\/2023\/09\/20230911-visita-lehendakari-125-aniversario-3-425x283.jpg 425w, https:\/\/ospitalarioakfundazioaeuskadi.org\/wp-content\/uploads\/2023\/09\/20230911-visita-lehendakari-125-aniversario-3-768x511.jpg 768w\" sizes=\"auto, (max-width: 850px) 100vw, 850px\" \/><figcaption id=\"caption-attachment-62308\" class=\"wp-caption-text\">El Lehendakari y la consejera de Salud, junto a responsables y personal directivo de Hermanas Hospitalarias Aita Menni y San Juan de Dios. Foto: Irekia.<\/figcaption><\/figure>\n<p>Aita Menni desde sus inicios ha diversificado su actividad para atender a personas con <a href=\"https:\/\/ospitalarioakfundazioaeuskadi.org\/es\/que-hacemos\/salud-mental\/\">enfermedad mental<\/a>, <a href=\"https:\/\/ospitalarioakfundazioaeuskadi.org\/es\/que-hacemos\/discapacidad-intelectual\/\">discapacidad intelectual<\/a>, rehabilitaci\u00f3n de <a href=\"https:\/\/ospitalarioakfundazioaeuskadi.org\/es\/que-hacemos\/neurorrehabilitacion-dano-cerebral\/\">da\u00f1o cerebral<\/a> y <a href=\"https:\/\/ospitalarioakfundazioaeuskadi.org\/es\/que-hacemos\/persona-mayor\/\">personas mayores<\/a>, mediante una amplia red de <a href=\"https:\/\/ospitalarioakfundazioaeuskadi.org\/es\/centros\/\">22 dispositivos asistenciales<\/a> en Euskadi. Destacan en Aita Menni su <a href=\"https:\/\/ospitalarioakfundazioaeuskadi.org\/es\/unidad\/unidad-psiquiatria-legal-mondragon\/\">Unidad de Psiquiatr\u00eda Legal<\/a>, pionera en el Estado, la <a href=\"https:\/\/ospitalarioakfundazioaeuskadi.org\/es\/unidad\/dano-cerebral-hospitalizacion-mondragon\/\">Unidad de Da\u00f1o Cerebral<\/a> con incorporaci\u00f3n de rob\u00f3tica, la <a href=\"https:\/\/ospitalarioakfundazioaeuskadi.org\/es\/unidad\/discapacidad-intelectual-trastornos-conducta\/\">Unidad de Discapacidad Intelectual<\/a> con graves trastornos de conducta, la primera unidad de atenci\u00f3n del <a href=\"https:\/\/ospitalarioakfundazioaeuskadi.org\/es\/unidad\/unidad-trastornos-espectro-autista-trastornos-conducta\/\">Trastorno del Espectro Autista<\/a> \u00a0y las \u00faltimas novedades incorporadas en salud mental en lo que respecta a <a href=\"https:\/\/ospitalarioakfundazioaeuskadi.org\/es\/unidad\/unidad-cuidados-especiales\/\">cuidados especiales<\/a> de las y los adolescentes.<\/p>\n<p>Muestra de esta evoluci\u00f3n tambi\u00e9n son los m\u00faltiples dispositivos y l\u00edneas de actuaci\u00f3n puestas en marcha por San Juan de Dios para abarcar la salud mental en personas sin hogar, priorizar el bienestar emocional de los menores ofreciendo atenci\u00f3n en infantojuvenil e implementar programas de prevenci\u00f3n de adicciones en las escuelas con la colaboraci\u00f3n de los ayuntamientos. Actualmente acaba de abrir una Unidad Residencial Trastorno Mental Severo m\u00e1s + Centro de d\u00eda y noche, concertada con la Diputaci\u00f3n Foral de Gipuzkoa.<\/p>\n<p><img loading=\"lazy\" decoding=\"async\" class=\"alignnone size-full wp-image-62316\" src=\"https:\/\/www.ospitalarioakfundazioaeuskadi.org\/wp-content\/uploads\/2023\/09\/20230911-visita-lehendakari-125-aniversario-14.jpg\" alt=\"Un momento de la reuni\u00f3n institucional\" width=\"850\" height=\"432\" title=\"\" srcset=\"https:\/\/ospitalarioakfundazioaeuskadi.org\/wp-content\/uploads\/2023\/09\/20230911-visita-lehendakari-125-aniversario-14.jpg 850w, https:\/\/ospitalarioakfundazioaeuskadi.org\/wp-content\/uploads\/2023\/09\/20230911-visita-lehendakari-125-aniversario-14-425x216.jpg 425w, https:\/\/ospitalarioakfundazioaeuskadi.org\/wp-content\/uploads\/2023\/09\/20230911-visita-lehendakari-125-aniversario-14-768x390.jpg 768w\" sizes=\"auto, (max-width: 850px) 100vw, 850px\" \/><\/p>\n<h2>V\u00eddeo<\/h2>\n<div class=\"cookieconsent-optout-marketing\">\n<div class=\"alert alert-warning\">Este contenido est\u00e1 alojado en un proveedor externo. Si quieres verlo, debes <a href=\"javascript:Cookiebot.renew()\" style=\"cursor:pointer;text-decoration:underline;\">aceptar las cookies de la categor\u00eda \"Otras\"<\/a> en la Configuraci\u00f3n de Cookies.<\/div><\/div>\n<p><iframe loading=\"lazy\" title=\"El lehendakari y la consejera de Salud visitan Aita Menni y San Juan de Dios por su 125 aniversario\" width=\"889\" height=\"500\" src=\"https:\/\/www.youtube.com\/embed\/AQkLdFBBQVw?feature=oembed\" frameborder=\"0\" allow=\"accelerometer; autoplay; clipboard-write; encrypted-media; gyroscope; picture-in-picture; web-share\" allowfullscreen><\/iframe><\/p>\n<p>V\u00eddeo: Irekia.<\/p>\n","protected":false},"excerpt":{"rendered":"<div class=\"entry-summary\">\nI\u00f1igo Urkullu y Gotzone Sagardui han querido felicitar personalmente a los equipos de ambos centros de \u00abreferencia\u00bb en salud mental, agradecerles el servicio que prestan y su capacidad de adaptaci\u00f3n para dar respuesta a las necesidades de la sociedad.\n<\/div>\n<div class=\"link-more\"><a href=\"https:\/\/ospitalarioakfundazioaeuskadi.org\/es\/lehendakari-consejera-salud-hospitales-aita-menni-san-juan-de-dios-125-aniversario\/\" class=\"more-link\">Seguir leyendo<span class=\"screen-reader-text\"> &ldquo;El lehendakari y la consejera de Salud visitan los hospitales Aita Menni y San Juan de Dios por su 125 aniversario&rdquo;<\/span>&hellip;<\/a><\/div>\n","protected":false},"author":5,"featured_media":62306,"comment_status":"closed","ping_status":"closed","sticky":false,"template":"","format":"standard","meta":{"footnotes":""},"categories":[646,1008],"tags":[],"linea-asistencial":[],"class_list":["post-62225","post","type-post","status-publish","format-standard","has-post-thumbnail","hentry","category-aita-menni","category-hospital-aita-menni","entry"],"_links":{"self":[{"href":"https:\/\/ospitalarioakfundazioaeuskadi.org\/es\/wp-json\/wp\/v2\/posts\/62225","targetHints":{"allow":["GET"]}}],"collection":[{"href":"https:\/\/ospitalarioakfundazioaeuskadi.org\/es\/wp-json\/wp\/v2\/posts"}],"about":[{"href":"https:\/\/ospitalarioakfundazioaeuskadi.org\/es\/wp-json\/wp\/v2\/types\/post"}],"author":[{"embeddable":true,"href":"https:\/\/ospitalarioakfundazioaeuskadi.org\/es\/wp-json\/wp\/v2\/users\/5"}],"replies":[{"embeddable":true,"href":"https:\/\/ospitalarioakfundazioaeuskadi.org\/es\/wp-json\/wp\/v2\/comments?post=62225"}],"version-history":[{"count":4,"href":"https:\/\/ospitalarioakfundazioaeuskadi.org\/es\/wp-json\/wp\/v2\/posts\/62225\/revisions"}],"predecessor-version":[{"id":62325,"href":"https:\/\/ospitalarioakfundazioaeuskadi.org\/es\/wp-json\/wp\/v2\/posts\/62225\/revisions\/62325"}],"wp:featuredmedia":[{"embeddable":true,"href":"https:\/\/ospitalarioakfundazioaeuskadi.org\/es\/wp-json\/wp\/v2\/media\/62306"}],"wp:attachment":[{"href":"https:\/\/ospitalarioakfundazioaeuskadi.org\/es\/wp-json\/wp\/v2\/media?parent=62225"}],"wp:term":[{"taxonomy":"category","embeddable":true,"href":"https:\/\/ospitalarioakfundazioaeuskadi.org\/es\/wp-json\/wp\/v2\/categories?post=62225"},{"taxonomy":"post_tag","embeddable":true,"href":"https:\/\/ospitalarioakfundazioaeuskadi.org\/es\/wp-json\/wp\/v2\/tags?post=62225"},{"taxonomy":"linea-asistencial","embeddable":true,"href":"https:\/\/ospitalarioakfundazioaeuskadi.org\/es\/wp-json\/wp\/v2\/linea-asistencial?post=62225"}],"curies":[{"name":"wp","href":"https:\/\/api.w.org\/{rel}","templated":true}]}}