{"id":62563,"date":"2023-09-27T11:30:08","date_gmt":"2023-09-27T11:30:08","guid":{"rendered":"https:\/\/www.aita-menni.org\/?p=62563"},"modified":"2023-09-27T13:00:50","modified_gmt":"2023-09-27T13:00:50","slug":"reconocimiento-hermanas-hospitalarias-aita-menni-prevencion-suicidio-ertzaintza","status":"publish","type":"post","link":"https:\/\/ospitalarioakfundazioaeuskadi.org\/es\/reconocimiento-hermanas-hospitalarias-aita-menni-prevencion-suicidio-ertzaintza\/","title":{"rendered":"Reconocimiento a la labor de Hermanas Hospitalarias Aita Menni en la prevenci\u00f3n del suicidio en la Ertzaintza"},"content":{"rendered":"<p>La <a href=\"https:\/\/aapsp.es\/\" target=\"_blank\" rel=\"noopener nofollow\">Asociaci\u00f3n Andaluza Preventiva del Suicidio Policial<\/a> (AASP) ha reconocido la labor que realiza <a href=\"\/es\/\">Hermanas Hospitalarias Aita Menni<\/a> en la prevenci\u00f3n del suicidio de agentes de la Ertzaintza. El pasado d\u00eda 22 de septiembre, esta entidad \u2014dedicada a la prevenci\u00f3n de riesgos psicosociales policiales y centrada, sobre todo, en el cuidado de la salud mental de las y los profesionales policiales y de seguridad, y en la prevenci\u00f3n especialmente del suicidio y de los trastornos mentales\u2014, celebr\u00f3 en Castilleja de la Cuesta (Sevilla) el \u201cII Acto de reconocimiento de los cuerpos policiales\u201d, en el que se hizo entrega de condecoraciones y distinciones.<\/p>\n<p>En esta segunda edici\u00f3n de estos galardones, entre otros profesionales policiales, de la seguridad y de la salud mental, este reconocimiento fue otorgado a <a href=\"https:\/\/ospitalarioakfundazioaeuskadi.org\/es\/alfonso-saez-de-ibarra\/\"><strong>Alfonso S\u00e1ez de Ibarra Olasolo<\/strong><\/a>, psic\u00f3logo especialista en Psicolog\u00eda Cl\u00ednica del <a href=\"https:\/\/ospitalarioakfundazioaeuskadi.org\/es\/centro\/hospital-aita-menni\/\">Hospital Aita Menni<\/a>, que realiza funciones de coordinaci\u00f3n dentro de la atenci\u00f3n integral en salud mental que, desde hace 25 a\u00f1os, presta nuestro centro al Departamento de Seguridad del Gobierno Vasco. Dicha labor se centra tanto en aspectos asistenciales y terap\u00e9uticos (Psicolog\u00eda, Psiquiatr\u00eda) como preventivos y formativos, en relaci\u00f3n al cuidado y prevenci\u00f3n en salud mental en la Ertzaintza.<\/p>\n<p>Durante el acto de entrega, el presidente de la AASP, <strong>Alberto Mart\u00edn Ruiz<\/strong>, declar\u00f3 que con este gesto se pretende otorgar la \u201cgratificaci\u00f3n y reconocimiento, respecto del personal que estando en primera l\u00ednea de funci\u00f3n p\u00fablica o privada haya realizado actos que por especial relevancia social merezcan el reconocimiento del ejercicio por ello; ya sea por su trayectoria o proyectos en aras de una sociedad m\u00e1s libre y mejor, por ende, m\u00e1s habitable\u201d. Esta es la raz\u00f3n por la cual esta asociaci\u00f3n policial decidi\u00f3 conceder la \u201cMedalla al reconocimiento\u201d de la labor de seguridad, con el objetivo de premiar los servicios extraordinarios de profesionales relacionados y personal de los Cuerpos de Seguridad, en su misi\u00f3n de proteger a las personas y bienes, garantizar el libre ejercicio de sus derechos y libertades velando por la seguridad ciudadana.<\/p>\n","protected":false},"excerpt":{"rendered":"<div class=\"entry-summary\">\nAlfonso S\u00e1ez de Ibarra Olasolo, psic\u00f3logo especialista en Psicolog\u00eda Cl\u00ednica y coordinador de la actividad asistencial y preventiva que presta el Hospital Aita Menni al Departamento de Seguridad del Gobierno Vasco desde 1998, ha recibido la medalla de reconocimiento y homenaje otorgada por la Asociaci\u00f3n Andaluza Preventiva del Suicidio Policial.\n<\/div>\n<div class=\"link-more\"><a href=\"https:\/\/ospitalarioakfundazioaeuskadi.org\/es\/reconocimiento-hermanas-hospitalarias-aita-menni-prevencion-suicidio-ertzaintza\/\" class=\"more-link\">Seguir leyendo<span class=\"screen-reader-text\"> &ldquo;Reconocimiento a la labor de Hermanas Hospitalarias Aita Menni en la prevenci\u00f3n del suicidio en la Ertzaintza&rdquo;<\/span>&hellip;<\/a><\/div>\n","protected":false},"author":5,"featured_media":62577,"comment_status":"closed","ping_status":"closed","sticky":false,"template":"","format":"standard","meta":{"footnotes":""},"categories":[646,1041],"tags":[],"linea-asistencial":[979],"class_list":["post-62563","post","type-post","status-publish","format-standard","has-post-thumbnail","hentry","category-aita-menni","category-calidad","linea-asistencial-1-salud-mental","entry"],"_links":{"self":[{"href":"https:\/\/ospitalarioakfundazioaeuskadi.org\/es\/wp-json\/wp\/v2\/posts\/62563","targetHints":{"allow":["GET"]}}],"collection":[{"href":"https:\/\/ospitalarioakfundazioaeuskadi.org\/es\/wp-json\/wp\/v2\/posts"}],"about":[{"href":"https:\/\/ospitalarioakfundazioaeuskadi.org\/es\/wp-json\/wp\/v2\/types\/post"}],"author":[{"embeddable":true,"href":"https:\/\/ospitalarioakfundazioaeuskadi.org\/es\/wp-json\/wp\/v2\/users\/5"}],"replies":[{"embeddable":true,"href":"https:\/\/ospitalarioakfundazioaeuskadi.org\/es\/wp-json\/wp\/v2\/comments?post=62563"}],"version-history":[{"count":3,"href":"https:\/\/ospitalarioakfundazioaeuskadi.org\/es\/wp-json\/wp\/v2\/posts\/62563\/revisions"}],"predecessor-version":[{"id":62612,"href":"https:\/\/ospitalarioakfundazioaeuskadi.org\/es\/wp-json\/wp\/v2\/posts\/62563\/revisions\/62612"}],"wp:featuredmedia":[{"embeddable":true,"href":"https:\/\/ospitalarioakfundazioaeuskadi.org\/es\/wp-json\/wp\/v2\/media\/62577"}],"wp:attachment":[{"href":"https:\/\/ospitalarioakfundazioaeuskadi.org\/es\/wp-json\/wp\/v2\/media?parent=62563"}],"wp:term":[{"taxonomy":"category","embeddable":true,"href":"https:\/\/ospitalarioakfundazioaeuskadi.org\/es\/wp-json\/wp\/v2\/categories?post=62563"},{"taxonomy":"post_tag","embeddable":true,"href":"https:\/\/ospitalarioakfundazioaeuskadi.org\/es\/wp-json\/wp\/v2\/tags?post=62563"},{"taxonomy":"linea-asistencial","embeddable":true,"href":"https:\/\/ospitalarioakfundazioaeuskadi.org\/es\/wp-json\/wp\/v2\/linea-asistencial?post=62563"}],"curies":[{"name":"wp","href":"https:\/\/api.w.org\/{rel}","templated":true}]}}