{"id":63305,"date":"2023-10-24T15:26:00","date_gmt":"2023-10-24T15:26:00","guid":{"rendered":"https:\/\/www.aita-menni.org\/?p=63305"},"modified":"2023-10-24T19:02:43","modified_gmt":"2023-10-24T19:02:43","slug":"organizamos-junto-con-atece-el-ya-tradicional-concierto-de-apoyo-a-las-personas-con-dca","status":"publish","type":"post","link":"https:\/\/ospitalarioakfundazioaeuskadi.org\/es\/organizamos-junto-con-atece-el-ya-tradicional-concierto-de-apoyo-a-las-personas-con-dca\/","title":{"rendered":"Organizamos junto con ATECE el ya tradicional concierto de apoyo a las personas con DCA"},"content":{"rendered":"<p>Con motivo del <strong>D\u00eda del Da\u00f1o Cerebral Adquirido<\/strong>, el 26 de octubre, jueves, la iglesia de San Vicente de Donostia acoge el ya tradicional concierto de apoyo a las personas de Gipuzkoa que han sufrido un da\u00f1o cerebral. El concierto, a cargo esta edici\u00f3n de <a href=\"https:\/\/www.federagaf.net\/coros_detalle.php?lng=esp&amp;id_coro_idioma=278&amp;accion=ir_a&amp;id_loc=0&amp;int_pas_ini=0&amp;str_mod=bus_alf&amp;str_let=e&amp;texto=\" target=\"_blank\" rel=\"noopener nofollow\">Eresmin Talde Abesbatza,<\/a>\u00a0 est\u00e1 concebido para pacientes y familias pero abierto al p\u00fablico en general. La entrada es libre y gratuita hasta completar aforo.<\/p>\n<p>Como cada a\u00f1o, el objetivo de esta celebraci\u00f3n \u2014organizada por la Asociaci\u00f3n de Da\u00f1o Cerebral Adquirido <a href=\"https:\/\/www.atecegipuzkoa.org\/\" target=\"_blank\" rel=\"noopener nofollow\">ATECE Gipuzkoa<\/a> y <a href=\"\/es\/\">Hermanas Hospitalarias Aita Menni<\/a>, y que dar\u00e1 comienzo a las 18.00 horas\u2014, es que la sociedad visibilice la realidad que viven las personas con una lesi\u00f3n cerebral, as\u00ed como reivindicar su plena integraci\u00f3n y participaci\u00f3n social.<\/p>\n<h2>Eresmin Abesbatza<\/h2>\n<p>El coro de voces mixtas Ereismin comenz\u00f3 su andadura en el a\u00f1o 1995 gracias al liderazgo de la soprano <strong>Nekane Lasarte<\/strong> y al compromiso entusiasta de parte de su alumnado. Aunque en su primera etapa de vida el coro se orient\u00f3 hacia la m\u00fasica de la Edad Media y del Renacimiento, progresivamente ha ido ampliando y enriqueciendo su repertorio, incorporando canciones religiosas y populares cantadas en euskera y en otras lenguas. El coro durante ha participado en innumerables festivales y ciclos religiosos que forman parte de la historia y la labor musical desarrollada por la coral durante m\u00e1s de 25 a\u00f1os. Entre los m\u00e1s recientes, destaca el concierto ofrecido en el 2020 en el altar mayor de la catedral de Burgos.<\/p>\n<p>Hoy en d\u00eda hay dos aspectos importantes que caracterizan al coro Eresmin. Uno es su vertiente social, que se va desarrollando mediante conciertos solidarios, cuyo objetivo es recaudar fondos para ayudar a los campamentos de refugiados a trav\u00e9s de la ONG Zaporeak. El otro aspecto es su vertiente cultural, abierta a otros pueblos y culturas, porque sus componentes creen que el canto y la m\u00fasica son magn\u00edficos embajadores de la amistad y solidaridad entre las gentes. Por eso anualmente preparan varias salidas, tanto dentro como fuera de Euskadi.<\/p>\n<p>Hoy en d\u00eda Eresmin es un coro en crecimiento que est\u00e1 compuesto por 40 voces; un coro consolidado en buena parte gracias al trabajo realizado durante muchos a\u00f1os por su ex presidente <strong>I\u00f1aki Lizeaga<\/strong>. Por otro lado, la coral tiene la suerte de contar con la colaboraci\u00f3n del organista <strong>Periko Alkain<\/strong>\u00a0y con la inestimable labor que realiza su director <strong>Jaime Tejadas<\/strong>.<\/p>\n<h2>Otros actos en torno al D\u00eda del Da\u00f1o Cerebral Adquirido<\/h2>\n<p><img loading=\"lazy\" decoding=\"async\" class=\"alignnone wp-image-63323 size-full\" src=\"https:\/\/www.ospitalarioakfundazioaeuskadi.org\/wp-content\/uploads\/2023\/10\/II-Jornada-de-Prevencion-del-Dano-Cerebral-Adquirido.jpg\" alt=\"\" width=\"850\" height=\"1202\" title=\"\" srcset=\"https:\/\/ospitalarioakfundazioaeuskadi.org\/wp-content\/uploads\/2023\/10\/II-Jornada-de-Prevencion-del-Dano-Cerebral-Adquirido.jpg 850w, https:\/\/ospitalarioakfundazioaeuskadi.org\/wp-content\/uploads\/2023\/10\/II-Jornada-de-Prevencion-del-Dano-Cerebral-Adquirido-301x425.jpg 301w, https:\/\/ospitalarioakfundazioaeuskadi.org\/wp-content\/uploads\/2023\/10\/II-Jornada-de-Prevencion-del-Dano-Cerebral-Adquirido-768x1086.jpg 768w\" sizes=\"auto, (max-width: 850px) 100vw, 850px\" \/><\/p>\n<p>Adem\u00e1s del concierto junto con ATECE, tambi\u00e9n como cada a\u00f1o, las personas usuarias del <a href=\"https:\/\/ospitalarioakfundazioaeuskadi.org\/es\/unidad\/centro-dia-dano-cerebral-san-sebastian\/\">Centro de D\u00eda de Da\u00f1o Cerebral Aita Menni de Zuatzu<\/a> (Donostia) acudir\u00e1n el d\u00eda 26 a la mesa informativa que ATECE situar\u00e1 en la Plaza Gipuzkoa y donde se leer\u00e1 el manifiesto por el D\u00eda del Da\u00f1o Cerebral. Como es habitual, contaremos con la presencia de la diputada de Pol\u00edtica Social, <strong>Maite Pe\u00f1a<\/strong>.<\/p>\n<p>Las personas usuarias del <a href=\"https:\/\/ospitalarioakfundazioaeuskadi.org\/es\/?post_type=centro&#038;p=38712\">Centro de D\u00eda de Da\u00f1o Cerebral de Arrasate<\/a>, en su nueva ubicaci\u00f3n de Musakola, celebrar\u00e1n un campeonato de boccia en el barrio para dar a conocer la realidad de quienes viven con DCA y el deporte adaptado.<\/p>\n<p>El 25 de octubre de 18:00h a 19:30h se celebra en el Palacio Europa la <a href=\"https:\/\/www.atecearaba.org\/ii-jornada-de-prevencion-del-dano-cerebral-adquirido-programa\/\" target=\"_blank\" rel=\"noopener nofollow\">II Jornada de Prevenci\u00f3n del Da\u00f1o Cerebral Adquirido organizada por Atece Araba<\/a>. &#8216;Charlamos en torno al ictus. \u00bfC\u00f3mo puede afectar el estr\u00e9s?&#8217; La doctora <strong><a href=\"https:\/\/ospitalarioakfundazioaeuskadi.org\/es\/autor\/naiara-mimentza\/\">Naiara Mimentza<\/a>, <\/strong>neuropsic\u00f3loga del <a href=\"https:\/\/ospitalarioakfundazioaeuskadi.org\/es\/unidad\/dano-cerebral-hospitalizacion-mondragon\/\">Servicio de Da\u00f1o Cerebral de Hermanas Hospitalarias Aita Menni en Arrasate-Mondrag\u00f3n<\/a>, intentar\u00e1 dar respuestas a esa pregunta mediante su ponencia sobre estr\u00e9s, ansiedad e ictus.<\/p>\n","protected":false},"excerpt":{"rendered":"<div class=\"entry-summary\">\nEl 26 de octubre, D\u00eda del Da\u00f1o Cerebral Adquirido, a las 18.00 horas, la iglesia de San Vicente de Donostia acoger\u00e1 la actuaci\u00f3n, con entrada libre, del coro de voces mixtas Eresmin Abesbatza. Adem\u00e1s, acudiremos a la mesa informativa que se instalar\u00e1 en la Plaza Gipuzkoa, celebraremos un campeonato de boccia en Musakola y participaremos en la II Jornada de prevenci\u00f3n del DCA que tendr\u00e1 lugar en Vitoria y que se centrar\u00e1 en el estr\u00e9s como factor de riesgo de ictus.\n<\/div>\n<div class=\"link-more\"><a href=\"https:\/\/ospitalarioakfundazioaeuskadi.org\/es\/organizamos-junto-con-atece-el-ya-tradicional-concierto-de-apoyo-a-las-personas-con-dca\/\" class=\"more-link\">Seguir leyendo<span class=\"screen-reader-text\"> &ldquo;Organizamos junto con ATECE el ya tradicional concierto de apoyo a las personas con DCA&rdquo;<\/span>&hellip;<\/a><\/div>\n","protected":false},"author":5,"featured_media":63310,"comment_status":"closed","ping_status":"closed","sticky":false,"template":"","format":"standard","meta":{"footnotes":""},"categories":[646,1009],"tags":[],"linea-asistencial":[981],"class_list":["post-63305","post","type-post","status-publish","format-standard","has-post-thumbnail","hentry","category-aita-menni","category-dano-cerebral","linea-asistencial-3-dano-cerebral","entry"],"_links":{"self":[{"href":"https:\/\/ospitalarioakfundazioaeuskadi.org\/es\/wp-json\/wp\/v2\/posts\/63305","targetHints":{"allow":["GET"]}}],"collection":[{"href":"https:\/\/ospitalarioakfundazioaeuskadi.org\/es\/wp-json\/wp\/v2\/posts"}],"about":[{"href":"https:\/\/ospitalarioakfundazioaeuskadi.org\/es\/wp-json\/wp\/v2\/types\/post"}],"author":[{"embeddable":true,"href":"https:\/\/ospitalarioakfundazioaeuskadi.org\/es\/wp-json\/wp\/v2\/users\/5"}],"replies":[{"embeddable":true,"href":"https:\/\/ospitalarioakfundazioaeuskadi.org\/es\/wp-json\/wp\/v2\/comments?post=63305"}],"version-history":[{"count":5,"href":"https:\/\/ospitalarioakfundazioaeuskadi.org\/es\/wp-json\/wp\/v2\/posts\/63305\/revisions"}],"predecessor-version":[{"id":63414,"href":"https:\/\/ospitalarioakfundazioaeuskadi.org\/es\/wp-json\/wp\/v2\/posts\/63305\/revisions\/63414"}],"wp:featuredmedia":[{"embeddable":true,"href":"https:\/\/ospitalarioakfundazioaeuskadi.org\/es\/wp-json\/wp\/v2\/media\/63310"}],"wp:attachment":[{"href":"https:\/\/ospitalarioakfundazioaeuskadi.org\/es\/wp-json\/wp\/v2\/media?parent=63305"}],"wp:term":[{"taxonomy":"category","embeddable":true,"href":"https:\/\/ospitalarioakfundazioaeuskadi.org\/es\/wp-json\/wp\/v2\/categories?post=63305"},{"taxonomy":"post_tag","embeddable":true,"href":"https:\/\/ospitalarioakfundazioaeuskadi.org\/es\/wp-json\/wp\/v2\/tags?post=63305"},{"taxonomy":"linea-asistencial","embeddable":true,"href":"https:\/\/ospitalarioakfundazioaeuskadi.org\/es\/wp-json\/wp\/v2\/linea-asistencial?post=63305"}],"curies":[{"name":"wp","href":"https:\/\/api.w.org\/{rel}","templated":true}]}}