{"id":63341,"date":"2023-10-24T14:25:42","date_gmt":"2023-10-24T14:25:42","guid":{"rendered":"https:\/\/www.aita-menni.org\/?p=63341"},"modified":"2023-10-24T14:36:27","modified_gmt":"2023-10-24T14:36:27","slug":"santos-romera-exposicion-txurdinagabarri","status":"publish","type":"post","link":"https:\/\/ospitalarioakfundazioaeuskadi.org\/es\/santos-romera-exposicion-txurdinagabarri\/","title":{"rendered":"Nuestro residente Santos Romera expone \u00f3leos en Txurdinagabarri"},"content":{"rendered":"<p>Pr\u00f3ximo su 89\u00ba cumplea\u00f1os el 1 de noviembre, Santos Romera, residente de Txurdinagabarri, lo est\u00e1 celebrando de una manera especial: mostrando en los pasillos de la Residencia su arte, aunque rechaza, modesto, el calificativo de \u00abartista\u00bb.<\/p>\n<p>Una decena de sus cuadros al \u00f3leo, de diversos tama\u00f1os, pueden contemplarse en la galer\u00eda que rodea la planta baja de la Residencia y en la planta en la que Santos tiene su habitaci\u00f3n, un lugar que ya considera su casa. Su cuarto alberga tambi\u00e9n varias obras m\u00e1s, que \u00e9l exhibe con satisfacci\u00f3n pero tambi\u00e9n con cierta mirada cr\u00edtica, en el caso de aquellas obras que considera que no han quedado tan bien como \u00e9l quisiera.<\/p>\n<p>Santos se inici\u00f3 en la pintura a finales de la d\u00e9cada de los 80, tras jubilarse en la planta de Laminaci\u00f3n de Bandas en Fr\u00edo de Etxebarri, donde trabajaba como t\u00e9cnico en la oficina de Delineaci\u00f3n. Su esposa falleci\u00f3 poco despu\u00e9s y \u00e9l comenz\u00f3 a frecuentar el Centro de Jubilados de Santutxu, donde tomaba parte en las salidas al monte y excursiones y en el taller de pintura, \u00abque ten\u00eda una profesora encantadora que ense\u00f1aba muy bien\u00bb.<\/p>\n<p>All\u00ed comenz\u00f3 a aprender la t\u00e9cnica del \u00f3leo, que es la que m\u00e1s le gusta, y a conocer la obra de muchos grandes pintores, entre los que ha ido tomando sus referencias. Porque Santos reproduce obras de artistas que le gustan y tambi\u00e9n hace sus propias creaciones, normalmente paisajes o rincones de nuestros pueblos. Sus retratos son especialmente valorados por su familia, en la que encuentra a menudo modelos para sus obras. Y no s\u00f3lo se atreve con el estilo estrictamente figurativo, sino tambi\u00e9n con reproducciones de obras y autores como Dal\u00ed o Picasso. Una reproducci\u00f3n a peque\u00f1o tama\u00f1o del \u00abGuernica\u00bb del autor malague\u00f1o preside su habitaci\u00f3n.<\/p>\n<figure id=\"attachment_63372\" aria-describedby=\"caption-attachment-63372\" style=\"width: 850px\" class=\"wp-caption alignnone\"><a href=\"https:\/\/www.ospitalarioakfundazioaeuskadi.org\/wp-content\/uploads\/2023\/10\/20231023-exposicion-txurdinagabarri-4.jpg\"><img loading=\"lazy\" decoding=\"async\" class=\"size-full wp-image-63372\" src=\"https:\/\/www.ospitalarioakfundazioaeuskadi.org\/wp-content\/uploads\/2023\/10\/20231023-exposicion-txurdinagabarri-4.jpg\" alt=\"Reproducci\u00f3n de &quot;Guernica&quot; de Pablo Picasso\" width=\"850\" height=\"418\" title=\"\" srcset=\"https:\/\/ospitalarioakfundazioaeuskadi.org\/wp-content\/uploads\/2023\/10\/20231023-exposicion-txurdinagabarri-4.jpg 850w, https:\/\/ospitalarioakfundazioaeuskadi.org\/wp-content\/uploads\/2023\/10\/20231023-exposicion-txurdinagabarri-4-425x209.jpg 425w, https:\/\/ospitalarioakfundazioaeuskadi.org\/wp-content\/uploads\/2023\/10\/20231023-exposicion-txurdinagabarri-4-768x378.jpg 768w\" sizes=\"auto, (max-width: 850px) 100vw, 850px\" \/><\/a><figcaption id=\"caption-attachment-63372\" class=\"wp-caption-text\">Reproducci\u00f3n de \u00abGuernica\u00bb de Pablo Picasso.<\/figcaption><\/figure>\n<p>La necesidad de buscar una residencia para una convalecencia tras una estancia en el hospital le trajo a Txurdinagabarri. \u00abVimos alguna otra residencia, pero yo he sido vecino de Bolueta y Santutxu y aqu\u00ed estoy muy contento \u2014explica\u2014. El trato del personal es maravilloso, y como conozco la zona, me puedo dar alg\u00fan pase\u00edto\u00bb. \u00abAhora esto es ya mi casa\u00bb, asegura, mientras saluda con un \u00ab\u00a1Hola, guapas!\u00bb a las dos trabajadoras que llegan para arreglar la habitaci\u00f3n y que se dirigen a \u00e9l con el afecto que genera la convivencia diaria y el car\u00e1cter jovial y alegre de Santos.<\/p>\n<p>Los martes y los jueves por la ma\u00f1ana, su yerno le lleva en coche al Centro de Mayores de Santutxu, donde contin\u00faa con las clases de pintura. \u00abEl \u00faltimo que he hecho es la plaza de Durango. Tenemos una profesora que me ayuda much\u00edsimo \u2014alaba\u2014. Ella tiene todo el m\u00e9rito de lo que yo hago\u00bb. Alrededor de 15 personas asisten al taller de pintura, con las que tiene \u00abuna muy buena amistad\u00bb. Recuerda tambi\u00e9n con mucho cari\u00f1o las relaciones que forj\u00f3 en los viajes y excursiones que hac\u00eda con el Club de Jubilados y con la BBK, y que le llevaron a recorrer casi todo el territorio nacional y muchos museos \u00abcon unos amigos extraordinarios\u00bb. \u00abAhora me cuesta mucho andar\u00bb, lamenta, aunque a veces sale por los alrededores de la Residencia y los fines de semana suele ir a comer con su familia.<\/p>\n<p>Nos gu\u00eda mostr\u00e1ndonos los cuadros que expone: \u00abEste es de Elantxobe, y ese otro, de Bermeo. Tengo tambi\u00e9n dos de Sorolla, uno de Murillo y &#8216;Los girasoles&#8217; de Van Gogh\u00bb. \u00abSon muchas horas de trabajo con cada uno\u00bb, asegura. \u00abEs un artista\u00bb, asegura uno de sus compa\u00f1eros de planta que le saluda al pasar.<\/p>\n<div id='gallery-1' class='gallery galleryid-63341 gallery-columns-4 gallery-size-thumbnail'><figure class='gallery-item'>\n\t\t\t<div class='gallery-icon landscape'>\n\t\t\t\t<a href='https:\/\/ospitalarioakfundazioaeuskadi.org\/wp-content\/uploads\/2023\/10\/20231023-exposicion-txurdinagabarri-18.jpg'><img loading=\"lazy\" decoding=\"async\" width=\"200\" height=\"200\" src=\"https:\/\/ospitalarioakfundazioaeuskadi.org\/wp-content\/uploads\/2023\/10\/20231023-exposicion-txurdinagabarri-18-200x200.jpg\" class=\"attachment-thumbnail size-thumbnail\" alt=\"Reproducci\u00f3n de &quot;Paseo a orillas del mar&quot;, de Joaqu\u00edn Sorolla\" aria-describedby=\"gallery-1-63383\" title=\"\"><\/a>\n\t\t\t<\/div>\n\t\t\t\t<figcaption class='wp-caption-text gallery-caption' id='gallery-1-63383'>\n\t\t\t\tReproducci\u00f3n de \u00abPaseo a orillas del mar\u00bb, de Joaqu\u00edn Sorolla.\n\t\t\t\t<\/figcaption><\/figure><figure class='gallery-item'>\n\t\t\t<div class='gallery-icon landscape'>\n\t\t\t\t<a href='https:\/\/ospitalarioakfundazioaeuskadi.org\/wp-content\/uploads\/2023\/10\/20231023-exposicion-txurdinagabarri-11.jpg'><img loading=\"lazy\" decoding=\"async\" width=\"200\" height=\"200\" src=\"https:\/\/ospitalarioakfundazioaeuskadi.org\/wp-content\/uploads\/2023\/10\/20231023-exposicion-txurdinagabarri-11-200x200.jpg\" class=\"attachment-thumbnail size-thumbnail\" alt=\"Puerto de Ondarroa\" aria-describedby=\"gallery-1-63378\" title=\"\"><\/a>\n\t\t\t<\/div>\n\t\t\t\t<figcaption class='wp-caption-text gallery-caption' id='gallery-1-63378'>\n\t\t\t\tPuerto de Ondarroa.\n\t\t\t\t<\/figcaption><\/figure><figure class='gallery-item'>\n\t\t\t<div class='gallery-icon landscape'>\n\t\t\t\t<a href='https:\/\/ospitalarioakfundazioaeuskadi.org\/wp-content\/uploads\/2023\/10\/20231023-exposicion-txurdinagabarri-10.jpg'><img loading=\"lazy\" decoding=\"async\" width=\"200\" height=\"200\" src=\"https:\/\/ospitalarioakfundazioaeuskadi.org\/wp-content\/uploads\/2023\/10\/20231023-exposicion-txurdinagabarri-10-200x200.jpg\" class=\"attachment-thumbnail size-thumbnail\" alt=\"Reproducci\u00f3n de &quot;Vuelta a la pesca&quot; de Joaqu\u00edn Sorolla.\" aria-describedby=\"gallery-1-63376\" title=\"\"><\/a>\n\t\t\t<\/div>\n\t\t\t\t<figcaption class='wp-caption-text gallery-caption' id='gallery-1-63376'>\n\t\t\t\tReproducci\u00f3n de \u00abVuelta a la pesca\u00bb de Joaqu\u00edn Sorolla.\n\t\t\t\t<\/figcaption><\/figure><figure class='gallery-item'>\n\t\t\t<div class='gallery-icon portrait'>\n\t\t\t\t<a href='https:\/\/ospitalarioakfundazioaeuskadi.org\/wp-content\/uploads\/2023\/10\/20231023-exposicion-txurdinagabarri-7.jpg'><img loading=\"lazy\" decoding=\"async\" width=\"200\" height=\"200\" src=\"https:\/\/ospitalarioakfundazioaeuskadi.org\/wp-content\/uploads\/2023\/10\/20231023-exposicion-txurdinagabarri-7-200x200.jpg\" class=\"attachment-thumbnail size-thumbnail\" alt=\"Reproducci\u00f3n de &quot;Ni\u00f1os comiendo uvas y mel\u00f3n&quot;, de Esteban Murillo\" aria-describedby=\"gallery-1-63374\" title=\"\"><\/a>\n\t\t\t<\/div>\n\t\t\t\t<figcaption class='wp-caption-text gallery-caption' id='gallery-1-63374'>\n\t\t\t\tReproducci\u00f3n de \u00abNi\u00f1os comiendo uvas y mel\u00f3n\u00bb, de Esteban Murillo.\n\t\t\t\t<\/figcaption><\/figure><figure class='gallery-item'>\n\t\t\t<div class='gallery-icon landscape'>\n\t\t\t\t<a href='https:\/\/ospitalarioakfundazioaeuskadi.org\/wp-content\/uploads\/2023\/10\/20231023-exposicion-txurdinagabarri-3.jpg'><img loading=\"lazy\" decoding=\"async\" width=\"200\" height=\"200\" src=\"https:\/\/ospitalarioakfundazioaeuskadi.org\/wp-content\/uploads\/2023\/10\/20231023-exposicion-txurdinagabarri-3-200x200.jpg\" class=\"attachment-thumbnail size-thumbnail\" alt=\"El muelle de Arriluce, Getxo\" aria-describedby=\"gallery-1-63370\" title=\"\"><\/a>\n\t\t\t<\/div>\n\t\t\t\t<figcaption class='wp-caption-text gallery-caption' id='gallery-1-63370'>\n\t\t\t\tEl muelle de Arriluce, Getxo.\n\t\t\t\t<\/figcaption><\/figure><figure class='gallery-item'>\n\t\t\t<div class='gallery-icon landscape'>\n\t\t\t\t<a href='https:\/\/ospitalarioakfundazioaeuskadi.org\/wp-content\/uploads\/2023\/10\/20231023-exposicion-txurdinagabarri-2.jpg'><img loading=\"lazy\" decoding=\"async\" width=\"200\" height=\"200\" src=\"https:\/\/ospitalarioakfundazioaeuskadi.org\/wp-content\/uploads\/2023\/10\/20231023-exposicion-txurdinagabarri-2-200x200.jpg\" class=\"attachment-thumbnail size-thumbnail\" alt=\"\" title=\"\"><\/a>\n\t\t\t<\/div><\/figure><figure class='gallery-item'>\n\t\t\t<div class='gallery-icon portrait'>\n\t\t\t\t<a href='https:\/\/ospitalarioakfundazioaeuskadi.org\/wp-content\/uploads\/2023\/10\/20231023-exposicion-txurdinagabarri-9-copia.jpg'><img loading=\"lazy\" decoding=\"async\" width=\"200\" height=\"200\" src=\"https:\/\/ospitalarioakfundazioaeuskadi.org\/wp-content\/uploads\/2023\/10\/20231023-exposicion-txurdinagabarri-9-copia-200x200.jpg\" class=\"attachment-thumbnail size-thumbnail\" alt=\"Reproducci\u00f3n de &quot;Jarr\u00f3n con catorce girasoles&quot; de Vincent Van Gogh.\" aria-describedby=\"gallery-1-63366\" title=\"\"><\/a>\n\t\t\t<\/div>\n\t\t\t\t<figcaption class='wp-caption-text gallery-caption' id='gallery-1-63366'>\n\t\t\t\tReproducci\u00f3n de \u00abJarr\u00f3n con catorce girasoles\u00bb de Vincent Van Gogh.\n\t\t\t\t<\/figcaption><\/figure><figure class='gallery-item'>\n\t\t\t<div class='gallery-icon landscape'>\n\t\t\t\t<a href='https:\/\/ospitalarioakfundazioaeuskadi.org\/wp-content\/uploads\/2023\/10\/20231023-exposicion-txurdinagabarri-8-copia.jpg'><img loading=\"lazy\" decoding=\"async\" width=\"200\" height=\"200\" src=\"https:\/\/ospitalarioakfundazioaeuskadi.org\/wp-content\/uploads\/2023\/10\/20231023-exposicion-txurdinagabarri-8-copia-200x200.jpg\" class=\"attachment-thumbnail size-thumbnail\" alt=\"Puerto de Elantxobe\" aria-describedby=\"gallery-1-63364\" title=\"\"><\/a>\n\t\t\t<\/div>\n\t\t\t\t<figcaption class='wp-caption-text gallery-caption' id='gallery-1-63364'>\n\t\t\t\tPuerto de Elantxobe.\n\t\t\t\t<\/figcaption><\/figure>\n\t\t<\/div>\n\n<p>Santos nos muestra uno de los cuadros de la exposici\u00f3n, y un recorte plastificado de un peri\u00f3dico del a\u00f1o 2012, en el que se ve una fotograf\u00eda del cuadro original, y bajo ella, el titular \u00ab&#8216;La esclusa&#8217; de John Constable, vendido por 28 millones\u00bb. Se trata de una obra que era propiedad del Museo Thyssen y cuya venta aquel a\u00f1o, realizada por la baronesa Thyssen, provoc\u00f3 las cr\u00edticas y posterior dimisi\u00f3n del principal patrono de la Fundaci\u00f3n Colecci\u00f3n Thyssen-Bornemisza, Norman Rosenthal. \u00abIgual podr\u00edamos sacar algo por \u00e9ste\u00bb, bromeamos.<\/p>\n<figure id=\"attachment_63354\" aria-describedby=\"caption-attachment-63354\" style=\"width: 710px\" class=\"wp-caption alignnone\"><img loading=\"lazy\" decoding=\"async\" class=\"size-full wp-image-63354\" src=\"https:\/\/www.ospitalarioakfundazioaeuskadi.org\/wp-content\/uploads\/2023\/10\/20231023-exposicion-txurdinagabarri-1.jpg\" alt=\"Reproducci\u00f3n de &quot;La esclusa&quot; de John Constable\" width=\"710\" height=\"850\" title=\"\" srcset=\"https:\/\/ospitalarioakfundazioaeuskadi.org\/wp-content\/uploads\/2023\/10\/20231023-exposicion-txurdinagabarri-1.jpg 710w, https:\/\/ospitalarioakfundazioaeuskadi.org\/wp-content\/uploads\/2023\/10\/20231023-exposicion-txurdinagabarri-1-355x425.jpg 355w\" sizes=\"auto, (max-width: 710px) 100vw, 710px\" \/><figcaption id=\"caption-attachment-63354\" class=\"wp-caption-text\">Reproducci\u00f3n de \u00abLa esclusa\u00bb de John Constable.<\/figcaption><\/figure>\n<p>A Santos le queda la pena de que tiene muchas m\u00e1s obras que no pueden exponerse en la Residencia Txurdinagabarri \u00abporque aqu\u00ed no se pueden hacer agujeros en las paredes y s\u00f3lo se pueden aprovechar los sitios en los que ya hay agujeros hechos o colgarlos con otros sistemas\u00bb.<\/p>\n<p>A buen seguro que habr\u00e1 otras oportunidades de mostrar m\u00e1s cuadros de nuestro residente. Mientras tanto, sus compa\u00f1eros y quienes visitan el centro pueden disfrutar de una peque\u00f1a parte de su colecci\u00f3n.<\/p>\n<div id='gallery-2' class='gallery galleryid-63341 gallery-columns-4 gallery-size-thumbnail'><figure class='gallery-item'>\n\t\t\t<div class='gallery-icon portrait'>\n\t\t\t\t<a href='https:\/\/ospitalarioakfundazioaeuskadi.org\/wp-content\/uploads\/2023\/10\/20231023-txurdinagabarri-exposicion-13.jpg'><img loading=\"lazy\" decoding=\"async\" width=\"200\" height=\"200\" src=\"https:\/\/ospitalarioakfundazioaeuskadi.org\/wp-content\/uploads\/2023\/10\/20231023-txurdinagabarri-exposicion-13-200x200.jpg\" class=\"attachment-thumbnail size-thumbnail\" alt=\"\" title=\"\"><\/a>\n\t\t\t<\/div><\/figure><figure class='gallery-item'>\n\t\t\t<div class='gallery-icon portrait'>\n\t\t\t\t<a href='https:\/\/ospitalarioakfundazioaeuskadi.org\/wp-content\/uploads\/2023\/10\/20231023-txurdinagabarri-exposicion-14.jpg'><img loading=\"lazy\" decoding=\"async\" width=\"200\" height=\"200\" src=\"https:\/\/ospitalarioakfundazioaeuskadi.org\/wp-content\/uploads\/2023\/10\/20231023-txurdinagabarri-exposicion-14-200x200.jpg\" class=\"attachment-thumbnail size-thumbnail\" alt=\"\" title=\"\"><\/a>\n\t\t\t<\/div><\/figure><figure class='gallery-item'>\n\t\t\t<div class='gallery-icon portrait'>\n\t\t\t\t<a href='https:\/\/ospitalarioakfundazioaeuskadi.org\/wp-content\/uploads\/2023\/10\/20231023-txurdinagabarri-exposicion-15.jpg'><img loading=\"lazy\" decoding=\"async\" width=\"200\" height=\"200\" src=\"https:\/\/ospitalarioakfundazioaeuskadi.org\/wp-content\/uploads\/2023\/10\/20231023-txurdinagabarri-exposicion-15-200x200.jpg\" class=\"attachment-thumbnail size-thumbnail\" alt=\"\" title=\"\"><\/a>\n\t\t\t<\/div><\/figure><figure class='gallery-item'>\n\t\t\t<div class='gallery-icon portrait'>\n\t\t\t\t<a href='https:\/\/ospitalarioakfundazioaeuskadi.org\/wp-content\/uploads\/2023\/10\/20231023-txurdinagabarri-exposicion-16.jpg'><img loading=\"lazy\" decoding=\"async\" width=\"200\" height=\"200\" src=\"https:\/\/ospitalarioakfundazioaeuskadi.org\/wp-content\/uploads\/2023\/10\/20231023-txurdinagabarri-exposicion-16-200x200.jpg\" class=\"attachment-thumbnail size-thumbnail\" alt=\"\" title=\"\"><\/a>\n\t\t\t<\/div><\/figure>\n\t\t<\/div>\n\n","protected":false},"excerpt":{"rendered":"<div class=\"entry-summary\">\nSantos Romera, residente de la Residencia de mayores Txurdinagabarri, expone durante el mes de octubre en el centro algunos de sus \u00f3leos, reproducciones de cuadros destacados de la Historia de la Pintura y tambi\u00e9n obras propias.\n<\/div>\n<div class=\"link-more\"><a href=\"https:\/\/ospitalarioakfundazioaeuskadi.org\/es\/santos-romera-exposicion-txurdinagabarri\/\" class=\"more-link\">Seguir leyendo<span class=\"screen-reader-text\"> &ldquo;Nuestro residente Santos Romera expone \u00f3leos en Txurdinagabarri&rdquo;<\/span>&hellip;<\/a><\/div>\n","protected":false},"author":1,"featured_media":63352,"comment_status":"closed","ping_status":"closed","sticky":false,"template":"","format":"standard","meta":{"footnotes":""},"categories":[646,656,648],"tags":[],"linea-asistencial":[980],"class_list":["post-63341","post","type-post","status-publish","format-standard","has-post-thumbnail","hentry","category-aita-menni","category-bilbao-centro-de-dia-de-personas-mayores-txurdinagabarri-bilbao","category-residencia-txurdinagabarri-bilbao","linea-asistencial-4-persona-mayor","entry"],"_links":{"self":[{"href":"https:\/\/ospitalarioakfundazioaeuskadi.org\/es\/wp-json\/wp\/v2\/posts\/63341","targetHints":{"allow":["GET"]}}],"collection":[{"href":"https:\/\/ospitalarioakfundazioaeuskadi.org\/es\/wp-json\/wp\/v2\/posts"}],"about":[{"href":"https:\/\/ospitalarioakfundazioaeuskadi.org\/es\/wp-json\/wp\/v2\/types\/post"}],"author":[{"embeddable":true,"href":"https:\/\/ospitalarioakfundazioaeuskadi.org\/es\/wp-json\/wp\/v2\/users\/1"}],"replies":[{"embeddable":true,"href":"https:\/\/ospitalarioakfundazioaeuskadi.org\/es\/wp-json\/wp\/v2\/comments?post=63341"}],"version-history":[{"count":3,"href":"https:\/\/ospitalarioakfundazioaeuskadi.org\/es\/wp-json\/wp\/v2\/posts\/63341\/revisions"}],"predecessor-version":[{"id":63394,"href":"https:\/\/ospitalarioakfundazioaeuskadi.org\/es\/wp-json\/wp\/v2\/posts\/63341\/revisions\/63394"}],"wp:featuredmedia":[{"embeddable":true,"href":"https:\/\/ospitalarioakfundazioaeuskadi.org\/es\/wp-json\/wp\/v2\/media\/63352"}],"wp:attachment":[{"href":"https:\/\/ospitalarioakfundazioaeuskadi.org\/es\/wp-json\/wp\/v2\/media?parent=63341"}],"wp:term":[{"taxonomy":"category","embeddable":true,"href":"https:\/\/ospitalarioakfundazioaeuskadi.org\/es\/wp-json\/wp\/v2\/categories?post=63341"},{"taxonomy":"post_tag","embeddable":true,"href":"https:\/\/ospitalarioakfundazioaeuskadi.org\/es\/wp-json\/wp\/v2\/tags?post=63341"},{"taxonomy":"linea-asistencial","embeddable":true,"href":"https:\/\/ospitalarioakfundazioaeuskadi.org\/es\/wp-json\/wp\/v2\/linea-asistencial?post=63341"}],"curies":[{"name":"wp","href":"https:\/\/api.w.org\/{rel}","templated":true}]}}