{"id":63415,"date":"2023-10-25T14:09:33","date_gmt":"2023-10-25T14:09:33","guid":{"rendered":"https:\/\/www.aita-menni.org\/?p=63415"},"modified":"2023-10-25T14:09:33","modified_gmt":"2023-10-25T14:09:33","slug":"paradisu-pertsonalak-proyecto-artistico-residentes-barandiaran","status":"publish","type":"post","link":"https:\/\/ospitalarioakfundazioaeuskadi.org\/es\/paradisu-pertsonalak-proyecto-artistico-residentes-barandiaran\/","title":{"rendered":"\u00abParadisu pertsonalak\u00bb, un proyecto art\u00edstico con residentes de Barandiaran"},"content":{"rendered":"<p>Tras su paso por la Residencia Joxe Miel Barandiaran, el viernes 27 de octubre, a las 18.00 horas, se inaugura en el teatro San Agust\u00edn de Durango la <strong>exposici\u00f3n \u00abParadisu pertsonalak\u00bb<\/strong> (\u00abPara\u00edsos personales\u00bb), un proyecto art\u00edstico de <a href=\"https:\/\/www.instagram.com\/hospitalaria_artworks\/\" target=\"_blank\" rel=\"nofollow noopener\">Helena Gonz\u00e1lez S\u00e1ez<\/a> en el que han tomado parte cinco de nuestros residentes: Marije Sanz, Txema Azpitarte, Jes\u00fas Gonz\u00e1lez, Germ\u00e1n de Cos y Luisma Tangido.<\/p>\n<p>En la exposici\u00f3n podemos ver el proceso de trabajo que la artista Helena Gonz\u00e1lez ha ido impulsando y realizando con ellos a lo largo de tres meses. A partir de los intereses propios de cada residente, la artista ha ido creando su peque\u00f1o para\u00edso en las maquetas que se presentan en esta exposici\u00f3n. El juego con la escala ha sido protagonista en este proceso, primero a trav\u00e9s del dibujo, la fotograf\u00eda, el gesto, o el collage, e incluso m\u00e1s adelante con la animaci\u00f3n, usando figuras de maquetaci\u00f3n.<\/p>\n<p>En las escenas que han elaborado se ha puesto en relaci\u00f3n la propia imagen con otros contextos, creando sus propios mundos en miniatura. Helena cree en la creaci\u00f3n art\u00edstica como elemento para impulsar el desarrollo personal y compartir saberes a trav\u00e9s de la convivencia.<\/p>\n<p>Este proyecto forma parte del programa de residencias <strong>BBK Art(e)gileak<\/strong> que financia la Fundaci\u00f3n BBK y que coordina la asociaci\u00f3n <a href=\"https:\/\/antespacio.com\/\" target=\"_blank\" rel=\"nofollow noopener\">ANTespacio<\/a>. En esta iniciativa se impulsan residencias de artistas en centros sociales para llevar a cabo proyectos de cocreaci\u00f3n art\u00edstica,\u00a0con el objetivo de generar contextos para la creaci\u00f3n a trav\u00e9s del di\u00e1logo con las personas usuarias de centros sociales situados en Bizkaia. La intenci\u00f3n es estimular el intercambio, la creatividad, la experimentaci\u00f3n, la imaginaci\u00f3n y la innovaci\u00f3n de las personas creadoras y de sus colaboradores.<\/p>\n<p>Fotos: <a href=\"https:\/\/www.instagram.com\/hospitalaria_artworks\/\" rel=\"nofollow noopener\" target=\"_blank\">Helena Gonz\u00e1lez<\/a>.<\/p>\n<figure id=\"attachment_63418\" aria-describedby=\"caption-attachment-63418\" style=\"width: 850px\" class=\"wp-caption alignnone\"><img loading=\"lazy\" decoding=\"async\" class=\"size-full wp-image-63418\" src=\"https:\/\/www.ospitalarioakfundazioaeuskadi.org\/wp-content\/uploads\/2023\/10\/20231025-residencia-durango-paradisu-pertsonalak-1.jpg\" alt=\"Varias personas sentadas en torno a una mesa en la Residencia Barandiaran de Durango\" width=\"850\" height=\"850\" title=\"\" srcset=\"https:\/\/ospitalarioakfundazioaeuskadi.org\/wp-content\/uploads\/2023\/10\/20231025-residencia-durango-paradisu-pertsonalak-1.jpg 850w, https:\/\/ospitalarioakfundazioaeuskadi.org\/wp-content\/uploads\/2023\/10\/20231025-residencia-durango-paradisu-pertsonalak-1-425x425.jpg 425w, https:\/\/ospitalarioakfundazioaeuskadi.org\/wp-content\/uploads\/2023\/10\/20231025-residencia-durango-paradisu-pertsonalak-1-200x200.jpg 200w, https:\/\/ospitalarioakfundazioaeuskadi.org\/wp-content\/uploads\/2023\/10\/20231025-residencia-durango-paradisu-pertsonalak-1-768x768.jpg 768w\" sizes=\"auto, (max-width: 850px) 100vw, 850px\" \/><figcaption id=\"caption-attachment-63418\" class=\"wp-caption-text\">Primera reuni\u00f3n del proyecto en la Residencia Barandiaran de Durango.<\/figcaption><\/figure>\n<figure id=\"attachment_63424\" aria-describedby=\"caption-attachment-63424\" style=\"width: 850px\" class=\"wp-caption alignnone\"><img loading=\"lazy\" decoding=\"async\" class=\"wp-image-63424 size-full\" src=\"https:\/\/www.ospitalarioakfundazioaeuskadi.org\/wp-content\/uploads\/2023\/10\/20231025-residencia-durango-paradisu-pertsonalak-4.jpg\" alt=\"Tres tr\u00edpodes, y sobre cada uno de ellos una caja con un visor para mirar dentro\" width=\"850\" height=\"850\" title=\"\" srcset=\"https:\/\/ospitalarioakfundazioaeuskadi.org\/wp-content\/uploads\/2023\/10\/20231025-residencia-durango-paradisu-pertsonalak-4.jpg 850w, https:\/\/ospitalarioakfundazioaeuskadi.org\/wp-content\/uploads\/2023\/10\/20231025-residencia-durango-paradisu-pertsonalak-4-425x425.jpg 425w, https:\/\/ospitalarioakfundazioaeuskadi.org\/wp-content\/uploads\/2023\/10\/20231025-residencia-durango-paradisu-pertsonalak-4-200x200.jpg 200w, https:\/\/ospitalarioakfundazioaeuskadi.org\/wp-content\/uploads\/2023\/10\/20231025-residencia-durango-paradisu-pertsonalak-4-768x768.jpg 768w\" sizes=\"auto, (max-width: 850px) 100vw, 850px\" \/><figcaption id=\"caption-attachment-63424\" class=\"wp-caption-text\">Algunas de las obras, en la Residencia.<\/figcaption><\/figure>\n<p>El proceso creativo y el resultado final:<\/p>\n<div id='gallery-1' class='gallery galleryid-63415 gallery-columns-3 gallery-size-thumbnail'><figure class='gallery-item'>\n\t\t\t<div class='gallery-icon landscape'>\n\t\t\t\t<a href=\"https:\/\/ospitalarioakfundazioaeuskadi.org\/wp-content\/uploads\/2023\/10\/20231025-residencia-durango-paradisu-pertsonalak-3.jpg\"><img loading=\"lazy\" decoding=\"async\" width=\"200\" height=\"200\" src=\"https:\/\/ospitalarioakfundazioaeuskadi.org\/wp-content\/uploads\/2023\/10\/20231025-residencia-durango-paradisu-pertsonalak-3-200x200.jpg\" class=\"attachment-thumbnail size-thumbnail\" alt=\"\" srcset=\"https:\/\/ospitalarioakfundazioaeuskadi.org\/wp-content\/uploads\/2023\/10\/20231025-residencia-durango-paradisu-pertsonalak-3-200x200.jpg 200w, https:\/\/ospitalarioakfundazioaeuskadi.org\/wp-content\/uploads\/2023\/10\/20231025-residencia-durango-paradisu-pertsonalak-3-425x425.jpg 425w, https:\/\/ospitalarioakfundazioaeuskadi.org\/wp-content\/uploads\/2023\/10\/20231025-residencia-durango-paradisu-pertsonalak-3-768x768.jpg 768w, https:\/\/ospitalarioakfundazioaeuskadi.org\/wp-content\/uploads\/2023\/10\/20231025-residencia-durango-paradisu-pertsonalak-3.jpg 850w\" sizes=\"auto, (max-width: 200px) 100vw, 200px\" title=\"\"><\/a>\n\t\t\t<\/div><\/figure><figure class='gallery-item'>\n\t\t\t<div class='gallery-icon landscape'>\n\t\t\t\t<a href=\"https:\/\/ospitalarioakfundazioaeuskadi.org\/wp-content\/uploads\/2023\/10\/20231025-residencia-durango-paradisu-pertsonalak-2.jpg\"><img loading=\"lazy\" decoding=\"async\" width=\"200\" height=\"200\" src=\"https:\/\/ospitalarioakfundazioaeuskadi.org\/wp-content\/uploads\/2023\/10\/20231025-residencia-durango-paradisu-pertsonalak-2-200x200.jpg\" class=\"attachment-thumbnail size-thumbnail\" alt=\"\" srcset=\"https:\/\/ospitalarioakfundazioaeuskadi.org\/wp-content\/uploads\/2023\/10\/20231025-residencia-durango-paradisu-pertsonalak-2-200x200.jpg 200w, https:\/\/ospitalarioakfundazioaeuskadi.org\/wp-content\/uploads\/2023\/10\/20231025-residencia-durango-paradisu-pertsonalak-2-425x425.jpg 425w, https:\/\/ospitalarioakfundazioaeuskadi.org\/wp-content\/uploads\/2023\/10\/20231025-residencia-durango-paradisu-pertsonalak-2-768x768.jpg 768w, https:\/\/ospitalarioakfundazioaeuskadi.org\/wp-content\/uploads\/2023\/10\/20231025-residencia-durango-paradisu-pertsonalak-2.jpg 850w\" sizes=\"auto, (max-width: 200px) 100vw, 200px\" title=\"\"><\/a>\n\t\t\t<\/div><\/figure><figure class='gallery-item'>\n\t\t\t<div class='gallery-icon portrait'>\n\t\t\t\t<a href=\"https:\/\/ospitalarioakfundazioaeuskadi.org\/wp-content\/uploads\/2023\/10\/20231025-residencia-durango-paradisu-pertsonalak-8.jpg\"><img loading=\"lazy\" decoding=\"async\" width=\"200\" height=\"200\" src=\"https:\/\/ospitalarioakfundazioaeuskadi.org\/wp-content\/uploads\/2023\/10\/20231025-residencia-durango-paradisu-pertsonalak-8-200x200.jpg\" class=\"attachment-thumbnail size-thumbnail\" alt=\"\" title=\"\"><\/a>\n\t\t\t<\/div><\/figure><figure class='gallery-item'>\n\t\t\t<div class='gallery-icon portrait'>\n\t\t\t\t<a href=\"https:\/\/ospitalarioakfundazioaeuskadi.org\/wp-content\/uploads\/2023\/10\/20231025-residencia-durango-paradisu-pertsonalak-7.jpg\"><img loading=\"lazy\" decoding=\"async\" width=\"200\" height=\"200\" src=\"https:\/\/ospitalarioakfundazioaeuskadi.org\/wp-content\/uploads\/2023\/10\/20231025-residencia-durango-paradisu-pertsonalak-7-200x200.jpg\" class=\"attachment-thumbnail size-thumbnail\" alt=\"\" title=\"\"><\/a>\n\t\t\t<\/div><\/figure><figure class='gallery-item'>\n\t\t\t<div class='gallery-icon portrait'>\n\t\t\t\t<a href=\"https:\/\/ospitalarioakfundazioaeuskadi.org\/wp-content\/uploads\/2023\/10\/20231025-residencia-durango-paradisu-pertsonalak-6.jpg\"><img loading=\"lazy\" decoding=\"async\" width=\"200\" height=\"200\" src=\"https:\/\/ospitalarioakfundazioaeuskadi.org\/wp-content\/uploads\/2023\/10\/20231025-residencia-durango-paradisu-pertsonalak-6-200x200.jpg\" class=\"attachment-thumbnail size-thumbnail\" alt=\"\" title=\"\"><\/a>\n\t\t\t<\/div><\/figure><figure class='gallery-item'>\n\t\t\t<div class='gallery-icon landscape'>\n\t\t\t\t<a href=\"https:\/\/ospitalarioakfundazioaeuskadi.org\/wp-content\/uploads\/2023\/10\/20231025-residencia-durango-paradisu-pertsonalak-5.jpg\"><img loading=\"lazy\" decoding=\"async\" width=\"200\" height=\"200\" src=\"https:\/\/ospitalarioakfundazioaeuskadi.org\/wp-content\/uploads\/2023\/10\/20231025-residencia-durango-paradisu-pertsonalak-5-200x200.jpg\" class=\"attachment-thumbnail size-thumbnail\" alt=\"\" srcset=\"https:\/\/ospitalarioakfundazioaeuskadi.org\/wp-content\/uploads\/2023\/10\/20231025-residencia-durango-paradisu-pertsonalak-5-200x200.jpg 200w, https:\/\/ospitalarioakfundazioaeuskadi.org\/wp-content\/uploads\/2023\/10\/20231025-residencia-durango-paradisu-pertsonalak-5-425x425.jpg 425w, https:\/\/ospitalarioakfundazioaeuskadi.org\/wp-content\/uploads\/2023\/10\/20231025-residencia-durango-paradisu-pertsonalak-5-768x768.jpg 768w, https:\/\/ospitalarioakfundazioaeuskadi.org\/wp-content\/uploads\/2023\/10\/20231025-residencia-durango-paradisu-pertsonalak-5.jpg 850w\" sizes=\"auto, (max-width: 200px) 100vw, 200px\" title=\"\"><\/a>\n\t\t\t<\/div><\/figure>\n\t\t<\/div>\n\n<p>&nbsp;<\/p>\n","protected":false},"excerpt":{"rendered":"<div class=\"entry-summary\">\nResidentes de la Residencia Joxe Miel de Barandiaran de Durango han tomado parte durante tres meses en un proyecto de la artista Helena Gonz\u00e1lez, que ser\u00e1 presentado el viernes 27 de octubre a las 18.00 horas en el teatro San Agust\u00edn de la localidad.\n<\/div>\n<div class=\"link-more\"><a href=\"https:\/\/ospitalarioakfundazioaeuskadi.org\/es\/paradisu-pertsonalak-proyecto-artistico-residentes-barandiaran\/\" class=\"more-link\">Seguir leyendo<span class=\"screen-reader-text\"> &ldquo;\u00abParadisu pertsonalak\u00bb, un proyecto art\u00edstico con residentes de Barandiaran&rdquo;<\/span>&hellip;<\/a><\/div>\n","protected":false},"author":1,"featured_media":63434,"comment_status":"closed","ping_status":"closed","sticky":false,"template":"","format":"standard","meta":{"footnotes":""},"categories":[646,655,650],"tags":[],"linea-asistencial":[980],"class_list":["post-63415","post","type-post","status-publish","format-standard","has-post-thumbnail","hentry","category-aita-menni","category-centro-dia-personas-mayores-durango-acceso-de-familiares","category-residencia-joxe-miel-barandiaran-durango","linea-asistencial-4-persona-mayor","entry"],"_links":{"self":[{"href":"https:\/\/ospitalarioakfundazioaeuskadi.org\/es\/wp-json\/wp\/v2\/posts\/63415","targetHints":{"allow":["GET"]}}],"collection":[{"href":"https:\/\/ospitalarioakfundazioaeuskadi.org\/es\/wp-json\/wp\/v2\/posts"}],"about":[{"href":"https:\/\/ospitalarioakfundazioaeuskadi.org\/es\/wp-json\/wp\/v2\/types\/post"}],"author":[{"embeddable":true,"href":"https:\/\/ospitalarioakfundazioaeuskadi.org\/es\/wp-json\/wp\/v2\/users\/1"}],"replies":[{"embeddable":true,"href":"https:\/\/ospitalarioakfundazioaeuskadi.org\/es\/wp-json\/wp\/v2\/comments?post=63415"}],"version-history":[{"count":3,"href":"https:\/\/ospitalarioakfundazioaeuskadi.org\/es\/wp-json\/wp\/v2\/posts\/63415\/revisions"}],"predecessor-version":[{"id":63439,"href":"https:\/\/ospitalarioakfundazioaeuskadi.org\/es\/wp-json\/wp\/v2\/posts\/63415\/revisions\/63439"}],"wp:featuredmedia":[{"embeddable":true,"href":"https:\/\/ospitalarioakfundazioaeuskadi.org\/es\/wp-json\/wp\/v2\/media\/63434"}],"wp:attachment":[{"href":"https:\/\/ospitalarioakfundazioaeuskadi.org\/es\/wp-json\/wp\/v2\/media?parent=63415"}],"wp:term":[{"taxonomy":"category","embeddable":true,"href":"https:\/\/ospitalarioakfundazioaeuskadi.org\/es\/wp-json\/wp\/v2\/categories?post=63415"},{"taxonomy":"post_tag","embeddable":true,"href":"https:\/\/ospitalarioakfundazioaeuskadi.org\/es\/wp-json\/wp\/v2\/tags?post=63415"},{"taxonomy":"linea-asistencial","embeddable":true,"href":"https:\/\/ospitalarioakfundazioaeuskadi.org\/es\/wp-json\/wp\/v2\/linea-asistencial?post=63415"}],"curies":[{"name":"wp","href":"https:\/\/api.w.org\/{rel}","templated":true}]}}