{"id":63447,"date":"2023-10-27T10:58:09","date_gmt":"2023-10-27T10:58:09","guid":{"rendered":"https:\/\/www.aita-menni.org\/?p=63447"},"modified":"2023-10-27T15:14:56","modified_gmt":"2023-10-27T15:14:56","slug":"dia-dano-cerebral-2023","status":"publish","type":"post","link":"https:\/\/ospitalarioakfundazioaeuskadi.org\/es\/dia-dano-cerebral-2023\/","title":{"rendered":"Celebramos con ATECE Gipuzkoa el D\u00eda del Da\u00f1o Cerebral 2023 en Donostia"},"content":{"rendered":"<p>Como cada 26 de octubre, <a href=\"\/es\/\">Hermanas Hospitalarias Aita Menni<\/a> celebr\u00f3 el <strong>D\u00eda del Da\u00f1o Cerebral<\/strong> acompa\u00f1ando y mostrando su apoyo a las personas afectadas y sus familias. A pesar de la lluvia, las personas usuarias del <a href=\"https:\/\/ospitalarioakfundazioaeuskadi.org\/es\/unidad\/centro-dia-dano-cerebral-san-sebastian\/\">Centro de D\u00eda de Da\u00f1o Cerebral Aita Menni de Zuatzu<\/a> se trasladaron a la mesa informativa de <a href=\"https:\/\/www.atecegipuzkoa.org\/\" target=\"_blank\" rel=\"nofollow noopener\">ATECE Gipuzkoa<\/a> en Donostia-San Sebasti\u00e1n donde repartieron folletos y explicaron la realidad que rodea al da\u00f1o cerebral para concienciar a la sociedad. Este a\u00f1o, en la l\u00ednea marcada por la Federaci\u00f3n Espa\u00f1ola de Da\u00f1o Cerebral, FEDACE, se destac\u00f3 la necesidad de hacer visible lo invisible, es decir, de mostrar que el DCA puede tener muchas secuelas, y que no todas quedan de manifiesto a primera vista. La diputada general de Gipuzkoa,\u00a0<strong>Eider Mendoza<\/strong>, se acerc\u00f3 hasta la plaza Gipuzkoa para arroparnos y desde aqu\u00ed queremos darle las gracias.<\/p>\n<figure id=\"attachment_63448\" aria-describedby=\"caption-attachment-63448\" style=\"width: 850px\" class=\"wp-caption alignnone\"><img loading=\"lazy\" decoding=\"async\" class=\"wp-image-63448 size-full\" src=\"https:\/\/www.ospitalarioakfundazioaeuskadi.org\/wp-content\/uploads\/2023\/10\/dia-dano-cerebral-2023-atece.jpg\" alt=\"Un grupo de personas, algunas de ellas en silla de ruedas, delante de una mesa informativa de Atece en la Plaza de Gipuzkoa de San Sebasti\u00e1n\" width=\"850\" height=\"566\" title=\"\" srcset=\"https:\/\/ospitalarioakfundazioaeuskadi.org\/wp-content\/uploads\/2023\/10\/dia-dano-cerebral-2023-atece.jpg 850w, https:\/\/ospitalarioakfundazioaeuskadi.org\/wp-content\/uploads\/2023\/10\/dia-dano-cerebral-2023-atece-425x283.jpg 425w, https:\/\/ospitalarioakfundazioaeuskadi.org\/wp-content\/uploads\/2023\/10\/dia-dano-cerebral-2023-atece-768x511.jpg 768w\" sizes=\"auto, (max-width: 850px) 100vw, 850px\" \/><figcaption id=\"caption-attachment-63448\" class=\"wp-caption-text\">La diputada general de Gipuzkoa, Eider Mendoza (delante del cartel de ATECE) con personas con da\u00f1o cerebral y familiares en la Plaza de Gipuzkoa de San Sebasti\u00e1n.<\/figcaption><\/figure>\n<p>Otro de nuestros centros, el <a href=\"https:\/\/ospitalarioakfundazioaeuskadi.org\/es\/?post_type=centro&#038;p=38712\">Centro de D\u00eda de Da\u00f1o Cerebral de Arrasate-Mondrag\u00f3n<\/a>, que ha estrenado hace unos meses nueva ubicaci\u00f3n en el barrio de Musakola, celebr\u00f3 un campeonato de boccia en el barrio para dar a conocer la realidad de quienes viven con da\u00f1o cerebral adquirido y el deporte adaptado.<\/p>\n<h2>Concierto y lectura del manifiesto<\/h2>\n<p>Por la tarde, junto con el director de Hermanas Hospitalarias Aita Menni,\u00a0<strong>Mikel Tellaeche,<\/strong>\u00a0el director asistencial,\u00a0<b>Jos\u00e9 Luis Gir\u00f3n<\/b>, y la coordinadora del <a href=\"https:\/\/ospitalarioakfundazioaeuskadi.org\/es\/que-hacemos\/neurorrehabilitacion-dano-cerebral\/\">\u00c1rea de Da\u00f1o Cerebral<\/a>,\u00a0<strong>Olatz Uriarte<\/strong>, nos reunimos en la iglesia San Vicente en torno a un concierto coral. El coro de voces mixtas Eresmin Abesbatza nos ofreci\u00f3 una brillante actuaci\u00f3n. El programa incluy\u00f3 obras de\u00a0<strong>Mozart<\/strong>,\u00a0<strong>Gounod<\/strong>,\u00a0<strong>Saint Sa\u00ebns<\/strong>,\u00a0<strong>Aita Donostia<\/strong>,\u00a0<strong>Riezu<\/strong>,\u00a0<strong>Busto<\/strong>\u00a0y\u00a0<strong>Lesbordes<\/strong>. Durante la velada hubo tiempo para que\u00a0<strong>Jos\u00e9 Manuel Amador<\/strong>, presidente de ATECE Gipuzkoa, leyera el\u00a0<a href=\"https:\/\/fedace.org\/manifiesto_dia_dano_cerebral_2023\" target=\"_blank\" rel=\"noopener nofollow\">manifiesto de este a\u00f1o<\/a>\u00a0por el D\u00eda del Da\u00f1o Cerebral.<\/p>\n<p>Esta formaci\u00f3n musical \u2014dirigida hoy por\u00a0<strong>JaimeTejadas<\/strong>\u2014 fue fundada en 1995 por la soprano\u00a0<strong>Nekane Lasarte<\/strong>. En su extensa trayectoria ha cantado en innumerables conciertos y festivales, entre ellos el concierto ofrecido en el a\u00f1o 2020 en la catedral de Burgos.<\/p>\n<p>Hoy en d\u00eda hay dos aspectos importantes que caracterizan al coro Eresmin: uno es su vertiente social, que se va desarrollando mediante conciertos solidarios, cuyo objetivo es recaudar fondos para ayudar a los campamentos de refugiados a trav\u00e9s de la ONG Zaporeak; y, el otro, es su vertiente cultural, abierta a otros pueblos y culturas, con el canto y la m\u00fasica como embajadores de la amistad y solidaridad entre las gentes. La coral tiene la suerte de contar con la colaboraci\u00f3n del organista\u00a0<strong>Periko Alkain<\/strong>. Queremos darles las gracias tambi\u00e9n por su apoyo y por la brillante actuaci\u00f3n que nos ofrecieron.<\/p>\n<h2>El da\u00f1o cerebral adquirido en el Pa\u00eds Vasco<\/h2>\n<p>Alrededor de 20.000 personas en el Pa\u00eds Vasco han sufrido un da\u00f1o cerebral adquirido. La forma m\u00e1s com\u00fan de da\u00f1o cerebral adquirido son los ictus y el traumatismo craneoencef\u00e1lico (TCE), cuya principal causa, a su vez, son los accidentes de tr\u00e1fico, aunque tambi\u00e9n los laborales y deportivos.\u00a0 Las secuelas de un da\u00f1o cerebral son m\u00faltiples y, dependiendo de la gravedad y de la zona afectada, se manifiestan en trastornos de la movilidad, problemas de comunicaci\u00f3n, d\u00e9ficits cognitivos y alteraciones emocionales y de la conducta. Esta combinaci\u00f3n de secuelas imposibilita la realizaci\u00f3n de alguna actividad b\u00e1sica de la vida diaria en un 60% de los casos y supone discapacidad severa en un 45%.<\/p>\n","protected":false},"excerpt":{"rendered":"<div class=\"entry-summary\">\nEl Centro de Da\u00f1o Cerebral Aita Menni de Zuatzu conmemor\u00f3 el D\u00eda del Da\u00f1o Cerebral Adquirido nuevamente junto con ATECE Gipuzkoa. Por la ma\u00f1ana participamos en la mesa informativa, hasta la que se acerc\u00f3 la diputada general, Eider Mendoza; por la tarde, disfrutamos de la magn\u00edfica actuaci\u00f3n en la iglesia de San Vicente del coro Eresmin Abesbatza.\n<\/div>\n<div class=\"link-more\"><a href=\"https:\/\/ospitalarioakfundazioaeuskadi.org\/es\/dia-dano-cerebral-2023\/\" class=\"more-link\">Seguir leyendo<span class=\"screen-reader-text\"> &ldquo;Celebramos con ATECE Gipuzkoa el D\u00eda del Da\u00f1o Cerebral 2023 en Donostia&rdquo;<\/span>&hellip;<\/a><\/div>\n","protected":false},"author":1,"featured_media":63450,"comment_status":"closed","ping_status":"closed","sticky":false,"template":"","format":"standard","meta":{"footnotes":""},"categories":[646,1009],"tags":[],"linea-asistencial":[981],"class_list":["post-63447","post","type-post","status-publish","format-standard","has-post-thumbnail","hentry","category-aita-menni","category-dano-cerebral","linea-asistencial-3-dano-cerebral","entry"],"_links":{"self":[{"href":"https:\/\/ospitalarioakfundazioaeuskadi.org\/es\/wp-json\/wp\/v2\/posts\/63447","targetHints":{"allow":["GET"]}}],"collection":[{"href":"https:\/\/ospitalarioakfundazioaeuskadi.org\/es\/wp-json\/wp\/v2\/posts"}],"about":[{"href":"https:\/\/ospitalarioakfundazioaeuskadi.org\/es\/wp-json\/wp\/v2\/types\/post"}],"author":[{"embeddable":true,"href":"https:\/\/ospitalarioakfundazioaeuskadi.org\/es\/wp-json\/wp\/v2\/users\/1"}],"replies":[{"embeddable":true,"href":"https:\/\/ospitalarioakfundazioaeuskadi.org\/es\/wp-json\/wp\/v2\/comments?post=63447"}],"version-history":[{"count":3,"href":"https:\/\/ospitalarioakfundazioaeuskadi.org\/es\/wp-json\/wp\/v2\/posts\/63447\/revisions"}],"predecessor-version":[{"id":63460,"href":"https:\/\/ospitalarioakfundazioaeuskadi.org\/es\/wp-json\/wp\/v2\/posts\/63447\/revisions\/63460"}],"wp:featuredmedia":[{"embeddable":true,"href":"https:\/\/ospitalarioakfundazioaeuskadi.org\/es\/wp-json\/wp\/v2\/media\/63450"}],"wp:attachment":[{"href":"https:\/\/ospitalarioakfundazioaeuskadi.org\/es\/wp-json\/wp\/v2\/media?parent=63447"}],"wp:term":[{"taxonomy":"category","embeddable":true,"href":"https:\/\/ospitalarioakfundazioaeuskadi.org\/es\/wp-json\/wp\/v2\/categories?post=63447"},{"taxonomy":"post_tag","embeddable":true,"href":"https:\/\/ospitalarioakfundazioaeuskadi.org\/es\/wp-json\/wp\/v2\/tags?post=63447"},{"taxonomy":"linea-asistencial","embeddable":true,"href":"https:\/\/ospitalarioakfundazioaeuskadi.org\/es\/wp-json\/wp\/v2\/linea-asistencial?post=63447"}],"curies":[{"name":"wp","href":"https:\/\/api.w.org\/{rel}","templated":true}]}}